{"id":47118,"date":"2026-04-09T12:04:10","date_gmt":"2026-04-09T10:04:10","guid":{"rendered":"https:\/\/www.polen.travel\/sv\/malta-festival-i-poznan-en-vecka-med-musik-teater-och-kultur-i-hela-staden-2\/"},"modified":"2026-04-09T12:43:21","modified_gmt":"2026-04-09T10:43:21","slug":"festival-for-orgel-och-kammarmusik","status":"publish","type":"post","link":"https:\/\/www.polen.travel\/sv\/festival-for-orgel-och-kammarmusik\/","title":{"rendered":"Festival f\u00f6r orgel- och kammarmusik \u201dPer Artem ad Astra\u201d"},"content":{"rendered":"\n<div style=\"height:30px\" aria-hidden=\"true\" class=\"wp-block-spacer\"><\/div>\n\n\n\n<div class=\"wp-block-group is-style-container\"><div class=\"wp-block-group__inner-container is-layout-constrained wp-block-group-is-layout-constrained\">\n<!-- event -->\n\n\n<div class=\"metrics\">\n  <div class=\"metrics__text\">\n    <h1 class=\"is-style-heading-38 mb20 large-mb30\">Festival f\u00f6r orgel- och kammarmusik \u201dPer Artem ad Astra\u201d<\/h1>\n    <p data-start=\"41\" data-end=\"439\">I augusti 2026 bjuder den polska staden <strong data-start=\"199\" data-end=\"213\">Krasnobr\u00f3d<\/strong> \u00e5terigen in till <strong data-start=\"231\" data-end=\"291\">Festival f\u00f6r orgel- och kammarmusik \u201dPer Artem ad Astra\u201d<\/strong>, ett evenemang som f\u00f6renar klassisk musik, sakral milj\u00f6 och en s\u00e4rskild atmosf\u00e4r av stillhet och eftertanke. Festivalen \u00e4r knuten till Krasnobr\u00f3d och dess musikaliska och religi\u00f6sa traditioner och har under \u00e5ren blivit ett viktigt kulturellt inslag i regionen.<\/p>\n  <\/div>\n  <div class=\"metrics__sidebar\">\n    <div class=\"metrics-box\">\n              <div class=\"metrics-box__title\">Evenemangsuppgifter<\/div>\n        <div class=\"metrics-box__values\">\n        <style> .metrics-box__label:first-letter {text-transform: uppercase;} <\/style>\n              <div class=\"metrics-box__item\">\n      <div class=\"metrics-box__label\">Datum<\/div>\n      <div class=\"metrics-box__value\"><span class=\"no-breaks\">19 augusti 2026<\/span> &#8211; <span class=\"no-breaks\">21 augusti 2026<\/span><\/div>\n    <\/div>\n                <div class=\"metrics-box__item\">\n      <div class=\"metrics-box__label\">Plats<\/div>\n      <div class=\"metrics-box__value\">Krasnobr\u00f3d<\/div>\n    <\/div>\n  \n                                        <div class=\"metrics-box__item\">\n      <div class=\"metrics-box__label\">Entr\u00e9: <\/div>\n      <div class=\"metrics-box__value\">mot avgift<\/div>\n    <\/div>\n                                <\/div>\n                    <div class=\"metrics-box__links\">\n                      <a href=\"https:\/\/perartemadastra.pl\/\" class=\"metrics-box__link external\"\n                                  target=\"_blank\" rel=\"nofollow noopener noreferrer\"\n                            >www<\/a>\n                      <a href=\"https:\/\/www.facebook.com\/pages\/category\/Festival\/Festiwal-Muzyki-Organowej-i-Kameralnej-Per-Artem-ad-Astra-267661010310938\/\" class=\"metrics-box__link external\"\n                                  target=\"_blank\" rel=\"nofollow noopener noreferrer\"\n                            >Facebook<\/a>\n                  <\/div>\n          <\/div>\n  <\/div>\n<\/div>\n<\/div><\/div>\n\n\n\n<div class=\"wp-block-group is-style-container-medium\"><div class=\"wp-block-group__inner-container is-layout-constrained wp-block-group-is-layout-constrained\">\n<div style=\"height:50px\" aria-hidden=\"true\" class=\"wp-block-spacer\"><\/div>\n\n\n\n<h2 class=\"wp-block-heading is-style-heading-24\"><\/h2>\n\n\n\n<div style=\"height:30px\" aria-hidden=\"true\" class=\"wp-block-spacer\"><\/div>\n\n\n\n<p><strong>2026 \u00e5rs upplaga \u00e4ger rum den 19\u201321 augusti 2026 i Krasnobr\u00f3d.<\/strong> P\u00e5 festivalens officiella webbplats framg\u00e5r att evenemanget genomf\u00f6rs under dessa datum, och platsen \u00e4r Sanktuarium Nawiedzenia Naj\u015bwi\u0119tszej Maryi Panny i Krasnobrodzie, d\u00e4r festivalens konserter och orgelrelaterade programpunkter \u00e4r n\u00e4ra f\u00f6rankrade.<br><\/p>\n\n\n\n<div style=\"height:50px\" aria-hidden=\"true\" class=\"wp-block-spacer\"><\/div>\n<\/div><\/div>\n\n\n\n<div class=\"wp-block-group is-style-container-medium\"><div class=\"wp-block-group__inner-container is-layout-constrained wp-block-group-is-layout-constrained\">\n<h2 class=\"wp-block-heading is-style-heading-24\"><\/h2>\n\n\n\n<div style=\"height:30px\" aria-hidden=\"true\" class=\"wp-block-spacer\"><\/div>\n\n\n\n<p>Festivalen arrangeras av <strong>Krasnobrodzki Dom Kultury<\/strong> i samarbete med lokala f\u00f6rsamlingar. Programprofilen kretsar kring <strong>orgelmusik och kammarmusik<\/strong>, och festivalen har \u00e4ven en tydlig koppling till den nationella orgelt\u00e4vlingen f\u00f6r unga musiker, vilket ger evenemanget b\u00e5de konstn\u00e4rlig bredd och en stark pedagogisk dimension. Tidigare upplagor har omfattat konserter med inbjudna artister, kammarmusikaliska framtr\u00e4danden och finalkonserter i festivalens ram.<br><\/p>\n\n\n\n<div style=\"height:30px\" aria-hidden=\"true\" class=\"wp-block-spacer\"><\/div>\n\n\n\n<h2 class=\"wp-block-heading is-style-heading-24\"><\/h2>\n\n\n\n<div style=\"height:30px\" aria-hidden=\"true\" class=\"wp-block-spacer\"><\/div>\n\n\n\n<p>F\u00f6r bes\u00f6karen \u00e4r \u201dPer Artem ad Astra\u201d mer \u00e4n bara en konsertserie. H\u00e4r m\u00f6ts musik och rum p\u00e5 ett s\u00e4tt som skapar en s\u00e4rskild upplevelse, d\u00e4r klangen fr\u00e5n orgeln och den intima kammarmusiken f\u00e5r extra djup i historiska och sakrala milj\u00f6er. Festivalen passar d\u00e4rf\u00f6r b\u00e5de den som har ett stort intresse f\u00f6r klassisk musik och den som vill uppt\u00e4cka en mer stillsam och kulturellt pr\u00e4glad sida av Polen.<\/p>\n<\/div><\/div>\n\n\n\n<div class=\"wp-block-group is-style-container\"><div class=\"wp-block-group__inner-container is-layout-constrained wp-block-group-is-layout-constrained\">\n<div style=\"height:70px\" aria-hidden=\"true\" class=\"wp-block-spacer\"><\/div>\n<\/div><\/div>\n\n\n\n<div class=\"wp-block-group is-style-container\"><div class=\"wp-block-group__inner-container is-layout-constrained wp-block-group-is-layout-constrained\"><\/div><\/div>\n\n\n\n<div style=\"height:70px\" aria-hidden=\"true\" class=\"wp-block-spacer\"><\/div>\n\n\n<!-- EVENT SLIDER current -->\n  <div class=\"overflow\">\n    <div class=\"event-slider swiper event-slider--small\" data-schema=\"small\">\n\n      <div class=\"swiper-wrapper\">\n                  <div class=\"swiper-slide event-slide\">\n              <a href=\"https:\/\/www.polen.travel\/sv\/blommor-och-konst-festivalen-pa-ksiaz-slott\/\" class=\"event-box event-box--small\" style=\"background-image: url(https:\/\/www.polen.travel\/sv\/wp-content\/uploads\/sites\/22\/2026\/03\/DOLNYSLASK-WALBRZYCH-KSIAZ-ZAMEK-FESTIWAL-KWIATOW-8-400x600.jpg);\">\n\n   <!-- #LANG# sv_SE #LANG# -->\n   \n          <div class=\"event-box__hover\" style=\"background-image: url(https:\/\/www.polen.travel\/sv\/wp-content\/uploads\/sites\/22\/2026\/03\/DOLNYSLASK-WALBRZYCH-KSIAZ-ZAMEK-FESTIWAL-KWIATOW-festiwal-40-400x600.jpg);\"><\/div>\n        <div class=\"event-box__info\">\n              <div class=\"event-box__date\">\n\n                  <div class=\"event-box__day-wrapper start-date\">\n            <span class=\"event-box__day\">\n            30            <\/span>\n            <span class=\"event-box__month\">april<\/span>\n          <\/div>\n                <div class=\"event-box__day-wrapper\">\n          <span class=\"event-box__day\">\n          3          <\/span>\n          <span class=\"event-box__month\">maj<\/span>\n        <\/div>\n      <\/div>\n\n\n      <div class=\"event-box__top\">\n        <div class=\"event-box__category\">\n          Wa\u0142brzych        <\/div>\n      <\/div>\n      <div class=\"event-box__title\">Blommor och konst-festivalen p\u00e5 Ksi\u0105\u017c slott<\/div>\n      <div class=\"event-box__more\">Se mer<\/div>\n    <\/div>\n  <\/a>\n\n            <\/div>\n                  <div class=\"swiper-slide event-slide\">\n              <a href=\"https:\/\/www.polen.travel\/sv\/mozartfestivalen-i-warszawa\/\" class=\"event-box event-box--small\" style=\"background-image: url(https:\/\/www.polen.travel\/sv\/wp-content\/uploads\/sites\/22\/2026\/03\/AdobeStock_64381445-1-600x408.jpeg);\">\n\n   <!-- #LANG# sv_SE #LANG# -->\n   \n        <div class=\"event-box__info\">\n              <div class=\"event-box__date\">\n\n                  <div class=\"event-box__day-wrapper start-date\">\n            <span class=\"event-box__day\">\n            7            <\/span>\n            <span class=\"event-box__month\">maj<\/span>\n          <\/div>\n                <div class=\"event-box__day-wrapper\">\n          <span class=\"event-box__day\">\n          5          <\/span>\n          <span class=\"event-box__month\">juli<\/span>\n        <\/div>\n      <\/div>\n\n\n      <div class=\"event-box__top\">\n        <div class=\"event-box__category\">\n          Pl. Zamkowy 4, Warszawa        <\/div>\n      <\/div>\n      <div class=\"event-box__title\">Mozartfestivalen i Warszawa<\/div>\n      <div class=\"event-box__more\">Se mer<\/div>\n    <\/div>\n  <\/a>\n\n            <\/div>\n                  <div class=\"swiper-slide event-slide\">\n              <a href=\"https:\/\/www.polen.travel\/sv\/museernas-natt-i-wroclaw\/\" class=\"event-box event-box--small\" style=\"background-image: url(https:\/\/www.polen.travel\/sv\/wp-content\/uploads\/sites\/22\/2026\/03\/AdobeStock_470730352-600x400.jpeg);\">\n\n   <!-- #LANG# sv_SE #LANG# -->\n   \n          <div class=\"event-box__hover\" style=\"background-image: url(https:\/\/www.polen.travel\/sv\/wp-content\/uploads\/sites\/22\/2026\/03\/AdobeStock_945017123-600x337.jpeg);\"><\/div>\n        <div class=\"event-box__info\">\n              <div class=\"event-box__date\">\n\n                  <div class=\"event-box__day-wrapper start-date\">\n            <span class=\"event-box__day\">\n            16            <\/span>\n            <span class=\"event-box__month\">maj<\/span>\n          <\/div>\n                <div class=\"event-box__day-wrapper\">\n          <span class=\"event-box__day\">\n          17          <\/span>\n          <span class=\"event-box__month\">maj<\/span>\n        <\/div>\n      <\/div>\n\n\n      <div class=\"event-box__top\">\n        <div class=\"event-box__category\">\n          Wroc\u0142aw        <\/div>\n      <\/div>\n      <div class=\"event-box__title\">Museernas natt i Wroc\u0142aw<\/div>\n      <div class=\"event-box__more\">Se mer<\/div>\n    <\/div>\n  <\/a>\n\n            <\/div>\n                  <div class=\"swiper-slide event-slide\">\n              <a href=\"https:\/\/www.polen.travel\/sv\/chopinkonserter-i-warszawas-kungliga-lazienkipark\/\" class=\"event-box event-box--small\" style=\"background-image: url(https:\/\/www.polen.travel\/sv\/wp-content\/uploads\/sites\/22\/2026\/03\/20161019_Lazienki-Koncert-Chopinowski_TB_HR-600x397.jpg);\">\n\n   <!-- #LANG# sv_SE #LANG# -->\n   \n          <div class=\"event-box__hover\" style=\"background-image: url(https:\/\/www.polen.travel\/sv\/wp-content\/uploads\/sites\/22\/2026\/03\/lazienki-krolewsie-warszawa_b7b57815-600x400.jpg);\"><\/div>\n        <div class=\"event-box__info\">\n              <div class=\"event-box__date\">\n\n                  <div class=\"event-box__day-wrapper start-date\">\n            <span class=\"event-box__day\">\n            21            <\/span>\n            <span class=\"event-box__month\">maj<\/span>\n          <\/div>\n                <div class=\"event-box__day-wrapper\">\n          <span class=\"event-box__day\">\n          27          <\/span>\n          <span class=\"event-box__month\">september<\/span>\n        <\/div>\n      <\/div>\n\n\n      <div class=\"event-box__top\">\n        <div class=\"event-box__category\">\n          Kungliga \u0141azienkipark, Warszawa        <\/div>\n      <\/div>\n      <div class=\"event-box__title\">Chopinkonserter i Warszawas kungliga \u0141azienkipark<\/div>\n      <div class=\"event-box__more\">Se mer<\/div>\n    <\/div>\n  <\/a>\n\n            <\/div>\n                  <div class=\"swiper-slide event-slide\">\n              <a href=\"https:\/\/www.polen.travel\/sv\/geofestiwal-i-kielce\/\" class=\"event-box event-box--small\" style=\"background-image: url(https:\/\/www.polen.travel\/sv\/wp-content\/uploads\/sites\/22\/2024\/09\/Geotourims20on20bike20-20Kadzielnia20former20quarry20in20Kielce20commune-1-600x400.jpg);\">\n\n   <!-- #LANG# sv_SE #LANG# -->\n   \n        <div class=\"event-box__info\">\n              <div class=\"event-box__date\">\n\n                  <div class=\"event-box__day-wrapper start-date\">\n            <span class=\"event-box__day\">\n            23            <\/span>\n            <span class=\"event-box__month\">maj<\/span>\n          <\/div>\n                <div class=\"event-box__day-wrapper\">\n          <span class=\"event-box__day\">\n          24          <\/span>\n          <span class=\"event-box__month\">maj<\/span>\n        <\/div>\n      <\/div>\n\n\n      <div class=\"event-box__top\">\n        <div class=\"event-box__category\">\n          Kielce        <\/div>\n      <\/div>\n      <div class=\"event-box__title\">Geofestiwal 2026 i Kielce<\/div>\n      <div class=\"event-box__more\">Se mer<\/div>\n    <\/div>\n  <\/a>\n\n            <\/div>\n                  <div class=\"swiper-slide event-slide\">\n              <a href=\"https:\/\/www.polen.travel\/sv\/internationella-fryderyk-chopin-pianotavlingen\/\" class=\"event-box event-box--small\" style=\"background-image: url(https:\/\/www.polen.travel\/sv\/wp-content\/uploads\/sites\/22\/2026\/03\/20161019_Lazienki-Koncert-Chopinowski_TB_HR-600x397.jpg);\">\n\n   <!-- #LANG# sv_SE #LANG# -->\n   \n          <div class=\"event-box__hover\" style=\"background-image: url(https:\/\/www.polen.travel\/sv\/wp-content\/uploads\/sites\/22\/2026\/03\/lazienki-krolewsie-warszawa_b7b57815-600x400.jpg);\"><\/div>\n        <div class=\"event-box__info\">\n              <div class=\"event-box__date\">\n\n                  <div class=\"event-box__day-wrapper start-date\">\n            <span class=\"event-box__day\">\n            27            <\/span>\n            <span class=\"event-box__month\">maj<\/span>\n          <\/div>\n                <div class=\"event-box__day-wrapper\">\n          <span class=\"event-box__day\">\n          31          <\/span>\n          <span class=\"event-box__month\">maj<\/span>\n        <\/div>\n      <\/div>\n\n\n      <div class=\"event-box__top\">\n        <div class=\"event-box__category\">\n          Szafarnia        <\/div>\n      <\/div>\n      <div class=\"event-box__title\">Internationella Fryderyk Chopin-pianot\u00e4vlingen f\u00f6r barn och ungdom i Szafarnia<\/div>\n      <div class=\"event-box__more\">Se mer<\/div>\n    <\/div>\n  <\/a>\n\n            <\/div>\n                  <div class=\"swiper-slide event-slide\">\n              <a href=\"https:\/\/www.polen.travel\/sv\/internationella-bokmassan-i-warszawa\/\" class=\"event-box event-box--small\" style=\"background-image: url(https:\/\/www.polen.travel\/sv\/wp-content\/uploads\/sites\/22\/2026\/03\/AdobeStock_353928267-600x400.jpeg);\">\n\n   <!-- #LANG# sv_SE #LANG# -->\n   \n          <div class=\"event-box__hover\" style=\"background-image: url(https:\/\/www.polen.travel\/sv\/wp-content\/uploads\/sites\/22\/2026\/03\/AdobeStock_329302792-600x377.jpeg);\"><\/div>\n        <div class=\"event-box__info\">\n              <div class=\"event-box__date\">\n\n                  <div class=\"event-box__day-wrapper start-date\">\n            <span class=\"event-box__day\">\n            28            <\/span>\n            <span class=\"event-box__month\">maj<\/span>\n          <\/div>\n                <div class=\"event-box__day-wrapper\">\n          <span class=\"event-box__day\">\n          31          <\/span>\n          <span class=\"event-box__month\">maj<\/span>\n        <\/div>\n      <\/div>\n\n\n      <div class=\"event-box__top\">\n        <div class=\"event-box__category\">\n          PGE Narodowy, Warszawa        <\/div>\n      <\/div>\n      <div class=\"event-box__title\">Internationella bokm\u00e4ssan i Warszawa<\/div>\n      <div class=\"event-box__more\">Se mer<\/div>\n    <\/div>\n  <\/a>\n\n            <\/div>\n                  <div class=\"swiper-slide event-slide\">\n              <a href=\"https:\/\/www.polen.travel\/sv\/orange-warsaw-festival\/\" class=\"event-box event-box--small\" style=\"background-image: url(https:\/\/www.polen.travel\/sv\/wp-content\/uploads\/sites\/22\/2026\/03\/20161019_Lazienki-Koncert-Chopinowski_TB_HR-600x397.jpg);\">\n\n   <!-- #LANG# sv_SE #LANG# -->\n   \n          <div class=\"event-box__hover\" style=\"background-image: url(https:\/\/www.polen.travel\/sv\/wp-content\/uploads\/sites\/22\/2026\/03\/lazienki-krolewsie-warszawa_b7b57815-600x400.jpg);\"><\/div>\n        <div class=\"event-box__info\">\n              <div class=\"event-box__date\">\n\n                  <div class=\"event-box__day-wrapper start-date\">\n            <span class=\"event-box__day\">\n            29            <\/span>\n            <span class=\"event-box__month\">maj<\/span>\n          <\/div>\n                <div class=\"event-box__day-wrapper\">\n          <span class=\"event-box__day\">\n          30          <\/span>\n          <span class=\"event-box__month\">maj<\/span>\n        <\/div>\n      <\/div>\n\n\n      <div class=\"event-box__top\">\n        <div class=\"event-box__category\">\n          Warszawa        <\/div>\n      <\/div>\n      <div class=\"event-box__title\">Orange Warsaw Festival<\/div>\n      <div class=\"event-box__more\">Se mer<\/div>\n    <\/div>\n  <\/a>\n\n            <\/div>\n                  <div class=\"swiper-slide event-slide\">\n              <a href=\"https:\/\/www.polen.travel\/sv\/vinfestivalen-i-janowiec\/\" class=\"event-box event-box--small\" style=\"background-image: url(https:\/\/www.polen.travel\/sv\/wp-content\/uploads\/sites\/22\/2026\/03\/AdobeStock_465274014-600x433.jpeg);\">\n\n   <!-- #LANG# sv_SE #LANG# -->\n   \n          <div class=\"event-box__hover\" style=\"background-image: url(https:\/\/www.polen.travel\/sv\/wp-content\/uploads\/sites\/22\/2026\/03\/AdobeStock_68203670-600x400.jpeg);\"><\/div>\n        <div class=\"event-box__info\">\n              <div class=\"event-box__date\">\n\n                  <div class=\"event-box__day-wrapper start-date\">\n            <span class=\"event-box__day\">\n            30            <\/span>\n            <span class=\"event-box__month\">maj<\/span>\n          <\/div>\n                <div class=\"event-box__day-wrapper\">\n          <span class=\"event-box__day\">\n          31          <\/span>\n          <span class=\"event-box__month\">maj<\/span>\n        <\/div>\n      <\/div>\n\n\n      <div class=\"event-box__top\">\n        <div class=\"event-box__category\">\n          Janowiec        <\/div>\n      <\/div>\n      <div class=\"event-box__title\">Vinfestivalen i Janowiec<\/div>\n      <div class=\"event-box__more\">Se mer<\/div>\n    <\/div>\n  <\/a>\n\n            <\/div>\n                  <div class=\"swiper-slide event-slide\">\n              <a href=\"https:\/\/www.polen.travel\/sv\/internationella-filmfestivalen-i-krakow\/\" class=\"event-box event-box--small\" style=\"background-image: url(https:\/\/www.polen.travel\/sv\/wp-content\/uploads\/sites\/22\/2026\/03\/AdobeStock_198192911-600x400.jpeg);\">\n\n   <!-- #LANG# sv_SE #LANG# -->\n   \n          <div class=\"event-box__hover\" style=\"background-image: url(https:\/\/www.polen.travel\/sv\/wp-content\/uploads\/sites\/22\/2026\/03\/AdobeStock_300233437-600x400.jpeg);\"><\/div>\n        <div class=\"event-box__info\">\n              <div class=\"event-box__date\">\n\n                  <div class=\"event-box__day-wrapper start-date\">\n            <span class=\"event-box__day\">\n            31            <\/span>\n            <span class=\"event-box__month\">maj<\/span>\n          <\/div>\n                <div class=\"event-box__day-wrapper\">\n          <span class=\"event-box__day\">\n          7          <\/span>\n          <span class=\"event-box__month\">juni<\/span>\n        <\/div>\n      <\/div>\n\n\n      <div class=\"event-box__top\">\n        <div class=\"event-box__category\">\n          Krak\u00f3w        <\/div>\n      <\/div>\n      <div class=\"event-box__title\">Internationella filmfestivalen i Krak\u00f3w<\/div>\n      <div class=\"event-box__more\">Se mer<\/div>\n    <\/div>\n  <\/a>\n\n            <\/div>\n                  <div class=\"swiper-slide event-slide\">\n              <a href=\"https:\/\/www.polen.travel\/sv\/mystic-festival\/\" class=\"event-box event-box--small\" style=\"background-image: url(https:\/\/www.polen.travel\/sv\/wp-content\/uploads\/sites\/22\/2026\/03\/SebastianMitroszonek_Polaris_MysticFestival-600x399.jpg);\">\n\n   <!-- #LANG# sv_SE #LANG# -->\n   \n          <div class=\"event-box__hover\" style=\"background-image: url(https:\/\/www.polen.travel\/sv\/wp-content\/uploads\/sites\/22\/2026\/03\/KamilParzychowski_Elder_MysticFestival-600x400.jpg);\"><\/div>\n        <div class=\"event-box__info\">\n              <div class=\"event-box__date\">\n\n                  <div class=\"event-box__day-wrapper start-date\">\n            <span class=\"event-box__day\">\n            3            <\/span>\n            <span class=\"event-box__month\">juni<\/span>\n          <\/div>\n                <div class=\"event-box__day-wrapper\">\n          <span class=\"event-box__day\">\n          6          <\/span>\n          <span class=\"event-box__month\">juni<\/span>\n        <\/div>\n      <\/div>\n\n\n      <div class=\"event-box__top\">\n        <div class=\"event-box__category\">\n          Gda\u0144sk        <\/div>\n      <\/div>\n      <div class=\"event-box__title\">Mystic Festival<\/div>\n      <div class=\"event-box__more\">Se mer<\/div>\n    <\/div>\n  <\/a>\n\n            <\/div>\n                  <div class=\"swiper-slide event-slide\">\n              <a href=\"https:\/\/www.polen.travel\/sv\/tauron-nowa-muzyka-katowice-2026\/\" class=\"event-box event-box--small\" style=\"background-image: url(https:\/\/www.polen.travel\/sv\/wp-content\/uploads\/sites\/22\/2026\/03\/AdobeStock_167060839-600x400.jpeg);\">\n\n   <!-- #LANG# sv_SE #LANG# -->\n   \n          <div class=\"event-box__hover\" style=\"background-image: url(https:\/\/www.polen.travel\/sv\/wp-content\/uploads\/sites\/22\/2026\/03\/AdobeStock_1919618498-600x400.jpeg);\"><\/div>\n        <div class=\"event-box__info\">\n              <div class=\"event-box__date\">\n\n                  <div class=\"event-box__day-wrapper start-date\">\n            <span class=\"event-box__day\">\n            4            <\/span>\n            <span class=\"event-box__month\">juni<\/span>\n          <\/div>\n                <div class=\"event-box__day-wrapper\">\n          <span class=\"event-box__day\">\n          7          <\/span>\n          <span class=\"event-box__month\">juni<\/span>\n        <\/div>\n      <\/div>\n\n\n      <div class=\"event-box__top\">\n        <div class=\"event-box__category\">\n          Katowice        <\/div>\n      <\/div>\n      <div class=\"event-box__title\">Tauron Nowa Muzyka Festival 2026 i Katowice<\/div>\n      <div class=\"event-box__more\">Se mer<\/div>\n    <\/div>\n  <\/a>\n\n            <\/div>\n                  <div class=\"swiper-slide event-slide\">\n              <a href=\"https:\/\/www.polen.travel\/sv\/museernas-natt-i-lublin\/\" class=\"event-box event-box--small\" style=\"background-image: url(https:\/\/www.polen.travel\/sv\/wp-content\/uploads\/sites\/22\/2025\/01\/8941_Lublin_Karnawal_Sztukmistrzow-600x400.jpg);\">\n\n   <!-- #LANG# sv_SE #LANG# -->\n   \n          <div class=\"event-box__hover\" style=\"background-image: url(https:\/\/www.polen.travel\/sv\/wp-content\/uploads\/sites\/22\/2024\/09\/lublin_carnaval_sztukmistrzow_1170-1-600x400.jpg);\"><\/div>\n        <div class=\"event-box__info\">\n              <div class=\"event-box__date\">\n\n                  <div class=\"event-box__day-wrapper start-date\">\n            <span class=\"event-box__day\">\n            6            <\/span>\n            <span class=\"event-box__month\">juni<\/span>\n          <\/div>\n                <div class=\"event-box__day-wrapper\">\n          <span class=\"event-box__day\">\n          7          <\/span>\n          <span class=\"event-box__month\">juni<\/span>\n        <\/div>\n      <\/div>\n\n\n      <div class=\"event-box__top\">\n        <div class=\"event-box__category\">\n          Stare Miasto (gamla stan), Lublin        <\/div>\n      <\/div>\n      <div class=\"event-box__title\">Kulturnatten i Lublin<\/div>\n      <div class=\"event-box__more\">Se mer<\/div>\n    <\/div>\n  <\/a>\n\n            <\/div>\n                  <div class=\"swiper-slide event-slide\">\n              <a href=\"https:\/\/www.polen.travel\/sv\/lajkonik-krakow-2026\/\" class=\"event-box event-box--small\" style=\"background-image: url(https:\/\/www.polen.travel\/sv\/wp-content\/uploads\/sites\/22\/2026\/03\/Krakow_Lajkonik_TP_18560_20130214-400x600.jpg);\">\n\n   <!-- #LANG# sv_SE #LANG# -->\n   \n          <div class=\"event-box__hover\" style=\"background-image: url(https:\/\/www.polen.travel\/sv\/wp-content\/uploads\/sites\/22\/2026\/03\/Krakow_Lajkonik_TP_18560_20130214-400x600.jpg);\"><\/div>\n        <div class=\"event-box__info\">\n              <div class=\"event-box__date\">\n\n                <div class=\"event-box__day-wrapper\">\n          <span class=\"event-box__day\">\n          11          <\/span>\n          <span class=\"event-box__month\">juni<\/span>\n        <\/div>\n      <\/div>\n\n\n      <div class=\"event-box__top\">\n        <div class=\"event-box__category\">\n          Krak\u00f3w        <\/div>\n      <\/div>\n      <div class=\"event-box__title\">Lajkonik i Krak\u00f3w 2026<\/div>\n      <div class=\"event-box__more\">Se mer<\/div>\n    <\/div>\n  <\/a>\n\n            <\/div>\n                  <div class=\"swiper-slide event-slide\">\n              <a href=\"https:\/\/www.polen.travel\/sv\/belagringen-av-zamosc-fastningen\/\" class=\"event-box event-box--small\" style=\"background-image: url(https:\/\/www.polen.travel\/sv\/wp-content\/uploads\/sites\/22\/2026\/03\/AdobeStock_251735795_zamosc-600x399.jpg);\">\n\n   <!-- #LANG# sv_SE #LANG# -->\n   \n          <div class=\"event-box__hover\" style=\"background-image: url(https:\/\/www.polen.travel\/sv\/wp-content\/uploads\/sites\/22\/2026\/03\/AdobeStock_251735820-600x399.jpeg);\"><\/div>\n        <div class=\"event-box__info\">\n              <div class=\"event-box__date\">\n\n                  <div class=\"event-box__day-wrapper start-date\">\n            <span class=\"event-box__day\">\n            12            <\/span>\n            <span class=\"event-box__month\">juni<\/span>\n          <\/div>\n                <div class=\"event-box__day-wrapper\">\n          <span class=\"event-box__day\">\n          14          <\/span>\n          <span class=\"event-box__month\">juni<\/span>\n        <\/div>\n      <\/div>\n\n\n      <div class=\"event-box__top\">\n        <div class=\"event-box__category\">\n          Zamo\u015b\u0107        <\/div>\n      <\/div>\n      <div class=\"event-box__title\">Bel\u00e4gringen av Zamo\u015b\u0107-f\u00e4stningen (A.D. 1656)<\/div>\n      <div class=\"event-box__more\">Se mer<\/div>\n    <\/div>\n  <\/a>\n\n            <\/div>\n                  <div class=\"swiper-slide event-slide\">\n              <a href=\"https:\/\/www.polen.travel\/sv\/industriarvsfestival-i-schlesien\/\" class=\"event-box event-box--small\" style=\"background-image: url(https:\/\/www.polen.travel\/sv\/wp-content\/uploads\/sites\/22\/2026\/03\/AdobeStock_209640002-600x346.jpeg);\">\n\n   <!-- #LANG# sv_SE #LANG# -->\n   \n          <div class=\"event-box__hover\" style=\"background-image: url(https:\/\/www.polen.travel\/sv\/wp-content\/uploads\/sites\/22\/2026\/03\/AdobeStock_209640002-600x346.jpeg);\"><\/div>\n        <div class=\"event-box__info\">\n              <div class=\"event-box__date\">\n\n                  <div class=\"event-box__day-wrapper start-date\">\n            <span class=\"event-box__day\">\n            13            <\/span>\n            <span class=\"event-box__month\">juni<\/span>\n          <\/div>\n                <div class=\"event-box__day-wrapper\">\n          <span class=\"event-box__day\">\n          14          <\/span>\n          <span class=\"event-box__month\">juni<\/span>\n        <\/div>\n      <\/div>\n\n\n      <div class=\"event-box__top\">\n        <div class=\"event-box__category\">\n          Schlesien        <\/div>\n      <\/div>\n      <div class=\"event-box__title\">Industriada<\/div>\n      <div class=\"event-box__more\">Se mer<\/div>\n    <\/div>\n  <\/a>\n\n            <\/div>\n                  <div class=\"swiper-slide event-slide\">\n              <a href=\"https:\/\/www.polen.travel\/sv\/good-beer-festival-wroclaw-2026\/\" class=\"event-box event-box--small\" style=\"background-image: url(https:\/\/www.polen.travel\/sv\/wp-content\/uploads\/sites\/22\/2026\/03\/WFDP_na_stadionie_Tarczynski_Arena-11-600x400.jpg);\">\n\n   <!-- #LANG# sv_SE #LANG# -->\n   \n          <div class=\"event-box__hover\" style=\"background-image: url(https:\/\/www.polen.travel\/sv\/wp-content\/uploads\/sites\/22\/2026\/03\/WFDP_na_stadionie_Tarczynski_Arena-8-600x400.jpeg);\"><\/div>\n        <div class=\"event-box__info\">\n              <div class=\"event-box__date\">\n\n                  <div class=\"event-box__day-wrapper start-date\">\n            <span class=\"event-box__day\">\n            19            <\/span>\n            <span class=\"event-box__month\">juni<\/span>\n          <\/div>\n                <div class=\"event-box__day-wrapper\">\n          <span class=\"event-box__day\">\n          21          <\/span>\n          <span class=\"event-box__month\">juni<\/span>\n        <\/div>\n      <\/div>\n\n\n      <div class=\"event-box__top\">\n        <div class=\"event-box__category\">\n          al. \u015al\u0105ska 1, Wroc\u0142aw        <\/div>\n      <\/div>\n      <div class=\"event-box__title\">Good Beer Festival i Wroc\u0142aw 2026<\/div>\n      <div class=\"event-box__more\">Se mer<\/div>\n    <\/div>\n  <\/a>\n\n            <\/div>\n                  <div class=\"swiper-slide event-slide\">\n              <a href=\"https:\/\/www.polen.travel\/sv\/pyrkon-i-poznan\/\" class=\"event-box event-box--small\" style=\"background-image: url(https:\/\/www.polen.travel\/sv\/wp-content\/uploads\/sites\/22\/2024\/09\/pyrkon20fot20jakub20pindych_1200x-600x400.jpg);\">\n\n   <!-- #LANG# sv_SE #LANG# -->\n   \n          <div class=\"event-box__hover\" style=\"background-image: url(https:\/\/www.polen.travel\/sv\/wp-content\/uploads\/sites\/22\/2024\/09\/Pyrkon20fot20Jakub20Pindych-1-600x400.jpg);\"><\/div>\n        <div class=\"event-box__info\">\n              <div class=\"event-box__date\">\n\n                  <div class=\"event-box__day-wrapper start-date\">\n            <span class=\"event-box__day\">\n            19            <\/span>\n            <span class=\"event-box__month\">juni<\/span>\n          <\/div>\n                <div class=\"event-box__day-wrapper\">\n          <span class=\"event-box__day\">\n          21          <\/span>\n          <span class=\"event-box__month\">juni<\/span>\n        <\/div>\n      <\/div>\n\n\n      <div class=\"event-box__top\">\n        <div class=\"event-box__category\">\n          G\u0142ogowska 14, Pozna\u0144        <\/div>\n      <\/div>\n      <div class=\"event-box__title\">Pyrkon i Pozna\u0144 \u2013 en av Europas st\u00f6rsta fantasyfestivaler<\/div>\n      <div class=\"event-box__more\">Se mer<\/div>\n    <\/div>\n  <\/a>\n\n            <\/div>\n                  <div class=\"swiper-slide event-slide\">\n              <a href=\"https:\/\/www.polen.travel\/sv\/antidotum-airshow-leszno-2026\/\" class=\"event-box event-box--small\" style=\"background-image: url(https:\/\/www.polen.travel\/sv\/wp-content\/uploads\/sites\/22\/2026\/03\/org_NTJHI-600x518.jpg);\">\n\n   <!-- #LANG# sv_SE #LANG# -->\n   \n          <div class=\"event-box__hover\" style=\"background-image: url(https:\/\/www.polen.travel\/sv\/wp-content\/uploads\/sites\/22\/2026\/03\/org_NQJWK-600x400.jpg);\"><\/div>\n        <div class=\"event-box__info\">\n              <div class=\"event-box__date\">\n\n                  <div class=\"event-box__day-wrapper start-date\">\n            <span class=\"event-box__day\">\n            19            <\/span>\n            <span class=\"event-box__month\">juni<\/span>\n          <\/div>\n                <div class=\"event-box__day-wrapper\">\n          <span class=\"event-box__day\">\n          20          <\/span>\n          <span class=\"event-box__month\">juni<\/span>\n        <\/div>\n      <\/div>\n\n\n      <div class=\"event-box__top\">\n        <div class=\"event-box__category\">\n          Leszno flygf\u00e4lt        <\/div>\n      <\/div>\n      <div class=\"event-box__title\">ANTIDOTUM Airshow Leszno 2026<\/div>\n      <div class=\"event-box__more\">Se mer<\/div>\n    <\/div>\n  <\/a>\n\n            <\/div>\n                  <div class=\"swiper-slide event-slide\">\n              <a href=\"https:\/\/www.polen.travel\/sv\/wianki-krakow\/\" class=\"event-box event-box--small\" style=\"background-image: url(https:\/\/www.polen.travel\/sv\/wp-content\/uploads\/sites\/22\/2026\/03\/10379735_772661536119229_8683121156122922686_o-600x400.jpg);\">\n\n   <!-- #LANG# sv_SE #LANG# -->\n   \n          <div class=\"event-box__hover\" style=\"background-image: url(https:\/\/www.polen.travel\/sv\/wp-content\/uploads\/sites\/22\/2026\/03\/10295909_772661512785898_8458340910782922658_o-600x400.jpg);\"><\/div>\n        <div class=\"event-box__info\">\n              <div class=\"event-box__date\">\n\n                  <div class=\"event-box__day-wrapper start-date\">\n            <span class=\"event-box__day\">\n            20            <\/span>\n            <span class=\"event-box__month\">juni<\/span>\n          <\/div>\n                <div class=\"event-box__day-wrapper\">\n          <span class=\"event-box__day\">\n          21          <\/span>\n          <span class=\"event-box__month\">juni<\/span>\n        <\/div>\n      <\/div>\n\n\n      <div class=\"event-box__top\">\n        <div class=\"event-box__category\">\n          Krak\u00f3w        <\/div>\n      <\/div>\n      <div class=\"event-box__title\">Midsommarfirande &#8211; Wianki i Krak\u00f3w 2026<\/div>\n      <div class=\"event-box__more\">Se mer<\/div>\n    <\/div>\n  <\/a>\n\n            <\/div>\n                  <div class=\"swiper-slide event-slide\">\n              <a href=\"https:\/\/www.polen.travel\/sv\/malta-festival-i-poznan\/\" class=\"event-box event-box--small\" style=\"background-image: url(https:\/\/www.polen.travel\/sv\/wp-content\/uploads\/sites\/22\/2026\/03\/27.06.25-Bandakadabra-19.00-Rynek-fot.-Krzysztof-Wesolowski-2-600x400.jpg);\">\n\n   <!-- #LANG# sv_SE #LANG# -->\n   \n          <div class=\"event-box__hover\" style=\"background-image: url(https:\/\/www.polen.travel\/sv\/wp-content\/uploads\/sites\/22\/2026\/03\/24.06.-manifest_Dominika_Kulczyk_fot.Ewelina_Kaminska-600x400.jpg);\"><\/div>\n        <div class=\"event-box__info\">\n              <div class=\"event-box__date\">\n\n                  <div class=\"event-box__day-wrapper start-date\">\n            <span class=\"event-box__day\">\n            21            <\/span>\n            <span class=\"event-box__month\">juni<\/span>\n          <\/div>\n                <div class=\"event-box__day-wrapper\">\n          <span class=\"event-box__day\">\n          28          <\/span>\n          <span class=\"event-box__month\">juni<\/span>\n        <\/div>\n      <\/div>\n\n\n      <div class=\"event-box__top\">\n        <div class=\"event-box__category\">\n          Pozna\u0144        <\/div>\n      <\/div>\n      <div class=\"event-box__title\">Malta Festival i Pozna\u0144 \u2013 en vecka med musik, teater och kultur i hela staden<\/div>\n      <div class=\"event-box__more\">Se mer<\/div>\n    <\/div>\n  <\/a>\n\n            <\/div>\n                  <div class=\"swiper-slide event-slide\">\n              <a href=\"https:\/\/www.polen.travel\/sv\/malta-festival-i-poznan-en-vecka-med-musik-teater-och-kultur-i-hela-staden\/\" class=\"event-box event-box--small\" style=\"background-image: url(https:\/\/www.polen.travel\/sv\/wp-content\/uploads\/sites\/22\/2026\/03\/27.06.25-Bandakadabra-19.00-Rynek-fot.-Krzysztof-Wesolowski-2-600x400.jpg);\">\n\n   <!-- #LANG# sv_SE #LANG# -->\n   \n          <div class=\"event-box__hover\" style=\"background-image: url(https:\/\/www.polen.travel\/sv\/wp-content\/uploads\/sites\/22\/2026\/03\/24.06.-manifest_Dominika_Kulczyk_fot.Ewelina_Kaminska-600x400.jpg);\"><\/div>\n        <div class=\"event-box__info\">\n              <div class=\"event-box__date\">\n\n                  <div class=\"event-box__day-wrapper start-date\">\n            <span class=\"event-box__day\">\n            21            <\/span>\n            <span class=\"event-box__month\">juni<\/span>\n          <\/div>\n                <div class=\"event-box__day-wrapper\">\n          <span class=\"event-box__day\">\n          28          <\/span>\n          <span class=\"event-box__month\">juni<\/span>\n        <\/div>\n      <\/div>\n\n\n      <div class=\"event-box__top\">\n        <div class=\"event-box__category\">\n          Pozna\u0144        <\/div>\n      <\/div>\n      <div class=\"event-box__title\">Malta Festival i Pozna\u0144 \u2013 en vecka med musik, teater och kultur i hela staden<\/div>\n      <div class=\"event-box__more\">Se mer<\/div>\n    <\/div>\n  <\/a>\n\n            <\/div>\n                  <div class=\"swiper-slide event-slide\">\n              <a href=\"https:\/\/www.polen.travel\/sv\/judiska-kulturfestivalen-simcha\/\" class=\"event-box event-box--small\" style=\"background-image: url(https:\/\/www.polen.travel\/sv\/wp-content\/uploads\/sites\/22\/2026\/03\/AdobeStock_1169332998-600x400.jpeg);\">\n\n   <!-- #LANG# sv_SE #LANG# -->\n   \n          <div class=\"event-box__hover\" style=\"background-image: url(https:\/\/www.polen.travel\/sv\/wp-content\/uploads\/sites\/22\/2026\/03\/AdobeStock_157308527-600x399.jpeg);\"><\/div>\n        <div class=\"event-box__info\">\n              <div class=\"event-box__date\">\n\n                  <div class=\"event-box__day-wrapper start-date\">\n            <span class=\"event-box__day\">\n            27            <\/span>\n            <span class=\"event-box__month\">juni<\/span>\n          <\/div>\n                <div class=\"event-box__day-wrapper\">\n          <span class=\"event-box__day\">\n          3          <\/span>\n          <span class=\"event-box__month\">juli<\/span>\n        <\/div>\n      <\/div>\n\n\n      <div class=\"event-box__top\">\n        <div class=\"event-box__category\">\n          Wroc\u0142aw        <\/div>\n      <\/div>\n      <div class=\"event-box__title\">Judiska kulturfestivalen SIMCHA<\/div>\n      <div class=\"event-box__more\">Se mer<\/div>\n    <\/div>\n  <\/a>\n\n            <\/div>\n                  <div class=\"swiper-slide event-slide\">\n              <a href=\"https:\/\/www.polen.travel\/sv\/warszawa-sommarjazzdagar-festival-2026\/\" class=\"event-box event-box--small\" style=\"background-image: url(https:\/\/www.polen.travel\/sv\/wp-content\/uploads\/sites\/22\/2026\/03\/AdobeStock_224106260-1-600x338.jpeg);\">\n\n   <!-- #LANG# sv_SE #LANG# -->\n   \n          <div class=\"event-box__hover\" style=\"background-image: url(https:\/\/www.polen.travel\/sv\/wp-content\/uploads\/sites\/22\/2026\/03\/AdobeStock_309492578-600x346.jpeg);\"><\/div>\n        <div class=\"event-box__info\">\n              <div class=\"event-box__date\">\n\n                  <div class=\"event-box__day-wrapper start-date\">\n            <span class=\"event-box__day\">\n            30            <\/span>\n            <span class=\"event-box__month\">juni<\/span>\n          <\/div>\n                <div class=\"event-box__day-wrapper\">\n          <span class=\"event-box__day\">\n          5          <\/span>\n          <span class=\"event-box__month\">juli<\/span>\n        <\/div>\n      <\/div>\n\n\n      <div class=\"event-box__top\">\n        <div class=\"event-box__category\">\n          Warszawa        <\/div>\n      <\/div>\n      <div class=\"event-box__title\">Warszawa Sommarjazzdagar Festival 2026<\/div>\n      <div class=\"event-box__more\">Se mer<\/div>\n    <\/div>\n  <\/a>\n\n            <\/div>\n                  <div class=\"swiper-slide event-slide\">\n              <a href=\"https:\/\/www.polen.travel\/sv\/internationell-festival-for-gatuteatrar-i-krakow\/\" class=\"event-box event-box--small\" style=\"background-image: url(https:\/\/www.polen.travel\/sv\/wp-content\/uploads\/sites\/22\/2026\/03\/AdobeStock_299299942-600x400.jpeg);\">\n\n   <!-- #LANG# sv_SE #LANG# -->\n   \n          <div class=\"event-box__hover\" style=\"background-image: url(https:\/\/www.polen.travel\/sv\/wp-content\/uploads\/sites\/22\/2026\/03\/AdobeStock_293289492-600x400.jpeg);\"><\/div>\n        <div class=\"event-box__info\">\n              <div class=\"event-box__date\">\n\n                  <div class=\"event-box__day-wrapper start-date\">\n            <span class=\"event-box__day\">\n            30            <\/span>\n            <span class=\"event-box__month\">juni<\/span>\n          <\/div>\n                <div class=\"event-box__day-wrapper\">\n          <span class=\"event-box__day\">\n          5          <\/span>\n          <span class=\"event-box__month\">juli<\/span>\n        <\/div>\n      <\/div>\n\n\n      <div class=\"event-box__top\">\n        <div class=\"event-box__category\">\n          Rynek G\u0142\u00f3wny och Plac Szczepa\u0144ski        <\/div>\n      <\/div>\n      <div class=\"event-box__title\">Internationell Festival f\u00f6r Gatuteatrar i Krak\u00f3w<\/div>\n      <div class=\"event-box__more\">Se mer<\/div>\n    <\/div>\n  <\/a>\n\n            <\/div>\n                  <div class=\"swiper-slide event-slide\">\n              <a href=\"https:\/\/www.polen.travel\/sv\/judiska-kulturfestivalen-i-krakow\/\" class=\"event-box event-box--small\" style=\"background-image: url(https:\/\/www.polen.travel\/sv\/wp-content\/uploads\/sites\/22\/2026\/03\/7202_Krak_Kazimierz_Fest_Kult_Zydowskiej_KK_HR-600x400.jpg);\">\n\n   <!-- #LANG# sv_SE #LANG# -->\n   \n        <div class=\"event-box__info\">\n              <div class=\"event-box__date\">\n\n                  <div class=\"event-box__day-wrapper start-date\">\n            <span class=\"event-box__day\">\n            1            <\/span>\n            <span class=\"event-box__month\">juli<\/span>\n          <\/div>\n                <div class=\"event-box__day-wrapper\">\n          <span class=\"event-box__day\">\n          5          <\/span>\n          <span class=\"event-box__month\">juli<\/span>\n        <\/div>\n      <\/div>\n\n\n      <div class=\"event-box__top\">\n        <div class=\"event-box__category\">\n          Krak\u00f3w        <\/div>\n      <\/div>\n      <div class=\"event-box__title\">Judiska kulturfestivalen i Krak\u00f3w<\/div>\n      <div class=\"event-box__more\">Se mer<\/div>\n    <\/div>\n  <\/a>\n\n            <\/div>\n                  <div class=\"swiper-slide event-slide\">\n              <a href=\"https:\/\/www.polen.travel\/sv\/the-opener-festival-gdynia-2026\/\" class=\"event-box event-box--small\" style=\"background-image: url(https:\/\/www.polen.travel\/sv\/wp-content\/uploads\/sites\/22\/2025\/06\/opener-festival-600x399.jpg);\">\n\n   <!-- #LANG# sv_SE #LANG# -->\n   \n          <div class=\"event-box__hover\" style=\"background-image: url(https:\/\/www.polen.travel\/sv\/wp-content\/uploads\/sites\/22\/2025\/06\/Opener-Festival-Gdynia-2-600x450.jpg);\"><\/div>\n        <div class=\"event-box__info\">\n              <div class=\"event-box__date\">\n\n                  <div class=\"event-box__day-wrapper start-date\">\n            <span class=\"event-box__day\">\n            1            <\/span>\n            <span class=\"event-box__month\">juli<\/span>\n          <\/div>\n                <div class=\"event-box__day-wrapper\">\n          <span class=\"event-box__day\">\n          4          <\/span>\n          <span class=\"event-box__month\">juli<\/span>\n        <\/div>\n      <\/div>\n\n\n      <div class=\"event-box__top\">\n        <div class=\"event-box__category\">\n          Gdynia        <\/div>\n      <\/div>\n      <div class=\"event-box__title\">The Open\u2019er Festival i Gdynia 2026<\/div>\n      <div class=\"event-box__more\">Se mer<\/div>\n    <\/div>\n  <\/a>\n\n            <\/div>\n                  <div class=\"swiper-slide event-slide\">\n              <a href=\"https:\/\/www.polen.travel\/sv\/oster-om-kultur-olika-ljud-lublin-2026\/\" class=\"event-box event-box--small\" style=\"background-image: url(https:\/\/www.polen.travel\/sv\/wp-content\/uploads\/sites\/22\/2026\/03\/AdobeStock_182664163-600x337.jpeg);\">\n\n   <!-- #LANG# sv_SE #LANG# -->\n   \n          <div class=\"event-box__hover\" style=\"background-image: url(https:\/\/www.polen.travel\/sv\/wp-content\/uploads\/sites\/22\/2026\/03\/AdobeStock_332826253-600x400.jpeg);\"><\/div>\n        <div class=\"event-box__info\">\n              <div class=\"event-box__date\">\n\n                  <div class=\"event-box__day-wrapper start-date\">\n            <span class=\"event-box__day\">\n            2            <\/span>\n            <span class=\"event-box__month\">juli<\/span>\n          <\/div>\n                <div class=\"event-box__day-wrapper\">\n          <span class=\"event-box__day\">\n          5          <\/span>\n          <span class=\"event-box__month\">juli<\/span>\n        <\/div>\n      <\/div>\n\n\n      <div class=\"event-box__top\">\n        <div class=\"event-box__category\">\n          Lublin        <\/div>\n      <\/div>\n      <div class=\"event-box__title\">\u00d6ster om Kultur \u2013 Olika Ljud i Lublin 2026<\/div>\n      <div class=\"event-box__more\">Se mer<\/div>\n    <\/div>\n  <\/a>\n\n            <\/div>\n                  <div class=\"swiper-slide event-slide\">\n              <a href=\"https:\/\/www.polen.travel\/sv\/rock-na-bagnie-goniadz-2026\/\" class=\"event-box event-box--small\" style=\"background-image: url(https:\/\/www.polen.travel\/sv\/wp-content\/uploads\/sites\/22\/2026\/03\/545001630_32108433768756048_489842462586397624_n-600x400.jpg);\">\n\n   <!-- #LANG# sv_SE #LANG# -->\n   \n          <div class=\"event-box__hover\" style=\"background-image: url(https:\/\/www.polen.travel\/sv\/wp-content\/uploads\/sites\/22\/2026\/03\/545570334_32108435612089197_5309649624878284235_n-600x400.jpg);\"><\/div>\n        <div class=\"event-box__info\">\n              <div class=\"event-box__date\">\n\n                  <div class=\"event-box__day-wrapper start-date\">\n            <span class=\"event-box__day\">\n            3            <\/span>\n            <span class=\"event-box__month\">juli<\/span>\n          <\/div>\n                <div class=\"event-box__day-wrapper\">\n          <span class=\"event-box__day\">\n          4          <\/span>\n          <span class=\"event-box__month\">juli<\/span>\n        <\/div>\n      <\/div>\n\n\n      <div class=\"event-box__top\">\n        <div class=\"event-box__category\">\n          Goni\u0105dz        <\/div>\n      <\/div>\n      <div class=\"event-box__title\">Rock na Bagnie 2026 i Goni\u0105dz<\/div>\n      <div class=\"event-box__more\">Se mer<\/div>\n    <\/div>\n  <\/a>\n\n            <\/div>\n                  <div class=\"swiper-slide event-slide\">\n              <a href=\"https:\/\/www.polen.travel\/sv\/suwalki-blues-festival-2026\/\" class=\"event-box event-box--small\" style=\"background-image: url(https:\/\/www.polen.travel\/sv\/wp-content\/uploads\/sites\/22\/2026\/03\/AdobeStock_269603532-600x437.jpeg);\">\n\n   <!-- #LANG# sv_SE #LANG# -->\n   \n          <div class=\"event-box__hover\" style=\"background-image: url(https:\/\/www.polen.travel\/sv\/wp-content\/uploads\/sites\/22\/2026\/03\/AdobeStock_309492578-600x346.jpeg);\"><\/div>\n        <div class=\"event-box__info\">\n              <div class=\"event-box__date\">\n\n                  <div class=\"event-box__day-wrapper start-date\">\n            <span class=\"event-box__day\">\n            9            <\/span>\n            <span class=\"event-box__month\">juli<\/span>\n          <\/div>\n                <div class=\"event-box__day-wrapper\">\n          <span class=\"event-box__day\">\n          11          <\/span>\n          <span class=\"event-box__month\">juli<\/span>\n        <\/div>\n      <\/div>\n\n\n      <div class=\"event-box__top\">\n        <div class=\"event-box__category\">\n          Suwa\u0142ki        <\/div>\n      <\/div>\n      <div class=\"event-box__title\">Suwa\u0142ki Blues Festival 2026<\/div>\n      <div class=\"event-box__more\">Se mer<\/div>\n    <\/div>\n  <\/a>\n\n            <\/div>\n                  <div class=\"swiper-slide event-slide\">\n              <a href=\"https:\/\/www.polen.travel\/sv\/grunwald-2026-slaget-vid-grunwald\/\" class=\"event-box event-box--small\" style=\"background-image: url(https:\/\/www.polen.travel\/sv\/wp-content\/uploads\/sites\/22\/2026\/03\/AdobeStock_121240040-600x399.jpeg);\">\n\n   <!-- #LANG# sv_SE #LANG# -->\n   \n          <div class=\"event-box__hover\" style=\"background-image: url(https:\/\/www.polen.travel\/sv\/wp-content\/uploads\/sites\/22\/2026\/03\/AdobeStock_121240028-600x355.jpeg);\"><\/div>\n        <div class=\"event-box__info\">\n              <div class=\"event-box__date\">\n\n                  <div class=\"event-box__day-wrapper start-date\">\n            <span class=\"event-box__day\">\n            9            <\/span>\n            <span class=\"event-box__month\">juli<\/span>\n          <\/div>\n                <div class=\"event-box__day-wrapper\">\n          <span class=\"event-box__day\">\n          12          <\/span>\n          <span class=\"event-box__month\">juli<\/span>\n        <\/div>\n      <\/div>\n\n\n      <div class=\"event-box__top\">\n        <div class=\"event-box__category\">\n          Grunwald        <\/div>\n      <\/div>\n      <div class=\"event-box__title\">\u00c5terskapande av slaget vid Grunwald 2026<\/div>\n      <div class=\"event-box__more\">Se mer<\/div>\n    <\/div>\n  <\/a>\n\n            <\/div>\n                  <div class=\"swiper-slide event-slide\">\n              <a href=\"https:\/\/www.polen.travel\/sv\/audioriver-festival\/\" class=\"event-box event-box--small\" style=\"background-image: url(https:\/\/www.polen.travel\/sv\/wp-content\/uploads\/sites\/22\/2026\/03\/AdobeStock_67486433-600x399.jpeg);\">\n\n   <!-- #LANG# sv_SE #LANG# -->\n   \n          <div class=\"event-box__hover\" style=\"background-image: url(https:\/\/www.polen.travel\/sv\/wp-content\/uploads\/sites\/22\/2026\/03\/AdobeStock_142515887-600x400.jpeg);\"><\/div>\n        <div class=\"event-box__info\">\n              <div class=\"event-box__date\">\n\n                  <div class=\"event-box__day-wrapper start-date\">\n            <span class=\"event-box__day\">\n            10            <\/span>\n            <span class=\"event-box__month\">juli<\/span>\n          <\/div>\n                <div class=\"event-box__day-wrapper\">\n          <span class=\"event-box__day\">\n          12          <\/span>\n          <span class=\"event-box__month\">juli<\/span>\n        <\/div>\n      <\/div>\n\n\n      <div class=\"event-box__top\">\n        <div class=\"event-box__category\">\n          \u0141\u00f3dzkie B\u0142onia, \u0141\u00f3d\u017a        <\/div>\n      <\/div>\n      <div class=\"event-box__title\">Audioriver Festival 2026<\/div>\n      <div class=\"event-box__more\">Se mer<\/div>\n    <\/div>\n  <\/a>\n\n            <\/div>\n                  <div class=\"swiper-slide event-slide\">\n              <a href=\"https:\/\/www.polen.travel\/sv\/kazimierz-vinfestivalen-2026\/\" class=\"event-box event-box--small\" style=\"background-image: url(https:\/\/www.polen.travel\/sv\/wp-content\/uploads\/sites\/22\/2026\/03\/AdobeStock_628531375-600x400.jpeg);\">\n\n   <!-- #LANG# sv_SE #LANG# -->\n   \n          <div class=\"event-box__hover\" style=\"background-image: url(https:\/\/www.polen.travel\/sv\/wp-content\/uploads\/sites\/22\/2026\/03\/AdobeStock_644533023-600x400.jpeg);\"><\/div>\n        <div class=\"event-box__info\">\n              <div class=\"event-box__date\">\n\n                  <div class=\"event-box__day-wrapper start-date\">\n            <span class=\"event-box__day\">\n            10            <\/span>\n            <span class=\"event-box__month\">juli<\/span>\n          <\/div>\n                <div class=\"event-box__day-wrapper\">\n          <span class=\"event-box__day\">\n          12          <\/span>\n          <span class=\"event-box__month\">juli<\/span>\n        <\/div>\n      <\/div>\n\n\n      <div class=\"event-box__top\">\n        <div class=\"event-box__category\">\n          Kazimierz Dolny        <\/div>\n      <\/div>\n      <div class=\"event-box__title\">Kazimierz Vinfestivalen 2026 i Kazimierz Dolny<\/div>\n      <div class=\"event-box__more\">Se mer<\/div>\n    <\/div>\n  <\/a>\n\n            <\/div>\n                  <div class=\"swiper-slide event-slide\">\n              <a href=\"https:\/\/www.polen.travel\/sv\/castle-party-2026-bolkow\/\" class=\"event-box event-box--small\" style=\"background-image: url(https:\/\/www.polen.travel\/sv\/wp-content\/uploads\/sites\/22\/2026\/03\/AdobeStock_233218546-600x401.jpeg);\">\n\n   <!-- #LANG# sv_SE #LANG# -->\n   \n          <div class=\"event-box__hover\" style=\"background-image: url(https:\/\/www.polen.travel\/sv\/wp-content\/uploads\/sites\/22\/2026\/03\/AdobeStock_324044559-600x400.jpeg);\"><\/div>\n        <div class=\"event-box__info\">\n              <div class=\"event-box__date\">\n\n                  <div class=\"event-box__day-wrapper start-date\">\n            <span class=\"event-box__day\">\n            16            <\/span>\n            <span class=\"event-box__month\">juli<\/span>\n          <\/div>\n                <div class=\"event-box__day-wrapper\">\n          <span class=\"event-box__day\">\n          19          <\/span>\n          <span class=\"event-box__month\">juli<\/span>\n        <\/div>\n      <\/div>\n\n\n      <div class=\"event-box__top\">\n        <div class=\"event-box__category\">\n          Bolk\u00f3w        <\/div>\n      <\/div>\n      <div class=\"event-box__title\">Slottsfestfestivalen Castle Party 2026 i Bolk\u00f3w<\/div>\n      <div class=\"event-box__more\">Se mer<\/div>\n    <\/div>\n  <\/a>\n\n            <\/div>\n                  <div class=\"swiper-slide event-slide\">\n              <a href=\"https:\/\/www.polen.travel\/sv\/lublin-jazz-festival\/\" class=\"event-box event-box--small\" style=\"background-image: url(https:\/\/www.polen.travel\/sv\/wp-content\/uploads\/sites\/22\/2026\/03\/AdobeStock_293862822-600x400.jpeg);\">\n\n   <!-- #LANG# sv_SE #LANG# -->\n   \n          <div class=\"event-box__hover\" style=\"background-image: url(https:\/\/www.polen.travel\/sv\/wp-content\/uploads\/sites\/22\/2026\/03\/AdobeStock_369168782-600x400.jpeg);\"><\/div>\n        <div class=\"event-box__info\">\n              <div class=\"event-box__date\">\n\n                  <div class=\"event-box__day-wrapper start-date\">\n            <span class=\"event-box__day\">\n            16            <\/span>\n            <span class=\"event-box__month\">juli<\/span>\n          <\/div>\n                <div class=\"event-box__day-wrapper\">\n          <span class=\"event-box__day\">\n          20          <\/span>\n          <span class=\"event-box__month\">juli<\/span>\n        <\/div>\n      <\/div>\n\n\n      <div class=\"event-box__top\">\n        <div class=\"event-box__category\">\n          Lublin        <\/div>\n      <\/div>\n      <div class=\"event-box__title\">Lublin Jazz Festival<\/div>\n      <div class=\"event-box__more\">Se mer<\/div>\n    <\/div>\n  <\/a>\n\n            <\/div>\n                  <div class=\"swiper-slide event-slide\">\n              <a href=\"https:\/\/www.polen.travel\/sv\/wrosound-festivalen\/\" class=\"event-box event-box--small\" style=\"background-image: url(https:\/\/www.polen.travel\/sv\/wp-content\/uploads\/sites\/22\/2026\/03\/AdobeStock_233218546-600x401.jpeg);\">\n\n   <!-- #LANG# sv_SE #LANG# -->\n   \n          <div class=\"event-box__hover\" style=\"background-image: url(https:\/\/www.polen.travel\/sv\/wp-content\/uploads\/sites\/22\/2026\/03\/AdobeStock_324044559-600x400.jpeg);\"><\/div>\n        <div class=\"event-box__info\">\n              <div class=\"event-box__date\">\n\n                  <div class=\"event-box__day-wrapper start-date\">\n            <span class=\"event-box__day\">\n            17            <\/span>\n            <span class=\"event-box__month\">juli<\/span>\n          <\/div>\n                <div class=\"event-box__day-wrapper\">\n          <span class=\"event-box__day\">\n          18          <\/span>\n          <span class=\"event-box__month\">juli<\/span>\n        <\/div>\n      <\/div>\n\n\n      <div class=\"event-box__top\">\n        <div class=\"event-box__category\">\n          Wroc\u0142aw        <\/div>\n      <\/div>\n      <div class=\"event-box__title\">WROsound-festivalen 2026 i Wroc\u0142aw<\/div>\n      <div class=\"event-box__more\">Se mer<\/div>\n    <\/div>\n  <\/a>\n\n            <\/div>\n                  <div class=\"swiper-slide event-slide\">\n              <a href=\"https:\/\/www.polen.travel\/sv\/shakespearefestivalen-i-gdansk\/\" class=\"event-box event-box--small\" style=\"background-image: url(https:\/\/www.polen.travel\/sv\/wp-content\/uploads\/sites\/22\/2026\/03\/Pomorskie-Gdansk-Shakespeare-theatre-copy.-Pomorskie-Tourist-Board_00061-fot.-Rafal-Malko-_2734-600x400.jpg);\">\n\n   <!-- #LANG# sv_SE #LANG# -->\n   \n          <div class=\"event-box__hover\" style=\"background-image: url(https:\/\/www.polen.travel\/sv\/wp-content\/uploads\/sites\/22\/2026\/03\/Pomorskie-Gdansk-Shakespeare-theatre-copy.-Pomorskie-Tourist-Board_00061-fot.-Rafal-Malko-_2734-600x400.jpg);\"><\/div>\n        <div class=\"event-box__info\">\n              <div class=\"event-box__date\">\n\n                  <div class=\"event-box__day-wrapper start-date\">\n            <span class=\"event-box__day\">\n            23            <\/span>\n            <span class=\"event-box__month\">juli<\/span>\n          <\/div>\n                <div class=\"event-box__day-wrapper\">\n          <span class=\"event-box__day\">\n          2          <\/span>\n          <span class=\"event-box__month\">augusti<\/span>\n        <\/div>\n      <\/div>\n\n\n      <div class=\"event-box__top\">\n        <div class=\"event-box__category\">\n          Gda\u0144sk        <\/div>\n      <\/div>\n      <div class=\"event-box__title\">Shakespearefestivalen<\/div>\n      <div class=\"event-box__more\">Se mer<\/div>\n    <\/div>\n  <\/a>\n\n            <\/div>\n                  <div class=\"swiper-slide event-slide\">\n              <a href=\"https:\/\/www.polen.travel\/sv\/ostroda-reggae-festival\/\" class=\"event-box event-box--small\" style=\"background-image: url(https:\/\/www.polen.travel\/sv\/wp-content\/uploads\/sites\/22\/2026\/03\/AdobeStock_166394194-600x400.jpeg);\">\n\n   <!-- #LANG# sv_SE #LANG# -->\n   \n          <div class=\"event-box__hover\" style=\"background-image: url(https:\/\/www.polen.travel\/sv\/wp-content\/uploads\/sites\/22\/2026\/03\/AdobeStock_265983728-600x400.jpeg);\"><\/div>\n        <div class=\"event-box__info\">\n              <div class=\"event-box__date\">\n\n                  <div class=\"event-box__day-wrapper start-date\">\n            <span class=\"event-box__day\">\n            23            <\/span>\n            <span class=\"event-box__month\">juli<\/span>\n          <\/div>\n                <div class=\"event-box__day-wrapper\">\n          <span class=\"event-box__day\">\n          26          <\/span>\n          <span class=\"event-box__month\">juli<\/span>\n        <\/div>\n      <\/div>\n\n\n      <div class=\"event-box__top\">\n        <div class=\"event-box__category\">\n          Ostr\u00f3da        <\/div>\n      <\/div>\n      <div class=\"event-box__title\">Ostr\u00f3da Reggaefestivalen<\/div>\n      <div class=\"event-box__more\">Se mer<\/div>\n    <\/div>\n  <\/a>\n\n            <\/div>\n                  <div class=\"swiper-slide event-slide\">\n              <a href=\"https:\/\/www.polen.travel\/sv\/sztukmistrzarfestivalen-i-lublin\/\" class=\"event-box event-box--small\" style=\"background-image: url(https:\/\/www.polen.travel\/sv\/wp-content\/uploads\/sites\/22\/2022\/12\/lublin_carnaval_sztukmistrzow_1170-1-600x400.jpg);\">\n\n   <!-- #LANG# sv_SE #LANG# -->\n   \n          <div class=\"event-box__hover\" style=\"background-image: url(https:\/\/www.polen.travel\/sv\/wp-content\/uploads\/sites\/22\/2024\/09\/lublin_carnaval_sztukmistrzow_1170-600x400.jpg);\"><\/div>\n        <div class=\"event-box__info\">\n              <div class=\"event-box__date\">\n\n                  <div class=\"event-box__day-wrapper start-date\">\n            <span class=\"event-box__day\">\n            23            <\/span>\n            <span class=\"event-box__month\">juli<\/span>\n          <\/div>\n                <div class=\"event-box__day-wrapper\">\n          <span class=\"event-box__day\">\n          26          <\/span>\n          <span class=\"event-box__month\">juli<\/span>\n        <\/div>\n      <\/div>\n\n\n      <div class=\"event-box__top\">\n        <div class=\"event-box__category\">\n          Lublin        <\/div>\n      <\/div>\n      <div class=\"event-box__title\">Sztukmistrzarfestivalen i Lublin<\/div>\n      <div class=\"event-box__more\">Se mer<\/div>\n    <\/div>\n  <\/a>\n\n            <\/div>\n                  <div class=\"swiper-slide event-slide\">\n              <a href=\"https:\/\/www.polen.travel\/sv\/lodz-sommarfestival\/\" class=\"event-box event-box--small\" style=\"background-image: url(https:\/\/www.polen.travel\/sv\/wp-content\/uploads\/sites\/22\/2026\/03\/AdobeStock_166872827-600x344.jpeg);\">\n\n   <!-- #LANG# sv_SE #LANG# -->\n   \n          <div class=\"event-box__hover\" style=\"background-image: url(https:\/\/www.polen.travel\/sv\/wp-content\/uploads\/sites\/22\/2026\/03\/AdobeStock_219579266-600x400.jpeg);\"><\/div>\n        <div class=\"event-box__info\">\n              <div class=\"event-box__date\">\n\n                  <div class=\"event-box__day-wrapper start-date\">\n            <span class=\"event-box__day\">\n            24            <\/span>\n            <span class=\"event-box__month\">juli<\/span>\n          <\/div>\n                <div class=\"event-box__day-wrapper\">\n          <span class=\"event-box__day\">\n          26          <\/span>\n          <span class=\"event-box__month\">juli<\/span>\n        <\/div>\n      <\/div>\n\n\n      <div class=\"event-box__top\">\n        <div class=\"event-box__category\">\n          B\u0142onia \u0141\u00f3dzkie, \u0141\u00f3d\u017a        <\/div>\n      <\/div>\n      <div class=\"event-box__title\">\u0141\u00f3d\u017a sommarfestival<\/div>\n      <div class=\"event-box__more\">Se mer<\/div>\n    <\/div>\n  <\/a>\n\n            <\/div>\n                  <div class=\"swiper-slide event-slide\">\n              <a href=\"https:\/\/www.polen.travel\/sv\/picknick-country-i-mragowo\/\" class=\"event-box event-box--small\" style=\"background-image: url(https:\/\/www.polen.travel\/sv\/wp-content\/uploads\/sites\/22\/2026\/03\/AdobeStock_233218546-600x401.jpeg);\">\n\n   <!-- #LANG# sv_SE #LANG# -->\n   \n          <div class=\"event-box__hover\" style=\"background-image: url(https:\/\/www.polen.travel\/sv\/wp-content\/uploads\/sites\/22\/2026\/03\/AdobeStock_324044559-600x400.jpeg);\"><\/div>\n        <div class=\"event-box__info\">\n              <div class=\"event-box__date\">\n\n                  <div class=\"event-box__day-wrapper start-date\">\n            <span class=\"event-box__day\">\n            24            <\/span>\n            <span class=\"event-box__month\">juli<\/span>\n          <\/div>\n                <div class=\"event-box__day-wrapper\">\n          <span class=\"event-box__day\">\n          25          <\/span>\n          <span class=\"event-box__month\">juli<\/span>\n        <\/div>\n      <\/div>\n\n\n      <div class=\"event-box__top\">\n        <div class=\"event-box__category\">\n          Mr\u0105gowo, amfiteatern vid sj\u00f6n Czos        <\/div>\n      <\/div>\n      <div class=\"event-box__title\">Picknick Country i Mr\u0105gowo<\/div>\n      <div class=\"event-box__more\">Se mer<\/div>\n    <\/div>\n  <\/a>\n\n            <\/div>\n                  <div class=\"swiper-slide event-slide\">\n              <a href=\"https:\/\/www.polen.travel\/sv\/film-och-konstfestivalen-two-riversides\/\" class=\"event-box event-box--small\" style=\"background-image: url(https:\/\/www.polen.travel\/sv\/wp-content\/uploads\/sites\/22\/2026\/03\/AdobeStock_1753428307-600x400.jpeg);\">\n\n   <!-- #LANG# sv_SE #LANG# -->\n   \n          <div class=\"event-box__hover\" style=\"background-image: url(https:\/\/www.polen.travel\/sv\/wp-content\/uploads\/sites\/22\/2026\/03\/AdobeStock_122711231-600x400.jpeg);\"><\/div>\n        <div class=\"event-box__info\">\n              <div class=\"event-box__date\">\n\n                  <div class=\"event-box__day-wrapper start-date\">\n            <span class=\"event-box__day\">\n            24            <\/span>\n            <span class=\"event-box__month\">juli<\/span>\n          <\/div>\n                <div class=\"event-box__day-wrapper\">\n          <span class=\"event-box__day\">\n          25          <\/span>\n          <span class=\"event-box__month\">juli<\/span>\n        <\/div>\n      <\/div>\n\n\n      <div class=\"event-box__top\">\n        <div class=\"event-box__category\">\n          Kazimierz Dolny och Janowiec        <\/div>\n      <\/div>\n      <div class=\"event-box__title\">Film- och konstfestivalen Two Riversides<\/div>\n      <div class=\"event-box__more\">Se mer<\/div>\n    <\/div>\n  <\/a>\n\n            <\/div>\n                  <div class=\"swiper-slide event-slide\">\n              <a href=\"https:\/\/www.polen.travel\/sv\/st-dominikus-marknad-i-gdansk\/\" class=\"event-box event-box--small\" style=\"background-image: url(https:\/\/www.polen.travel\/sv\/wp-content\/uploads\/sites\/22\/2025\/01\/DominikanskiFair3.Foto-Amber-Expo-600x400.jpg);\">\n\n   <!-- #LANG# sv_SE #LANG# -->\n   \n          <div class=\"event-box__hover\" style=\"background-image: url(https:\/\/www.polen.travel\/sv\/wp-content\/uploads\/sites\/22\/2023\/08\/jarmark-sw-dominika3-600x349.jpg);\"><\/div>\n        <div class=\"event-box__info\">\n              <div class=\"event-box__date\">\n\n                  <div class=\"event-box__day-wrapper start-date\">\n            <span class=\"event-box__day\">\n            25            <\/span>\n            <span class=\"event-box__month\">juli<\/span>\n          <\/div>\n                <div class=\"event-box__day-wrapper\">\n          <span class=\"event-box__day\">\n          16          <\/span>\n          <span class=\"event-box__month\">augusti<\/span>\n        <\/div>\n      <\/div>\n\n\n      <div class=\"event-box__top\">\n        <div class=\"event-box__category\">\n          Gda\u0144sk        <\/div>\n      <\/div>\n      <div class=\"event-box__title\">S:t Dominikus marknad i Gda\u0144sk<\/div>\n      <div class=\"event-box__more\">Se mer<\/div>\n    <\/div>\n  <\/a>\n\n            <\/div>\n                  <div class=\"swiper-slide event-slide\">\n              <a href=\"https:\/\/www.polen.travel\/sv\/polandrock-festival\/\" class=\"event-box event-box--small\" style=\"background-image: url(https:\/\/www.polen.travel\/sv\/wp-content\/uploads\/sites\/22\/2026\/03\/52_31PnR2025_grafika_podglad-600x480.jpg);\">\n\n   <!-- #LANG# sv_SE #LANG# -->\n   \n          <div class=\"event-box__hover\" style=\"background-image: url(https:\/\/www.polen.travel\/sv\/wp-content\/uploads\/sites\/22\/2026\/03\/52_31PnR2025_grafika_podglad-600x480.jpg);\"><\/div>\n        <div class=\"event-box__info\">\n              <div class=\"event-box__date\">\n\n                  <div class=\"event-box__day-wrapper start-date\">\n            <span class=\"event-box__day\">\n            30            <\/span>\n            <span class=\"event-box__month\">juli<\/span>\n          <\/div>\n                <div class=\"event-box__day-wrapper\">\n          <span class=\"event-box__day\">\n          1          <\/span>\n          <span class=\"event-box__month\">augusti<\/span>\n        <\/div>\n      <\/div>\n\n\n      <div class=\"event-box__top\">\n        <div class=\"event-box__category\">\n          Czaplinek-Broczyno flygf\u00e4lt i V\u00e4stpommern.        <\/div>\n      <\/div>\n      <div class=\"event-box__title\">Pol&#8217;and&#8217;Rock Festival 2026<\/div>\n      <div class=\"event-box__more\">Se mer<\/div>\n    <\/div>\n  <\/a>\n\n            <\/div>\n                  <div class=\"swiper-slide event-slide\">\n              <a href=\"https:\/\/www.polen.travel\/sv\/upplev-slaviska-och-vikingafestivalen-i-wolin\/\" class=\"event-box event-box--small\" style=\"background-image: url(https:\/\/www.polen.travel\/sv\/wp-content\/uploads\/sites\/22\/2026\/03\/AdobeStock_426172900-600x399.jpeg);\">\n\n   <!-- #LANG# sv_SE #LANG# -->\n   \n          <div class=\"event-box__hover\" style=\"background-image: url(https:\/\/www.polen.travel\/sv\/wp-content\/uploads\/sites\/22\/2026\/03\/AdobeStock_1456411995-1-600x450.jpeg);\"><\/div>\n        <div class=\"event-box__info\">\n                  <div class=\"event-box__date\" style=\"margin-right:45px;font-size: 1.1rem;padding: 6px 12px;margin-bottom: 8px;gap:6px\"><span style=\"font-size: 1.4rem;\">*<\/span><span>prelimin\u00e4rt datum<\/span><\/div>\n              <div class=\"event-box__date\">\n\n                  <div class=\"event-box__day-wrapper start-date\">\n            <span class=\"event-box__day\">\n            1            <\/span>\n            <span class=\"event-box__month\">augusti<\/span>\n          <\/div>\n                <div class=\"event-box__day-wrapper\">\n          <span class=\"event-box__day\">\n          2          <\/span>\n          <span class=\"event-box__month\">augusti<\/span>\n        <\/div>\n      <\/div>\n\n\n      <div class=\"event-box__top\">\n        <div class=\"event-box__category\">\n          Wolin        <\/div>\n      <\/div>\n      <div class=\"event-box__title\">Slaviska- och vikingafestivalen i Wolin<\/div>\n      <div class=\"event-box__more\">Se mer<\/div>\n    <\/div>\n  <\/a>\n\n            <\/div>\n                  <div class=\"swiper-slide event-slide\">\n              <a href=\"https:\/\/www.polen.travel\/sv\/ballongcupen-i-polen-i-naleczow\/\" class=\"event-box event-box--small\" style=\"background-image: url(https:\/\/www.polen.travel\/sv\/wp-content\/uploads\/sites\/22\/2026\/03\/AdobeStock_250800163-600x400.jpeg);\">\n\n   <!-- #LANG# sv_SE #LANG# -->\n   \n          <div class=\"event-box__hover\" style=\"background-image: url(https:\/\/www.polen.travel\/sv\/wp-content\/uploads\/sites\/22\/2026\/03\/AdobeStock_250799363-600x400.jpeg);\"><\/div>\n        <div class=\"event-box__info\">\n              <div class=\"event-box__date\">\n\n                  <div class=\"event-box__day-wrapper start-date\">\n            <span class=\"event-box__day\">\n            5            <\/span>\n            <span class=\"event-box__month\">augusti<\/span>\n          <\/div>\n                <div class=\"event-box__day-wrapper\">\n          <span class=\"event-box__day\">\n          8          <\/span>\n          <span class=\"event-box__month\">augusti<\/span>\n        <\/div>\n      <\/div>\n\n\n      <div class=\"event-box__top\">\n        <div class=\"event-box__category\">\n          Na\u0142\u0119cz\u00f3w        <\/div>\n      <\/div>\n      <div class=\"event-box__title\">Ballongcupen i Polen i Na\u0142\u0119cz\u00f3w<\/div>\n      <div class=\"event-box__more\">Se mer<\/div>\n    <\/div>\n  <\/a>\n\n            <\/div>\n                  <div class=\"swiper-slide event-slide\">\n              <a href=\"https:\/\/www.polen.travel\/sv\/off-festival-2026-i-katowice\/\" class=\"event-box event-box--small\" style=\"background-image: url(https:\/\/www.polen.travel\/sv\/wp-content\/uploads\/sites\/22\/2026\/03\/AdobeStock_91251491-600x401.jpeg);\">\n\n   <!-- #LANG# sv_SE #LANG# -->\n   \n          <div class=\"event-box__hover\" style=\"background-image: url(https:\/\/www.polen.travel\/sv\/wp-content\/uploads\/sites\/22\/2026\/03\/AdobeStock_227617977-600x316.jpeg);\"><\/div>\n        <div class=\"event-box__info\">\n              <div class=\"event-box__date\">\n\n                  <div class=\"event-box__day-wrapper start-date\">\n            <span class=\"event-box__day\">\n            7            <\/span>\n            <span class=\"event-box__month\">augusti<\/span>\n          <\/div>\n                <div class=\"event-box__day-wrapper\">\n          <span class=\"event-box__day\">\n          9          <\/span>\n          <span class=\"event-box__month\">augusti<\/span>\n        <\/div>\n      <\/div>\n\n\n      <div class=\"event-box__top\">\n        <div class=\"event-box__category\">\n          Katowice        <\/div>\n      <\/div>\n      <div class=\"event-box__title\">OFF Festival 2026 i Katowice<\/div>\n      <div class=\"event-box__more\">Se mer<\/div>\n    <\/div>\n  <\/a>\n\n            <\/div>\n                  <div class=\"swiper-slide event-slide\">\n              <a href=\"https:\/\/www.polen.travel\/sv\/chopinfestivalen-i-duszniki-zdroj-2026\/\" class=\"event-box event-box--small\" style=\"background-image: url(https:\/\/www.polen.travel\/sv\/wp-content\/uploads\/sites\/22\/2026\/03\/AdobeStock_495174277-600x509.jpeg);\">\n\n   <!-- #LANG# sv_SE #LANG# -->\n   \n          <div class=\"event-box__hover\" style=\"background-image: url(https:\/\/www.polen.travel\/sv\/wp-content\/uploads\/sites\/22\/2026\/03\/AdobeStock_270923389-600x401.jpeg);\"><\/div>\n        <div class=\"event-box__info\">\n              <div class=\"event-box__date\">\n\n                  <div class=\"event-box__day-wrapper start-date\">\n            <span class=\"event-box__day\">\n            7            <\/span>\n            <span class=\"event-box__month\">augusti<\/span>\n          <\/div>\n                <div class=\"event-box__day-wrapper\">\n          <span class=\"event-box__day\">\n          15          <\/span>\n          <span class=\"event-box__month\">augusti<\/span>\n        <\/div>\n      <\/div>\n\n\n      <div class=\"event-box__top\">\n        <div class=\"event-box__category\">\n          Duszniki-Zdr\u00f3j        <\/div>\n      <\/div>\n      <div class=\"event-box__title\">Chopinfestivalen i Duszniki-Zdr\u00f3j 2026<\/div>\n      <div class=\"event-box__more\">Se mer<\/div>\n    <\/div>\n  <\/a>\n\n            <\/div>\n                  <div class=\"swiper-slide event-slide\">\n              <a href=\"https:\/\/www.polen.travel\/sv\/polska-nationella-arabiska-hastutstallningen\/\" class=\"event-box event-box--small\" style=\"background-image: url(https:\/\/www.polen.travel\/sv\/wp-content\/uploads\/sites\/22\/2026\/03\/AdobeStock_599630426-600x399.jpeg);\">\n\n   <!-- #LANG# sv_SE #LANG# -->\n   \n          <div class=\"event-box__hover\" style=\"background-image: url(https:\/\/www.polen.travel\/sv\/wp-content\/uploads\/sites\/22\/2026\/03\/AdobeStock_563382007-600x334.jpeg);\"><\/div>\n        <div class=\"event-box__info\">\n              <div class=\"event-box__date\">\n\n                  <div class=\"event-box__day-wrapper start-date\">\n            <span class=\"event-box__day\">\n            7            <\/span>\n            <span class=\"event-box__month\">augusti<\/span>\n          <\/div>\n                <div class=\"event-box__day-wrapper\">\n          <span class=\"event-box__day\">\n          10          <\/span>\n          <span class=\"event-box__month\">augusti<\/span>\n        <\/div>\n      <\/div>\n\n\n      <div class=\"event-box__top\">\n        <div class=\"event-box__category\">\n          Jan\u00f3w Podlaski        <\/div>\n      <\/div>\n      <div class=\"event-box__title\">Polska nationella arabiska h\u00e4stutst\u00e4llningen 2026<\/div>\n      <div class=\"event-box__more\">Se mer<\/div>\n    <\/div>\n  <\/a>\n\n            <\/div>\n                  <div class=\"swiper-slide event-slide\">\n              <a href=\"https:\/\/www.polen.travel\/sv\/forum-musicum-2026\/\" class=\"event-box event-box--small\" style=\"background-image: url(https:\/\/www.polen.travel\/sv\/wp-content\/uploads\/sites\/22\/2026\/03\/AdobeStock_363783697-600x400.jpeg);\">\n\n   <!-- #LANG# sv_SE #LANG# -->\n   \n          <div class=\"event-box__hover\" style=\"background-image: url(https:\/\/www.polen.travel\/sv\/wp-content\/uploads\/sites\/22\/2026\/03\/AdobeStock_363783697-600x400.jpeg);\"><\/div>\n        <div class=\"event-box__info\">\n                  <div class=\"event-box__date\" style=\"margin-right:45px;font-size: 1.1rem;padding: 6px 12px;margin-bottom: 8px;gap:6px\"><span style=\"font-size: 1.4rem;\">*<\/span><span>prelimin\u00e4rt datum<\/span><\/div>\n              <div class=\"event-box__date\">\n\n                  <div class=\"event-box__day-wrapper start-date\">\n            <span class=\"event-box__day\">\n            8            <\/span>\n            <span class=\"event-box__month\">augusti<\/span>\n          <\/div>\n                <div class=\"event-box__day-wrapper\">\n          <span class=\"event-box__day\">\n          25          <\/span>\n          <span class=\"event-box__month\">augusti<\/span>\n        <\/div>\n      <\/div>\n\n\n      <div class=\"event-box__top\">\n        <div class=\"event-box__category\">\n          Wroc\u0142aw        <\/div>\n      <\/div>\n      <div class=\"event-box__title\">Forum Musicum 2026 i Wroc\u0142aw<\/div>\n      <div class=\"event-box__more\">Se mer<\/div>\n    <\/div>\n  <\/a>\n\n            <\/div>\n              <\/div>\n      <div class=\"event-slider__pagination\"><\/div>\n    <\/div>\n  <\/div>\n\n\n\n<div style=\"height:100px\" aria-hidden=\"true\" class=\"wp-block-spacer\"><\/div>\n\n\n\n<div class=\"wp-block-columns is-layout-flex wp-container-core-columns-is-layout-9d6595d7 wp-block-columns-is-layout-flex\">\n<div class=\"wp-block-column is-layout-flow wp-block-column-is-layout-flow\"><\/div>\n\n\n\n<div class=\"wp-block-column is-layout-flow wp-block-column-is-layout-flow\">\n<div class=\"wp-block-group is-content-justification-center is-nowrap is-layout-flex wp-container-core-group-is-layout-94bc23d7 wp-block-group-is-layout-flex\">\n<div class=\"\">\n  <a href=\"https:\/\/www.polen.travel\/sv\/hitta-ditt-evenemang\/\"\n     class=\"btn btn--blue-border\"\n    >\n    Se flera  <\/a>\n<\/div>\n<\/div>\n<\/div>\n\n\n\n<div class=\"wp-block-column is-layout-flow wp-block-column-is-layout-flow\"><\/div>\n<\/div>\n\n\n\n<div style=\"height:100px\" aria-hidden=\"true\" class=\"wp-block-spacer\"><\/div>\n","protected":false},"excerpt":{"rendered":"<p>2026 \u00e5rs upplaga \u00e4ger rum den 19\u201321 augusti 2026 i Krasnobr\u00f3d. P\u00e5 festivalens officiella webbplats framg\u00e5r att evenemanget genomf\u00f6rs under dessa datum, och platsen \u00e4r Sanktuarium Nawiedzenia Naj\u015bwi\u0119tszej Maryi Panny i Krasnobrodzie, d\u00e4r festivalens konserter och orgelrelaterade programpunkter \u00e4r n\u00e4ra f\u00f6rankrade. Festivalen arrangeras av Krasnobrodzki Dom Kultury i samarbete med lokala f\u00f6rsamlingar. Programprofilen kretsar kring [&hellip;]<\/p>\n","protected":false},"author":32,"featured_media":47122,"comment_status":"open","ping_status":"open","sticky":false,"template":"","format":"standard","meta":{"_acf_changed":false,"footnotes":""},"categories":[1351],"tags":[],"class_list":["post-47118","post","type-post","status-publish","format-standard","has-post-thumbnail","hentry","category-evenemang-i-polen"],"acf":[],"yoast_head":"<!-- This site is optimized with the Yoast SEO plugin v27.4 - https:\/\/yoast.com\/product\/yoast-seo-wordpress\/ -->\n<title>Festival f\u00f6r orgel- och kammarmusik \u201dPer Artem ad Astra\u201d - Polen Travel (SV)<\/title>\n<meta name=\"description\" content=\"Upplev festivalen Per Artem ad Astra i Krasnobr\u00f3d 19\u201321 augusti 2026 \u2013 orgelmusik, kammarmusik och st\u00e4mningsfulla konserter i Polen.\" \/>\n<meta name=\"robots\" content=\"index, follow, max-snippet:-1, max-image-preview:large, max-video-preview:-1\" \/>\n<link rel=\"canonical\" href=\"https:\/\/www.polen.travel\/sv\/festival-for-orgel-och-kammarmusik\/\" \/>\n<meta property=\"og:locale\" content=\"sv_SE\" \/>\n<meta property=\"og:type\" content=\"article\" \/>\n<meta property=\"og:title\" content=\"Festival f\u00f6r orgel- och kammarmusik \u201dPer Artem ad Astra\u201d - Polen Travel (SV)\" \/>\n<meta property=\"og:description\" content=\"Upplev festivalen Per Artem ad Astra i Krasnobr\u00f3d 19\u201321 augusti 2026 \u2013 orgelmusik, kammarmusik och st\u00e4mningsfulla konserter i Polen.\" \/>\n<meta property=\"og:url\" content=\"https:\/\/www.polen.travel\/sv\/festival-for-orgel-och-kammarmusik\/\" \/>\n<meta property=\"og:site_name\" content=\"Polen Travel (SV)\" \/>\n<meta property=\"article:published_time\" content=\"2026-04-09T10:04:10+00:00\" \/>\n<meta property=\"article:modified_time\" content=\"2026-04-09T10:43:21+00:00\" \/>\n<meta property=\"og:image\" content=\"https:\/\/www.polen.travel\/sv\/wp-content\/uploads\/sites\/22\/2026\/04\/AdobeStock_35122151-scaled.jpeg\" \/>\n\t<meta property=\"og:image:width\" content=\"2560\" \/>\n\t<meta property=\"og:image:height\" content=\"1707\" \/>\n\t<meta property=\"og:image:type\" content=\"image\/jpeg\" \/>\n<meta name=\"author\" content=\"dariusz.cydejko\" \/>\n<meta name=\"twitter:card\" content=\"summary_large_image\" \/>\n<meta name=\"twitter:label1\" content=\"Skriven av\" \/>\n\t<meta name=\"twitter:data1\" content=\"dariusz.cydejko\" \/>\n\t<meta name=\"twitter:label2\" content=\"Ber\u00e4knad l\u00e4stid\" \/>\n\t<meta name=\"twitter:data2\" content=\"2 minuter\" \/>\n<script type=\"application\/ld+json\" class=\"yoast-schema-graph\">{\"@context\":\"https:\\\/\\\/schema.org\",\"@graph\":[{\"@type\":\"Article\",\"@id\":\"https:\\\/\\\/www.polen.travel\\\/sv\\\/festival-for-orgel-och-kammarmusik\\\/#article\",\"isPartOf\":{\"@id\":\"https:\\\/\\\/www.polen.travel\\\/sv\\\/festival-for-orgel-och-kammarmusik\\\/\"},\"author\":{\"name\":\"dariusz.cydejko\",\"@id\":\"https:\\\/\\\/wp-sv.poland.travel\\\/#\\\/schema\\\/person\\\/7fe4c43e180a5b9a796a55ee131a0f2a\"},\"headline\":\"Festival f\u00f6r orgel- och kammarmusik \u201dPer Artem ad Astra\u201d\",\"datePublished\":\"2026-04-09T10:04:10+00:00\",\"dateModified\":\"2026-04-09T10:43:21+00:00\",\"mainEntityOfPage\":{\"@id\":\"https:\\\/\\\/www.polen.travel\\\/sv\\\/festival-for-orgel-och-kammarmusik\\\/\"},\"wordCount\":203,\"commentCount\":0,\"image\":{\"@id\":\"https:\\\/\\\/www.polen.travel\\\/sv\\\/festival-for-orgel-och-kammarmusik\\\/#primaryimage\"},\"thumbnailUrl\":\"https:\\\/\\\/www.polen.travel\\\/sv\\\/wp-content\\\/uploads\\\/sites\\\/22\\\/2026\\\/04\\\/AdobeStock_35122151-scaled.jpeg\",\"articleSection\":[\"Evenemang i Polen\"],\"inLanguage\":\"sv-SE\",\"potentialAction\":[{\"@type\":\"CommentAction\",\"name\":\"Comment\",\"target\":[\"https:\\\/\\\/www.polen.travel\\\/sv\\\/festival-for-orgel-och-kammarmusik\\\/#respond\"]}]},{\"@type\":\"WebPage\",\"@id\":\"https:\\\/\\\/www.polen.travel\\\/sv\\\/festival-for-orgel-och-kammarmusik\\\/\",\"url\":\"https:\\\/\\\/www.polen.travel\\\/sv\\\/festival-for-orgel-och-kammarmusik\\\/\",\"name\":\"Festival f\u00f6r orgel- och kammarmusik \u201dPer Artem ad Astra\u201d - Polen Travel (SV)\",\"isPartOf\":{\"@id\":\"https:\\\/\\\/wp-sv.poland.travel\\\/#website\"},\"primaryImageOfPage\":{\"@id\":\"https:\\\/\\\/www.polen.travel\\\/sv\\\/festival-for-orgel-och-kammarmusik\\\/#primaryimage\"},\"image\":{\"@id\":\"https:\\\/\\\/www.polen.travel\\\/sv\\\/festival-for-orgel-och-kammarmusik\\\/#primaryimage\"},\"thumbnailUrl\":\"https:\\\/\\\/www.polen.travel\\\/sv\\\/wp-content\\\/uploads\\\/sites\\\/22\\\/2026\\\/04\\\/AdobeStock_35122151-scaled.jpeg\",\"datePublished\":\"2026-04-09T10:04:10+00:00\",\"dateModified\":\"2026-04-09T10:43:21+00:00\",\"author\":{\"@id\":\"https:\\\/\\\/wp-sv.poland.travel\\\/#\\\/schema\\\/person\\\/7fe4c43e180a5b9a796a55ee131a0f2a\"},\"description\":\"Upplev festivalen Per Artem ad Astra i Krasnobr\u00f3d 19\u201321 augusti 2026 \u2013 orgelmusik, kammarmusik och st\u00e4mningsfulla konserter i Polen.\",\"breadcrumb\":{\"@id\":\"https:\\\/\\\/www.polen.travel\\\/sv\\\/festival-for-orgel-och-kammarmusik\\\/#breadcrumb\"},\"inLanguage\":\"sv-SE\",\"potentialAction\":[{\"@type\":\"ReadAction\",\"target\":[\"https:\\\/\\\/www.polen.travel\\\/sv\\\/festival-for-orgel-och-kammarmusik\\\/\"]}]},{\"@type\":\"ImageObject\",\"inLanguage\":\"sv-SE\",\"@id\":\"https:\\\/\\\/www.polen.travel\\\/sv\\\/festival-for-orgel-och-kammarmusik\\\/#primaryimage\",\"url\":\"https:\\\/\\\/www.polen.travel\\\/sv\\\/wp-content\\\/uploads\\\/sites\\\/22\\\/2026\\\/04\\\/AdobeStock_35122151-scaled.jpeg\",\"contentUrl\":\"https:\\\/\\\/www.polen.travel\\\/sv\\\/wp-content\\\/uploads\\\/sites\\\/22\\\/2026\\\/04\\\/AdobeStock_35122151-scaled.jpeg\",\"width\":2560,\"height\":1707,\"caption\":\"Church organ\"},{\"@type\":\"BreadcrumbList\",\"@id\":\"https:\\\/\\\/www.polen.travel\\\/sv\\\/festival-for-orgel-och-kammarmusik\\\/#breadcrumb\",\"itemListElement\":[{\"@type\":\"ListItem\",\"position\":1,\"name\":\"Home page\",\"item\":\"https:\\\/\\\/www.polen.travel\\\/sv\\\/\"},{\"@type\":\"ListItem\",\"position\":2,\"name\":\"Evenemang i Polen\",\"item\":\"https:\\\/\\\/www.polen.travel\\\/sv\\\/evenemang-i-polen\\\/\"},{\"@type\":\"ListItem\",\"position\":3,\"name\":\"Festival f\u00f6r orgel- och kammarmusik \u201dPer Artem ad Astra\u201d\"}]},{\"@type\":\"WebSite\",\"@id\":\"https:\\\/\\\/wp-sv.poland.travel\\\/#website\",\"url\":\"https:\\\/\\\/wp-sv.poland.travel\\\/\",\"name\":\"Polen Travel\",\"description\":\"...\",\"alternateName\":\"Polen.travel \u2013 Officiell turistguide till Polen\",\"potentialAction\":[{\"@type\":\"SearchAction\",\"target\":{\"@type\":\"EntryPoint\",\"urlTemplate\":\"https:\\\/\\\/wp-sv.poland.travel\\\/?s={search_term_string}\"},\"query-input\":{\"@type\":\"PropertyValueSpecification\",\"valueRequired\":true,\"valueName\":\"search_term_string\"}}],\"inLanguage\":\"sv-SE\"},{\"@type\":\"Person\",\"@id\":\"https:\\\/\\\/wp-sv.poland.travel\\\/#\\\/schema\\\/person\\\/7fe4c43e180a5b9a796a55ee131a0f2a\",\"name\":\"dariusz.cydejko\",\"image\":{\"@type\":\"ImageObject\",\"inLanguage\":\"sv-SE\",\"@id\":\"https:\\\/\\\/secure.gravatar.com\\\/avatar\\\/6ee4387a8cd9a32c190dde4f09f1693ba908e8654bb6a9b3d2b075734170fbb7?s=96&d=mm&r=g\",\"url\":\"https:\\\/\\\/secure.gravatar.com\\\/avatar\\\/6ee4387a8cd9a32c190dde4f09f1693ba908e8654bb6a9b3d2b075734170fbb7?s=96&d=mm&r=g\",\"contentUrl\":\"https:\\\/\\\/secure.gravatar.com\\\/avatar\\\/6ee4387a8cd9a32c190dde4f09f1693ba908e8654bb6a9b3d2b075734170fbb7?s=96&d=mm&r=g\",\"caption\":\"dariusz.cydejko\"},\"url\":\"https:\\\/\\\/www.polen.travel\\\/sv\\\/author\\\/dariusz-cydejko\\\/\"}]}<\/script>\n<!-- \/ Yoast SEO plugin. -->","yoast_head_json":{"title":"Festival f\u00f6r orgel- och kammarmusik \u201dPer Artem ad Astra\u201d - Polen Travel (SV)","description":"Upplev festivalen Per Artem ad Astra i Krasnobr\u00f3d 19\u201321 augusti 2026 \u2013 orgelmusik, kammarmusik och st\u00e4mningsfulla konserter i Polen.","robots":{"index":"index","follow":"follow","max-snippet":"max-snippet:-1","max-image-preview":"max-image-preview:large","max-video-preview":"max-video-preview:-1"},"canonical":"https:\/\/www.polen.travel\/sv\/festival-for-orgel-och-kammarmusik\/","og_locale":"sv_SE","og_type":"article","og_title":"Festival f\u00f6r orgel- och kammarmusik \u201dPer Artem ad Astra\u201d - Polen Travel (SV)","og_description":"Upplev festivalen Per Artem ad Astra i Krasnobr\u00f3d 19\u201321 augusti 2026 \u2013 orgelmusik, kammarmusik och st\u00e4mningsfulla konserter i Polen.","og_url":"https:\/\/www.polen.travel\/sv\/festival-for-orgel-och-kammarmusik\/","og_site_name":"Polen Travel (SV)","article_published_time":"2026-04-09T10:04:10+00:00","article_modified_time":"2026-04-09T10:43:21+00:00","og_image":[{"width":2560,"height":1707,"url":"https:\/\/www.polen.travel\/sv\/wp-content\/uploads\/sites\/22\/2026\/04\/AdobeStock_35122151-scaled.jpeg","type":"image\/jpeg"}],"author":"dariusz.cydejko","twitter_card":"summary_large_image","twitter_misc":{"Skriven av":"dariusz.cydejko","Ber\u00e4knad l\u00e4stid":"2 minuter"},"schema":{"@context":"https:\/\/schema.org","@graph":[{"@type":"Article","@id":"https:\/\/www.polen.travel\/sv\/festival-for-orgel-och-kammarmusik\/#article","isPartOf":{"@id":"https:\/\/www.polen.travel\/sv\/festival-for-orgel-och-kammarmusik\/"},"author":{"name":"dariusz.cydejko","@id":"https:\/\/wp-sv.poland.travel\/#\/schema\/person\/7fe4c43e180a5b9a796a55ee131a0f2a"},"headline":"Festival f\u00f6r orgel- och kammarmusik \u201dPer Artem ad Astra\u201d","datePublished":"2026-04-09T10:04:10+00:00","dateModified":"2026-04-09T10:43:21+00:00","mainEntityOfPage":{"@id":"https:\/\/www.polen.travel\/sv\/festival-for-orgel-och-kammarmusik\/"},"wordCount":203,"commentCount":0,"image":{"@id":"https:\/\/www.polen.travel\/sv\/festival-for-orgel-och-kammarmusik\/#primaryimage"},"thumbnailUrl":"https:\/\/www.polen.travel\/sv\/wp-content\/uploads\/sites\/22\/2026\/04\/AdobeStock_35122151-scaled.jpeg","articleSection":["Evenemang i Polen"],"inLanguage":"sv-SE","potentialAction":[{"@type":"CommentAction","name":"Comment","target":["https:\/\/www.polen.travel\/sv\/festival-for-orgel-och-kammarmusik\/#respond"]}]},{"@type":"WebPage","@id":"https:\/\/www.polen.travel\/sv\/festival-for-orgel-och-kammarmusik\/","url":"https:\/\/www.polen.travel\/sv\/festival-for-orgel-och-kammarmusik\/","name":"Festival f\u00f6r orgel- och kammarmusik \u201dPer Artem ad Astra\u201d - Polen Travel (SV)","isPartOf":{"@id":"https:\/\/wp-sv.poland.travel\/#website"},"primaryImageOfPage":{"@id":"https:\/\/www.polen.travel\/sv\/festival-for-orgel-och-kammarmusik\/#primaryimage"},"image":{"@id":"https:\/\/www.polen.travel\/sv\/festival-for-orgel-och-kammarmusik\/#primaryimage"},"thumbnailUrl":"https:\/\/www.polen.travel\/sv\/wp-content\/uploads\/sites\/22\/2026\/04\/AdobeStock_35122151-scaled.jpeg","datePublished":"2026-04-09T10:04:10+00:00","dateModified":"2026-04-09T10:43:21+00:00","author":{"@id":"https:\/\/wp-sv.poland.travel\/#\/schema\/person\/7fe4c43e180a5b9a796a55ee131a0f2a"},"description":"Upplev festivalen Per Artem ad Astra i Krasnobr\u00f3d 19\u201321 augusti 2026 \u2013 orgelmusik, kammarmusik och st\u00e4mningsfulla konserter i Polen.","breadcrumb":{"@id":"https:\/\/www.polen.travel\/sv\/festival-for-orgel-och-kammarmusik\/#breadcrumb"},"inLanguage":"sv-SE","potentialAction":[{"@type":"ReadAction","target":["https:\/\/www.polen.travel\/sv\/festival-for-orgel-och-kammarmusik\/"]}]},{"@type":"ImageObject","inLanguage":"sv-SE","@id":"https:\/\/www.polen.travel\/sv\/festival-for-orgel-och-kammarmusik\/#primaryimage","url":"https:\/\/www.polen.travel\/sv\/wp-content\/uploads\/sites\/22\/2026\/04\/AdobeStock_35122151-scaled.jpeg","contentUrl":"https:\/\/www.polen.travel\/sv\/wp-content\/uploads\/sites\/22\/2026\/04\/AdobeStock_35122151-scaled.jpeg","width":2560,"height":1707,"caption":"Church organ"},{"@type":"BreadcrumbList","@id":"https:\/\/www.polen.travel\/sv\/festival-for-orgel-och-kammarmusik\/#breadcrumb","itemListElement":[{"@type":"ListItem","position":1,"name":"Home page","item":"https:\/\/www.polen.travel\/sv\/"},{"@type":"ListItem","position":2,"name":"Evenemang i Polen","item":"https:\/\/www.polen.travel\/sv\/evenemang-i-polen\/"},{"@type":"ListItem","position":3,"name":"Festival f\u00f6r orgel- och kammarmusik \u201dPer Artem ad Astra\u201d"}]},{"@type":"WebSite","@id":"https:\/\/wp-sv.poland.travel\/#website","url":"https:\/\/wp-sv.poland.travel\/","name":"Polen Travel","description":"...","alternateName":"Polen.travel \u2013 Officiell turistguide till Polen","potentialAction":[{"@type":"SearchAction","target":{"@type":"EntryPoint","urlTemplate":"https:\/\/wp-sv.poland.travel\/?s={search_term_string}"},"query-input":{"@type":"PropertyValueSpecification","valueRequired":true,"valueName":"search_term_string"}}],"inLanguage":"sv-SE"},{"@type":"Person","@id":"https:\/\/wp-sv.poland.travel\/#\/schema\/person\/7fe4c43e180a5b9a796a55ee131a0f2a","name":"dariusz.cydejko","image":{"@type":"ImageObject","inLanguage":"sv-SE","@id":"https:\/\/secure.gravatar.com\/avatar\/6ee4387a8cd9a32c190dde4f09f1693ba908e8654bb6a9b3d2b075734170fbb7?s=96&d=mm&r=g","url":"https:\/\/secure.gravatar.com\/avatar\/6ee4387a8cd9a32c190dde4f09f1693ba908e8654bb6a9b3d2b075734170fbb7?s=96&d=mm&r=g","contentUrl":"https:\/\/secure.gravatar.com\/avatar\/6ee4387a8cd9a32c190dde4f09f1693ba908e8654bb6a9b3d2b075734170fbb7?s=96&d=mm&r=g","caption":"dariusz.cydejko"},"url":"https:\/\/www.polen.travel\/sv\/author\/dariusz-cydejko\/"}]}},"_links":{"self":[{"href":"https:\/\/www.polen.travel\/sv\/wp-json\/wp\/v2\/posts\/47118","targetHints":{"allow":["GET"]}}],"collection":[{"href":"https:\/\/www.polen.travel\/sv\/wp-json\/wp\/v2\/posts"}],"about":[{"href":"https:\/\/www.polen.travel\/sv\/wp-json\/wp\/v2\/types\/post"}],"author":[{"embeddable":true,"href":"https:\/\/www.polen.travel\/sv\/wp-json\/wp\/v2\/users\/32"}],"replies":[{"embeddable":true,"href":"https:\/\/www.polen.travel\/sv\/wp-json\/wp\/v2\/comments?post=47118"}],"version-history":[{"count":3,"href":"https:\/\/www.polen.travel\/sv\/wp-json\/wp\/v2\/posts\/47118\/revisions"}],"predecessor-version":[{"id":47125,"href":"https:\/\/www.polen.travel\/sv\/wp-json\/wp\/v2\/posts\/47118\/revisions\/47125"}],"wp:featuredmedia":[{"embeddable":true,"href":"https:\/\/www.polen.travel\/sv\/wp-json\/wp\/v2\/media\/47122"}],"wp:attachment":[{"href":"https:\/\/www.polen.travel\/sv\/wp-json\/wp\/v2\/media?parent=47118"}],"wp:term":[{"taxonomy":"category","embeddable":true,"href":"https:\/\/www.polen.travel\/sv\/wp-json\/wp\/v2\/categories?post=47118"},{"taxonomy":"post_tag","embeddable":true,"href":"https:\/\/www.polen.travel\/sv\/wp-json\/wp\/v2\/tags?post=47118"}],"curies":[{"name":"wp","href":"https:\/\/api.w.org\/{rel}","templated":true}]}}