{"id":37087,"date":"2026-09-02T14:54:16","date_gmt":"2026-09-02T12:54:16","guid":{"rendered":"https:\/\/www.polen.travel\/nl\/?p=37087"},"modified":"2026-09-02T15:10:03","modified_gmt":"2026-09-02T13:10:03","slug":"7-daagse-wandelreis-door-bergen-van-malopolska","status":"publish","type":"post","link":"https:\/\/www.polen.travel\/nl\/7-daagse-wandelreis-door-bergen-van-malopolska\/","title":{"rendered":"7-daagse wandelreis door bergen van Ma\u0142opolska"},"content":{"rendered":"\n<div class=\"wp-block-group is-style-container-medium\"><div class=\"wp-block-group__inner-container is-layout-constrained wp-block-group-is-layout-constrained\">\n<h2 class=\"wp-block-heading\"><strong>7-daagse wandelreis door bergen van Ma\u0142opolska<\/strong><\/h2>\n<\/div><\/div>\n\n\n\n<p class=\"wp-block-paragraph\"><\/p>\n\n\n\n<div class=\"wp-block-group is-style-container-medium\"><div class=\"wp-block-group__inner-container is-layout-constrained wp-block-group-is-layout-constrained\">\n<p class=\"wp-block-paragraph\">September komt eraan \u2013 voor veel wandelaars de mooiste maand om de bergen in te trekken. De drukte van de zomer neemt af, de temperaturen zijn aangenaam en het heldere herfstlicht zorgt vaak voor spectaculaire vergezichten.<\/p>\n\n\n\n<p class=\"wp-block-paragraph\">Daarom hebben we een voorstel voor een <strong>weeklange wandeltocht door <a href=\"https:\/\/www.polen.travel\/nl\/de-regio-malopolskie\/\" target=\"_blank\" rel=\"noreferrer noopener\">Ma\u0142opolska<\/a><\/strong>, met overnachtingen in berghutten en elke dag nieuwe landschappen. De route voert door maar liefst <strong>twee nationale parken<\/strong> en combineert bergtoppen, bossen, bergweiden en indrukwekkende panorama\u2019s. Een ideale reis voor wie Polen te voet wil beleven en een week lang helemaal wil opgaan in de natuur.<\/p>\n\n\n\n<p class=\"wp-block-paragraph\">De Nederlandse influencers van <strong>BarDo Media<\/strong> gingen dit jaar zelf op pad en volgden deze bijzondere route door de bergen van Ma\u0142opolska. Benieuwd wat ze onderweg beleefden, welke plekken de meeste indruk maakten en hoe zij deze wandelreis hebben ervaren? <strong>Bekijk hun avontuur en laat je inspireren voor je eigen bergtocht door Zuid-Polen.<\/strong><\/p>\n<\/div><\/div>\n\n\n\n<div class=\"wp-block-group is-style-container\"><div class=\"wp-block-group__inner-container is-layout-constrained wp-block-group-is-layout-constrained\">\n<figure class=\"wp-block-embed is-type-video is-provider-youtube wp-block-embed-youtube wp-embed-aspect-16-9 wp-has-aspect-ratio\"><div class=\"wp-block-embed__wrapper\">\n<iframe loading=\"lazy\" title=\"Huttentocht door de onontdekte parel van Zuid-Polen | Ma\u0142opolska\" width=\"500\" height=\"281\" src=\"https:\/\/www.youtube.com\/embed\/vFmFb8sajPI?start=66&amp;feature=oembed&#038;enablejsapi=1&#038;origin=https:\/\/www.polen.travel\" frameborder=\"0\" allow=\"accelerometer; autoplay; clipboard-write; encrypted-media; gyroscope; picture-in-picture; web-share\" referrerpolicy=\"strict-origin-when-cross-origin\" allowfullscreen><\/iframe>\n<\/div><\/figure>\n<\/div><\/div>\n\n\n\n<div class=\"wp-block-group is-style-container-medium\"><div class=\"wp-block-group__inner-container is-layout-constrained wp-block-group-is-layout-constrained\">\n<p class=\"wp-block-paragraph\">Hier hebben we voor jullie een voorstel voor een bijzondere <strong>7-daagse wandelreis door de bergen van Ma\u0142opolska<\/strong>. Met dank aan <a href=\"https:\/\/cotg.pttk.pl\/\" target=\"_blank\" rel=\"noreferrer noopener\"><strong>Centralny O\u015brodek Turystyki G\u00f3rskiej PTTK<\/strong> <\/a>voor de samenwerking en het helpen samenstellen van deze mooie route.<\/p>\n<\/div><\/div>\n\n\n\n<div class=\"wp-block-group is-style-container-medium\"><div class=\"wp-block-group__inner-container is-layout-constrained wp-block-group-is-layout-constrained\">\n<p class=\"wp-block-paragraph\"><strong>Dag 1 \u2013 Aankomst in Krak\u00f3w en wandeling naar Maciejowa<\/strong><\/p>\n\n\n\n<p class=\"wp-block-paragraph\">Aankomst in Krak\u00f3w en verder reizen naar <strong><a href=\"https:\/\/www.polen.travel\/nl\/rabka-zdroj-familievriendelijk-kuuroord-in-malopolska\/\" target=\"_blank\" rel=\"noreferrer noopener\">Rabka-Zdr\u00f3j<\/a><\/strong>, een charmant kuuroord aan de voet van de Gorce. Vanaf het busstation <strong><a href=\"https:\/\/www.mda.malopolska.pl\/en\/home\/index.html\" target=\"_blank\" rel=\"noreferrer noopener\">MDA in Krak\u00f3w<\/a><\/strong> vertrekken dagelijks meerdere bussen naar Rabka-Zdr\u00f3j. De reis duurt ongeveer 1,5 uur.<\/p>\n\n\n\n<p class=\"wp-block-paragraph\">Vanuit Rabka-Zdr\u00f3j begint de eerste wandeling naar <strong>Schronisko PTTK na Maciejowej<\/strong>, een sfeervolle berghut met mooie uitzichten over de Beskiden en, bij helder weer, de Tatra.<\/p>\n\n\n\n<p class=\"wp-block-paragraph\"><strong>Route Rabka-Zdr\u00f3j \u2013 Maciejowa<\/strong><\/p>\n\n\n\n<ul class=\"wp-block-list\">\n<li>afstand: ca. 5\u20136 km<\/li>\n\n\n\n<li>wandeltijd: ca. 1,5\u20132 uur<\/li>\n\n\n\n<li>stijging: ca. 300 m<\/li>\n\n\n\n<li>niveau: gemakkelijk<\/li>\n\n\n\n<li>route: <a href=\"https:\/\/mapy.com\/s\/porohodaza\" target=\"_blank\" rel=\"noreferrer noopener\">https:\/\/mapy.com\/s\/porohodaza<\/a><\/li>\n<\/ul>\n\n\n\n<p class=\"wp-block-paragraph\">De route volgt gedeeltelijk de <strong>G\u0142\u00f3wny Szlak Beskidzki<\/strong>, de langeafstandswandelroute door de Poolse Beskiden. <strong>Overnachting:<\/strong> Berghut <a href=\"https:\/\/namaciejowej.pl\/\">Schronisko PTTK na Maciejowej<\/a><br><\/p>\n\n\n\n<hr class=\"wp-block-separator has-alpha-channel-opacity\" \/>\n\n\n\n<p class=\"wp-block-paragraph\"><strong>Dag 2 \u2013 Maciejowa \u2013 Stare Wierchy \u2013 Turbacz<\/strong><\/p>\n\n\n\n<p class=\"wp-block-paragraph\">Na het ontbijt begint de eerste volledige wandeldag. De route voert via bergweiden en bossen door het Gorce-gebergte en vervolgens langs de grens van het <strong><a href=\"https:\/\/www.polen.travel\/nl\/gorce-nationaal-park\/\" target=\"_blank\" rel=\"noreferrer noopener\">Nationaal Park Gorce<\/a><\/strong>.<\/p>\n\n\n\n<p class=\"wp-block-paragraph\">Na ongeveer een uur wandelen kun je een pauze nemen bij de <a href=\"https:\/\/stare-wierchy.pttk.pl\/\" target=\"_blank\" rel=\"noreferrer noopener\">berghut op Stare Wierchy<\/a>. Daarna gaat de route verder naar <strong>Turbacz<\/strong>, de hoogste top van het Gorce-gebergte.<\/p>\n\n\n\n<p class=\"wp-block-paragraph\"><strong>Route Maciejowa \u2013 Stare Wierchy \u2013 Turbacz<\/strong><\/p>\n\n\n\n<ul class=\"wp-block-list\">\n<li>afstand: ca. 12 km<\/li>\n\n\n\n<li>wandeltijd: 4\u20135 uur<\/li>\n\n\n\n<li>stijging: ca. 600 m<\/li>\n\n\n\n<li>niveau: gemakkelijk tot gemiddeld<\/li>\n\n\n\n<li>route: <a href=\"https:\/\/mapy.com\/s\/gazemotame\" target=\"_blank\" rel=\"noreferrer noopener\">https:\/\/mapy.com\/s\/gazemotame<\/a><\/li>\n<\/ul>\n\n\n\n<p class=\"wp-block-paragraph\">Na aankomst is er tijd om te ontspannen op het terras van de berghut of nog een korte wandeling te maken over de omliggende bergweiden.<\/p>\n\n\n\n<p class=\"wp-block-paragraph\">Mogelijke extra wandelingen:<\/p>\n\n\n\n<p class=\"wp-block-paragraph\">Turbacz \u2013 Bukowina Waksmundzka \u2013 Turbacz: <a href=\"https:\/\/mapy.com\/s\/loletarodo\" target=\"_blank\" rel=\"noreferrer noopener\">https:\/\/mapy.com\/s\/loletarodo<\/a><\/p>\n\n\n\n<p class=\"wp-block-paragraph\">Turbacz \u2013 Diabelski Kamie\u0144 \u2013 Turbacz: <a href=\"https:\/\/mapy.com\/s\/hulafemoso\">https:\/\/mapy.com\/s\/hu<\/a><a href=\"https:\/\/mapy.com\/s\/hulafemoso\" target=\"_blank\" rel=\"noreferrer noopener\">l<\/a><a href=\"https:\/\/mapy.com\/s\/hulafemoso\">afemoso<\/a><\/p>\n\n\n\n<p class=\"wp-block-paragraph\"><strong>Overnachting:<\/strong> Berghut <a href=\"https:\/\/turbacz.net\/\" target=\"_blank\" rel=\"noreferrer noopener\">Schronisko PTTK im. W\u0142adys\u0142awa Orkana na Turbaczu<\/a><br><\/p>\n\n\n\n<hr class=\"wp-block-separator has-alpha-channel-opacity\" \/>\n\n\n\n<p class=\"wp-block-paragraph\"><strong>Dag 3 \u2013 Turbacz \u2013 Ska\u0142ka \u2013 Gorc<\/strong><\/p>\n\n\n\n<p class=\"wp-block-paragraph\">Vandaag wandel je verder door het <strong>Nationaal Park Gorce<\/strong> richting Ochotnica G\u00f3rna en de berg Gorc.<\/p>\n\n\n\n<p class=\"wp-block-paragraph\">Onderweg kun je een traditionele <strong>bac\u00f3wka<\/strong>, een herdershut, bezoeken. Hier maak je kennis met de eeuwenoude herderstradities van de Karpaten en kun je zien hoe regionale kazen zoals oscypek worden gemaakt.<\/p>\n\n\n\n<p class=\"wp-block-paragraph\">Daarna gaat de tocht verder naar <strong>Baza Namiotowa Gorc<\/strong>, een eenvoudige en sfeervolle tentenbasis midden in de bergen.<\/p>\n\n\n\n<p class=\"wp-block-paragraph\"><strong>Route Turbacz \u2013 Ska\u0142ka \u2013 Gorc<\/strong><\/p>\n\n\n\n<ul class=\"wp-block-list\">\n<li>afstand: ca. 14 km<\/li>\n\n\n\n<li>wandeltijd: 5\u20136 uur<\/li>\n\n\n\n<li>stijging: ca. 425 m<\/li>\n\n\n\n<li>niveau: gemiddeld<\/li>\n\n\n\n<li>route: <a href=\"https:\/\/mapy.com\/s\/mojokakono\">https:\/\/mapy.com\/s\/mojokakono<\/a><\/li>\n<\/ul>\n\n\n\n<p class=\"wp-block-paragraph\">In de namiddag of avond is een wandeling naar de uitkijktoren op Gorc aan te raden. Ook de nabijgelegen bergweiden Gorc M\u0142ynie\u0144ski en Czo\u0142o Gorca bieden mooie panorama\u2019s.<\/p>\n\n\n\n<p class=\"wp-block-paragraph\">Extra wandeling: <a href=\"https:\/\/mapy.com\/s\/corezadamu\" target=\"_blank\" rel=\"noreferrer noopener\">https:\/\/mapy.com\/s\/corezadamu<\/a><\/p>\n\n\n\n<p class=\"wp-block-paragraph\"><strong>Overnachting:<\/strong> <a href=\"https:\/\/bazagorc.pttk.pl\/\">Baza Namiotowa Gorc<\/a> Je overnacht in individuele trekkingtenten op houten platforms. Ter plaatse zijn matrassen, een eenvoudige keuken, heet water, koffie en thee, sanitaire voorzieningen en warme douches beschikbaar.<\/p>\n\n\n\n<hr class=\"wp-block-separator has-alpha-channel-opacity\" \/>\n\n\n\n<p class=\"wp-block-paragraph\"><strong>Dag 4 \u2013 Gorc \u2013 Ochotnica \u2013 Luba\u0144<\/strong><\/p>\n\n\n\n<p class=\"wp-block-paragraph\">Na het ontbijt daal je af richting <strong>Ochotnica<\/strong>, waar onderweg gelegenheid is om boodschappen te doen. Daarna begint de klim naar <strong>Luba\u0144<\/strong>, een van de mooiste uitzichtpunten van het Gorce-gebergte. De tentenbasis ligt vlak bij de top en de uitkijktoren.<\/p>\n\n\n\n<p class=\"wp-block-paragraph\"><strong>Route Gorc \u2013 Ochotnica \u2013 Luba\u0144<\/strong><\/p>\n\n\n\n<ul class=\"wp-block-list\">\n<li>afstand: ca. 15 km<\/li>\n\n\n\n<li>wandeltijd: 6\u20137 uur<\/li>\n\n\n\n<li>stijging: ca. 750 m<\/li>\n\n\n\n<li>niveau: gemiddeld tot pittig<\/li>\n\n\n\n<li>route: <a href=\"https:\/\/mapy.com\/s\/cusunabufe\" target=\"_blank\" rel=\"noreferrer noopener\">https:\/\/mapy.com\/s\/cusunabufe<\/a><\/li>\n<\/ul>\n\n\n\n<p class=\"wp-block-paragraph\">Vanaf de uitkijktoren op Luba\u0144 heb je bij goed weer een prachtig panorama over de Gorce, Pieniny, Tatra en het Czorsztynmeer.<\/p>\n\n\n\n<p class=\"wp-block-paragraph\"><strong>Overnachting:<\/strong> <a href=\"https:\/\/bazaluban.pttk.pl\/\" target=\"_blank\" rel=\"noreferrer noopener\">Baza Namiotowa Luba\u0144<\/a>  De tentenbasis beschikt over individuele tenten met matrassen, kookvoorzieningen, sanitair, warme douches en een gezamenlijke kampvuurplaats.<\/p>\n\n\n\n<hr class=\"wp-block-separator has-alpha-channel-opacity\" \/>\n\n\n\n<p class=\"wp-block-paragraph\"><strong>Dag 5 \u2013 Luba\u0144 \u2013 Snozka-pas \u2013 Pieniny \u2013 Trzy Korony<\/strong> (<strong>Drie Kronen)<\/strong><\/p>\n\n\n\n<p class=\"wp-block-paragraph\">Vandaag laat je het Gorce-gebergte achter je en wandel je richting de <strong>Pieniny<\/strong>.<\/p>\n\n\n\n<p class=\"wp-block-paragraph\">Vanaf Luba\u0144 daal je af naar de <strong>Snozka-pas<\/strong>, een van de mooiste uitzichtpunten van de hele reis. Vervolgens gaat de route verder door het <strong><a href=\"https:\/\/www.polen.travel\/nl\/pieninski-nationaal-park\/\" target=\"_blank\" rel=\"noreferrer noopener\">Nationaal Park Pieniny<\/a><\/strong> en via de schilderachtige Sopcza\u0144ski-kloof naar de berghut aan de voet van het Trzy Korony-massief.<\/p>\n\n\n\n<p class=\"wp-block-paragraph\"><strong>Route Luba\u0144 \u2013 Snozka \u2013 Sopcza\u0144ski-kloof \u2013 Trzy Korony<\/strong><\/p>\n\n\n\n<ul class=\"wp-block-list\">\n<li>afstand: ca. 16 km<\/li>\n\n\n\n<li>wandeltijd: ca. 6 uur<\/li>\n\n\n\n<li>stijging: ca. 450\u2013550 m<\/li>\n\n\n\n<li>niveau: gemiddeld<\/li>\n\n\n\n<li>route: <a href=\"https:\/\/mapy.com\/s\/jajemohaja\" target=\"_blank\" rel=\"noreferrer noopener\">https:\/\/mapy.com\/s\/jajemohaja<\/a><\/li>\n<\/ul>\n\n\n\n<p class=\"wp-block-paragraph\">Wie nog energie heeft, kan de route uitbreiden met de beklimming van <strong>Trzy Korony<\/strong>, een van de bekendste toppen van de Pieniny.<\/p>\n\n\n\n<p class=\"wp-block-paragraph\"><strong>Overnachting:<\/strong> berghut <a href=\"https:\/\/www.trzykorony.pl\/\" target=\"_blank\" rel=\"noreferrer noopener\">Schronisko PTTK Trzy Korony<\/a>  De berghut ligt in Sromowce Ni\u017cne, direct aan de voet van het Trzy Korony-massief.<\/p>\n\n\n\n<p class=\"wp-block-paragraph\">Bij voldoende tijd is ook een korte wandeling naar Slowakije mogelijk. Via de voetgangers- en fietsbrug over de Dunajec bereik je gemakkelijk <strong>\u010cerven\u00fd Kl\u00e1\u0161tor<\/strong>, het historische Rode Klooster.<\/p>\n\n\n\n<hr class=\"wp-block-separator has-alpha-channel-opacity\" \/>\n\n\n\n<p class=\"wp-block-paragraph\"><strong>Dag 6 \u2013 Dunajec-kloof \u2013 Szczawnica \u2013 Krak\u00f3w<\/strong><\/p>\n\n\n\n<p class=\"wp-block-paragraph\">Na het ontbijt wandel je naar de aanlegplaats in Sromowce, waar een van de beroemdste activiteiten van de Pieniny begint: een tocht over de <strong>Dunajec<\/strong>. Tijdens een raftingtocht vaar je door de spectaculaire Dunajec-kloof, tussen de steile kalkstenen rotsen van het Pieniny-gebergte.<\/p>\n\n\n\n<p class=\"wp-block-paragraph\">Na aankomst in <strong>Szczawnica<\/strong> reis je per bus of transfer terug naar Krak\u00f3w.<\/p>\n\n\n\n<p class=\"wp-block-paragraph\"><strong>Overnachting:<\/strong> Bijvoorbeeld in <strong><a href=\"https:\/\/www.hotel-wyspianski.pl\/en\/\" target=\"_blank\" rel=\"noreferrer noopener\">PTTK Hotel Wyspia\u0144ski<\/a><\/strong> in het centrum van Krak\u00f3w.<\/p>\n\n\n\n<hr class=\"wp-block-separator has-alpha-channel-opacity\" \/>\n\n\n\n<p class=\"wp-block-paragraph\"><strong>Dag 7 \u2013 Krak\u00f3w en terugreis<\/strong><\/p>\n\n\n\n<p class=\"wp-block-paragraph\">Afhankelijk van de vertrektijd is er \u2019s ochtends nog gelegenheid voor een wandeling door Krak\u00f3w, een ontbijt in de oude binnenstad of een laatste bezoek aan de stad. Daarna vertrek naar de luchthaven en terugreis naar huis.<\/p>\n\n\n\n<p class=\"wp-block-paragraph\"><\/p>\n\n\n\n<p class=\"wp-block-paragraph\"><\/p>\n<\/div><\/div>\n\n\n\n<p class=\"wp-block-paragraph\"><\/p>\n","protected":false},"excerpt":{"rendered":"<p>7-daagse wandelreis door bergen van Ma\u0142opolska September komt eraan \u2013 voor veel wandelaars de mooiste maand om de bergen in te trekken. De drukte van de zomer neemt af, de temperaturen zijn aangenaam en het heldere herfstlicht zorgt vaak voor spectaculaire vergezichten. Daarom hebben we een voorstel voor een weeklange wandeltocht door Ma\u0142opolska, met overnachtingen [&hellip;]<\/p>\n","protected":false},"author":51,"featured_media":37091,"comment_status":"closed","ping_status":"closed","sticky":false,"template":"","format":"standard","meta":{"_acf_changed":false,"inline_featured_image":false,"footnotes":""},"categories":[1053,1256],"class_list":["post-37087","post","type-post","status-publish","format-standard","has-post-thumbnail","hentry","category-inspirations","category-wandelen"],"acf":[],"yoast_head":"<!-- This site is optimized with the Yoast SEO plugin v28.2 - https:\/\/yoast.com\/product\/yoast-seo-wordpress\/ -->\n<title>7-daagse wandelreis door bergen van Ma\u0142opolska - Polen Travel (NL)<\/title>\n<meta name=\"robots\" content=\"index, follow, max-snippet:-1, max-image-preview:large, max-video-preview:-1\" \/>\n<link rel=\"canonical\" href=\"https:\/\/www.polen.travel\/nl\/7-daagse-wandelreis-door-bergen-van-malopolska\/\" \/>\n<meta property=\"og:locale\" content=\"pl_PL\" \/>\n<meta property=\"og:type\" content=\"article\" \/>\n<meta property=\"og:title\" content=\"7-daagse wandelreis door bergen van Ma\u0142opolska - Polen Travel (NL)\" \/>\n<meta property=\"og:description\" content=\"7-daagse wandelreis door bergen van Ma\u0142opolska September komt eraan \u2013 voor veel wandelaars de mooiste maand om de bergen in te trekken. De drukte van de zomer neemt af, de temperaturen zijn aangenaam en het heldere herfstlicht zorgt vaak voor spectaculaire vergezichten. Daarom hebben we een voorstel voor een weeklange wandeltocht door Ma\u0142opolska, met overnachtingen [&hellip;]\" \/>\n<meta property=\"og:url\" content=\"https:\/\/www.polen.travel\/nl\/7-daagse-wandelreis-door-bergen-van-malopolska\/\" \/>\n<meta property=\"og:site_name\" content=\"Polen Travel (NL)\" \/>\n<meta property=\"article:published_time\" content=\"2026-09-02T12:54:16+00:00\" \/>\n<meta property=\"article:modified_time\" content=\"2026-09-02T13:10:03+00:00\" \/>\n<meta property=\"og:image\" content=\"https:\/\/www.polen.travel\/nl\/wp-content\/uploads\/sites\/23\/2026\/09\/Trzy_Korony2.jpg\" \/>\n\t<meta property=\"og:image:width\" content=\"2340\" \/>\n\t<meta property=\"og:image:height\" content=\"1560\" \/>\n\t<meta property=\"og:image:type\" content=\"image\/jpeg\" \/>\n<meta name=\"author\" content=\"magdalenastoch\" \/>\n<meta name=\"twitter:card\" content=\"summary_large_image\" \/>\n<meta name=\"twitter:label1\" content=\"Napisane przez\" \/>\n\t<meta name=\"twitter:data1\" content=\"magdalenastoch\" \/>\n\t<meta name=\"twitter:label2\" content=\"Szacowany czas czytania\" \/>\n\t<meta name=\"twitter:data2\" content=\"6 minut\" \/>\n<script type=\"application\/ld+json\" class=\"yoast-schema-graph\">{\"@context\":\"https:\\\/\\\/schema.org\",\"@graph\":[{\"@type\":\"Article\",\"@id\":\"https:\\\/\\\/www.polen.travel\\\/nl\\\/7-daagse-wandelreis-door-bergen-van-malopolska\\\/#article\",\"isPartOf\":{\"@id\":\"https:\\\/\\\/www.polen.travel\\\/nl\\\/7-daagse-wandelreis-door-bergen-van-malopolska\\\/\"},\"author\":{\"name\":\"magdalenastoch\",\"@id\":\"https:\\\/\\\/wp-nl.poland.travel\\\/#\\\/schema\\\/person\\\/d8e85fecf0241ba1e48f77f997b72b96\"},\"headline\":\"7-daagse wandelreis door bergen van Ma\u0142opolska\",\"datePublished\":\"2026-09-02T12:54:16+00:00\",\"dateModified\":\"2026-09-02T13:10:03+00:00\",\"mainEntityOfPage\":{\"@id\":\"https:\\\/\\\/www.polen.travel\\\/nl\\\/7-daagse-wandelreis-door-bergen-van-malopolska\\\/\"},\"wordCount\":1018,\"publisher\":{\"@id\":\"https:\\\/\\\/wp-nl.poland.travel\\\/#organization\"},\"image\":{\"@id\":\"https:\\\/\\\/www.polen.travel\\\/nl\\\/7-daagse-wandelreis-door-bergen-van-malopolska\\\/#primaryimage\"},\"thumbnailUrl\":\"https:\\\/\\\/www.polen.travel\\\/nl\\\/wp-content\\\/uploads\\\/sites\\\/23\\\/2026\\\/09\\\/Trzy_Korony2.jpg\",\"articleSection\":[\"Inspirations\",\"Wandelen\"],\"inLanguage\":\"pl-PL\"},{\"@type\":\"WebPage\",\"@id\":\"https:\\\/\\\/www.polen.travel\\\/nl\\\/7-daagse-wandelreis-door-bergen-van-malopolska\\\/\",\"url\":\"https:\\\/\\\/www.polen.travel\\\/nl\\\/7-daagse-wandelreis-door-bergen-van-malopolska\\\/\",\"name\":\"7-daagse wandelreis door bergen van Ma\u0142opolska - Polen Travel (NL)\",\"isPartOf\":{\"@id\":\"https:\\\/\\\/wp-nl.poland.travel\\\/#website\"},\"primaryImageOfPage\":{\"@id\":\"https:\\\/\\\/www.polen.travel\\\/nl\\\/7-daagse-wandelreis-door-bergen-van-malopolska\\\/#primaryimage\"},\"image\":{\"@id\":\"https:\\\/\\\/www.polen.travel\\\/nl\\\/7-daagse-wandelreis-door-bergen-van-malopolska\\\/#primaryimage\"},\"thumbnailUrl\":\"https:\\\/\\\/www.polen.travel\\\/nl\\\/wp-content\\\/uploads\\\/sites\\\/23\\\/2026\\\/09\\\/Trzy_Korony2.jpg\",\"datePublished\":\"2026-09-02T12:54:16+00:00\",\"dateModified\":\"2026-09-02T13:10:03+00:00\",\"breadcrumb\":{\"@id\":\"https:\\\/\\\/www.polen.travel\\\/nl\\\/7-daagse-wandelreis-door-bergen-van-malopolska\\\/#breadcrumb\"},\"inLanguage\":\"pl-PL\",\"potentialAction\":[{\"@type\":\"ReadAction\",\"target\":[\"https:\\\/\\\/www.polen.travel\\\/nl\\\/7-daagse-wandelreis-door-bergen-van-malopolska\\\/\"]}]},{\"@type\":\"ImageObject\",\"inLanguage\":\"pl-PL\",\"@id\":\"https:\\\/\\\/www.polen.travel\\\/nl\\\/7-daagse-wandelreis-door-bergen-van-malopolska\\\/#primaryimage\",\"url\":\"https:\\\/\\\/www.polen.travel\\\/nl\\\/wp-content\\\/uploads\\\/sites\\\/23\\\/2026\\\/09\\\/Trzy_Korony2.jpg\",\"contentUrl\":\"https:\\\/\\\/www.polen.travel\\\/nl\\\/wp-content\\\/uploads\\\/sites\\\/23\\\/2026\\\/09\\\/Trzy_Korony2.jpg\",\"width\":2340,\"height\":1560},{\"@type\":\"BreadcrumbList\",\"@id\":\"https:\\\/\\\/www.polen.travel\\\/nl\\\/7-daagse-wandelreis-door-bergen-van-malopolska\\\/#breadcrumb\",\"itemListElement\":[{\"@type\":\"ListItem\",\"position\":1,\"name\":\"Home page\",\"item\":\"https:\\\/\\\/www.polen.travel\\\/nl\\\/\"},{\"@type\":\"ListItem\",\"position\":2,\"name\":\"Wandelen\",\"item\":\"https:\\\/\\\/wp-nl.poland.travel\\\/wandelen\\\/\"},{\"@type\":\"ListItem\",\"position\":3,\"name\":\"7-daagse wandelreis door bergen van Ma\u0142opolska\"}]},{\"@type\":\"WebSite\",\"@id\":\"https:\\\/\\\/wp-nl.poland.travel\\\/#website\",\"url\":\"https:\\\/\\\/wp-nl.poland.travel\\\/\",\"name\":\"Polen Travel (NL)\",\"description\":\"...\",\"publisher\":{\"@id\":\"https:\\\/\\\/wp-nl.poland.travel\\\/#organization\"},\"potentialAction\":[{\"@type\":\"SearchAction\",\"target\":{\"@type\":\"EntryPoint\",\"urlTemplate\":\"https:\\\/\\\/wp-nl.poland.travel\\\/?s={search_term_string}\"},\"query-input\":{\"@type\":\"PropertyValueSpecification\",\"valueRequired\":true,\"valueName\":\"search_term_string\"}}],\"inLanguage\":\"pl-PL\"},{\"@type\":\"Organization\",\"@id\":\"https:\\\/\\\/wp-nl.poland.travel\\\/#organization\",\"name\":\"Polen Travel (NL)\",\"url\":\"https:\\\/\\\/wp-nl.poland.travel\\\/\",\"logo\":{\"@type\":\"ImageObject\",\"inLanguage\":\"pl-PL\",\"@id\":\"https:\\\/\\\/wp-nl.poland.travel\\\/#\\\/schema\\\/logo\\\/image\\\/\",\"url\":\"https:\\\/\\\/en-en.polska.travel\\\/wp-content\\\/uploads\\\/sites\\\/23\\\/2022\\\/11\\\/logo.svg\",\"contentUrl\":\"https:\\\/\\\/en-en.polska.travel\\\/wp-content\\\/uploads\\\/sites\\\/23\\\/2022\\\/11\\\/logo.svg\",\"width\":198,\"height\":96,\"caption\":\"Polen Travel (NL)\"},\"image\":{\"@id\":\"https:\\\/\\\/wp-nl.poland.travel\\\/#\\\/schema\\\/logo\\\/image\\\/\"}},{\"@type\":\"Person\",\"@id\":\"https:\\\/\\\/wp-nl.poland.travel\\\/#\\\/schema\\\/person\\\/d8e85fecf0241ba1e48f77f997b72b96\",\"name\":\"magdalenastoch\",\"image\":{\"@type\":\"ImageObject\",\"inLanguage\":\"pl-PL\",\"@id\":\"https:\\\/\\\/secure.gravatar.com\\\/avatar\\\/7f42d93219121fc2e43b9f2af4d09f198ffdf142765ad70c1aa3e7d78ce037f5?s=96&d=mm&r=g\",\"url\":\"https:\\\/\\\/secure.gravatar.com\\\/avatar\\\/7f42d93219121fc2e43b9f2af4d09f198ffdf142765ad70c1aa3e7d78ce037f5?s=96&d=mm&r=g\",\"contentUrl\":\"https:\\\/\\\/secure.gravatar.com\\\/avatar\\\/7f42d93219121fc2e43b9f2af4d09f198ffdf142765ad70c1aa3e7d78ce037f5?s=96&d=mm&r=g\",\"caption\":\"magdalenastoch\"},\"url\":\"https:\\\/\\\/www.polen.travel\\\/nl\\\/author\\\/magdalenastoch\\\/\"}]}<\/script>\n<!-- \/ Yoast SEO plugin. -->","yoast_head_json":{"title":"7-daagse wandelreis door bergen van Ma\u0142opolska - Polen Travel (NL)","robots":{"index":"index","follow":"follow","max-snippet":"max-snippet:-1","max-image-preview":"max-image-preview:large","max-video-preview":"max-video-preview:-1"},"canonical":"https:\/\/www.polen.travel\/nl\/7-daagse-wandelreis-door-bergen-van-malopolska\/","og_locale":"pl_PL","og_type":"article","og_title":"7-daagse wandelreis door bergen van Ma\u0142opolska - Polen Travel (NL)","og_description":"7-daagse wandelreis door bergen van Ma\u0142opolska September komt eraan \u2013 voor veel wandelaars de mooiste maand om de bergen in te trekken. De drukte van de zomer neemt af, de temperaturen zijn aangenaam en het heldere herfstlicht zorgt vaak voor spectaculaire vergezichten. Daarom hebben we een voorstel voor een weeklange wandeltocht door Ma\u0142opolska, met overnachtingen [&hellip;]","og_url":"https:\/\/www.polen.travel\/nl\/7-daagse-wandelreis-door-bergen-van-malopolska\/","og_site_name":"Polen Travel (NL)","article_published_time":"2026-09-02T12:54:16+00:00","article_modified_time":"2026-09-02T13:10:03+00:00","og_image":[{"width":2340,"height":1560,"url":"https:\/\/www.polen.travel\/nl\/wp-content\/uploads\/sites\/23\/2026\/09\/Trzy_Korony2.jpg","type":"image\/jpeg"}],"author":"magdalenastoch","twitter_card":"summary_large_image","twitter_misc":{"Napisane przez":"magdalenastoch","Szacowany czas czytania":"6 minut"},"schema":{"@context":"https:\/\/schema.org","@graph":[{"@type":"Article","@id":"https:\/\/www.polen.travel\/nl\/7-daagse-wandelreis-door-bergen-van-malopolska\/#article","isPartOf":{"@id":"https:\/\/www.polen.travel\/nl\/7-daagse-wandelreis-door-bergen-van-malopolska\/"},"author":{"name":"magdalenastoch","@id":"https:\/\/wp-nl.poland.travel\/#\/schema\/person\/d8e85fecf0241ba1e48f77f997b72b96"},"headline":"7-daagse wandelreis door bergen van Ma\u0142opolska","datePublished":"2026-09-02T12:54:16+00:00","dateModified":"2026-09-02T13:10:03+00:00","mainEntityOfPage":{"@id":"https:\/\/www.polen.travel\/nl\/7-daagse-wandelreis-door-bergen-van-malopolska\/"},"wordCount":1018,"publisher":{"@id":"https:\/\/wp-nl.poland.travel\/#organization"},"image":{"@id":"https:\/\/www.polen.travel\/nl\/7-daagse-wandelreis-door-bergen-van-malopolska\/#primaryimage"},"thumbnailUrl":"https:\/\/www.polen.travel\/nl\/wp-content\/uploads\/sites\/23\/2026\/09\/Trzy_Korony2.jpg","articleSection":["Inspirations","Wandelen"],"inLanguage":"pl-PL"},{"@type":"WebPage","@id":"https:\/\/www.polen.travel\/nl\/7-daagse-wandelreis-door-bergen-van-malopolska\/","url":"https:\/\/www.polen.travel\/nl\/7-daagse-wandelreis-door-bergen-van-malopolska\/","name":"7-daagse wandelreis door bergen van Ma\u0142opolska - Polen Travel (NL)","isPartOf":{"@id":"https:\/\/wp-nl.poland.travel\/#website"},"primaryImageOfPage":{"@id":"https:\/\/www.polen.travel\/nl\/7-daagse-wandelreis-door-bergen-van-malopolska\/#primaryimage"},"image":{"@id":"https:\/\/www.polen.travel\/nl\/7-daagse-wandelreis-door-bergen-van-malopolska\/#primaryimage"},"thumbnailUrl":"https:\/\/www.polen.travel\/nl\/wp-content\/uploads\/sites\/23\/2026\/09\/Trzy_Korony2.jpg","datePublished":"2026-09-02T12:54:16+00:00","dateModified":"2026-09-02T13:10:03+00:00","breadcrumb":{"@id":"https:\/\/www.polen.travel\/nl\/7-daagse-wandelreis-door-bergen-van-malopolska\/#breadcrumb"},"inLanguage":"pl-PL","potentialAction":[{"@type":"ReadAction","target":["https:\/\/www.polen.travel\/nl\/7-daagse-wandelreis-door-bergen-van-malopolska\/"]}]},{"@type":"ImageObject","inLanguage":"pl-PL","@id":"https:\/\/www.polen.travel\/nl\/7-daagse-wandelreis-door-bergen-van-malopolska\/#primaryimage","url":"https:\/\/www.polen.travel\/nl\/wp-content\/uploads\/sites\/23\/2026\/09\/Trzy_Korony2.jpg","contentUrl":"https:\/\/www.polen.travel\/nl\/wp-content\/uploads\/sites\/23\/2026\/09\/Trzy_Korony2.jpg","width":2340,"height":1560},{"@type":"BreadcrumbList","@id":"https:\/\/www.polen.travel\/nl\/7-daagse-wandelreis-door-bergen-van-malopolska\/#breadcrumb","itemListElement":[{"@type":"ListItem","position":1,"name":"Home page","item":"https:\/\/www.polen.travel\/nl\/"},{"@type":"ListItem","position":2,"name":"Wandelen","item":"https:\/\/wp-nl.poland.travel\/wandelen\/"},{"@type":"ListItem","position":3,"name":"7-daagse wandelreis door bergen van Ma\u0142opolska"}]},{"@type":"WebSite","@id":"https:\/\/wp-nl.poland.travel\/#website","url":"https:\/\/wp-nl.poland.travel\/","name":"Polen Travel (NL)","description":"...","publisher":{"@id":"https:\/\/wp-nl.poland.travel\/#organization"},"potentialAction":[{"@type":"SearchAction","target":{"@type":"EntryPoint","urlTemplate":"https:\/\/wp-nl.poland.travel\/?s={search_term_string}"},"query-input":{"@type":"PropertyValueSpecification","valueRequired":true,"valueName":"search_term_string"}}],"inLanguage":"pl-PL"},{"@type":"Organization","@id":"https:\/\/wp-nl.poland.travel\/#organization","name":"Polen Travel (NL)","url":"https:\/\/wp-nl.poland.travel\/","logo":{"@type":"ImageObject","inLanguage":"pl-PL","@id":"https:\/\/wp-nl.poland.travel\/#\/schema\/logo\/image\/","url":"https:\/\/en-en.polska.travel\/wp-content\/uploads\/sites\/23\/2022\/11\/logo.svg","contentUrl":"https:\/\/en-en.polska.travel\/wp-content\/uploads\/sites\/23\/2022\/11\/logo.svg","width":198,"height":96,"caption":"Polen Travel (NL)"},"image":{"@id":"https:\/\/wp-nl.poland.travel\/#\/schema\/logo\/image\/"}},{"@type":"Person","@id":"https:\/\/wp-nl.poland.travel\/#\/schema\/person\/d8e85fecf0241ba1e48f77f997b72b96","name":"magdalenastoch","image":{"@type":"ImageObject","inLanguage":"pl-PL","@id":"https:\/\/secure.gravatar.com\/avatar\/7f42d93219121fc2e43b9f2af4d09f198ffdf142765ad70c1aa3e7d78ce037f5?s=96&d=mm&r=g","url":"https:\/\/secure.gravatar.com\/avatar\/7f42d93219121fc2e43b9f2af4d09f198ffdf142765ad70c1aa3e7d78ce037f5?s=96&d=mm&r=g","contentUrl":"https:\/\/secure.gravatar.com\/avatar\/7f42d93219121fc2e43b9f2af4d09f198ffdf142765ad70c1aa3e7d78ce037f5?s=96&d=mm&r=g","caption":"magdalenastoch"},"url":"https:\/\/www.polen.travel\/nl\/author\/magdalenastoch\/"}]}},"_links":{"self":[{"href":"https:\/\/www.polen.travel\/nl\/wp-json\/wp\/v2\/posts\/37087","targetHints":{"allow":["GET"]}}],"collection":[{"href":"https:\/\/www.polen.travel\/nl\/wp-json\/wp\/v2\/posts"}],"about":[{"href":"https:\/\/www.polen.travel\/nl\/wp-json\/wp\/v2\/types\/post"}],"author":[{"embeddable":true,"href":"https:\/\/www.polen.travel\/nl\/wp-json\/wp\/v2\/users\/51"}],"replies":[{"embeddable":true,"href":"https:\/\/www.polen.travel\/nl\/wp-json\/wp\/v2\/comments?post=37087"}],"version-history":[{"count":5,"href":"https:\/\/www.polen.travel\/nl\/wp-json\/wp\/v2\/posts\/37087\/revisions"}],"predecessor-version":[{"id":37095,"href":"https:\/\/www.polen.travel\/nl\/wp-json\/wp\/v2\/posts\/37087\/revisions\/37095"}],"wp:featuredmedia":[{"embeddable":true,"href":"https:\/\/www.polen.travel\/nl\/wp-json\/wp\/v2\/media\/37091"}],"wp:attachment":[{"href":"https:\/\/www.polen.travel\/nl\/wp-json\/wp\/v2\/media?parent=37087"}],"wp:term":[{"taxonomy":"category","embeddable":true,"href":"https:\/\/www.polen.travel\/nl\/wp-json\/wp\/v2\/categories?post=37087"}],"curies":[{"name":"wp","href":"https:\/\/api.w.org\/{rel}","templated":true}]}}