{"id":33516,"date":"2025-03-17T14:41:22","date_gmt":"2025-03-17T13:41:22","guid":{"rendered":"https:\/\/www.polen.travel\/nl\/?p=33516"},"modified":"2026-04-17T12:23:05","modified_gmt":"2026-04-17T10:23:05","slug":"pers-journalisten","status":"publish","type":"post","link":"https:\/\/www.polen.travel\/nl\/pers-journalisten\/","title":{"rendered":"Pers &amp; Journalisten"},"content":{"rendered":"\n<div class=\"wp-block-group is-style-container\"><div class=\"wp-block-group__inner-container is-layout-constrained wp-block-group-is-layout-constrained\">\n<h2 class=\"wp-block-heading\">Pers &amp; Journalisten<\/h2>\n<\/div><\/div>\n\n\n\n<div style=\"height:100px\" aria-hidden=\"true\" class=\"wp-block-spacer is-style-spacer-small\"><\/div>\n\n\n\n<div class=\"wp-block-group is-style-container\"><div class=\"wp-block-group__inner-container is-layout-constrained wp-block-group-is-layout-constrained\">\n<figure class=\"wp-block-image size-full\"><img loading=\"lazy\" decoding=\"async\" width=\"1170\" height=\"333\" src=\"https:\/\/www.polen.travel\/nl\/wp-content\/uploads\/sites\/23\/2025\/03\/Jablka_Dziecko1170.jpg\" alt=\"\" class=\"wp-image-34217\" srcset=\"https:\/\/www.polen.travel\/nl\/wp-content\/uploads\/sites\/23\/2025\/03\/Jablka_Dziecko1170.jpg 1170w, https:\/\/www.polen.travel\/nl\/wp-content\/uploads\/sites\/23\/2025\/03\/Jablka_Dziecko1170-600x171.jpg 600w, https:\/\/www.polen.travel\/nl\/wp-content\/uploads\/sites\/23\/2025\/03\/Jablka_Dziecko1170-768x219.jpg 768w\" sizes=\"auto, (max-width: 1170px) 100vw, 1170px\" \/><\/figure>\n<\/div><\/div>\n\n\n\n<div style=\"height:100px\" aria-hidden=\"true\" class=\"wp-block-spacer is-style-spacer-small\"><\/div>\n\n\n\n<div class=\"wp-block-group is-style-container-medium\"><div class=\"wp-block-group__inner-container is-layout-constrained wp-block-group-is-layout-constrained\">\n<p><strong>Persartikelen en publicaties spelen een cruciale rol in de toeristische promotie van Polen.<\/strong><br>Naast traditionele media winnen bloggers en online influencers steeds meer aan invloed \u2013 een ontwikkeling die niet meer te negeren valt.<\/p>\n\n\n\n<p><a href=\"\/nl\/bureau-in-amsterdam\/\" target=\"_blank\" rel=\"noreferrer noopener\">De Poolse Organisatie voor Toerisme in Amsterdam<\/a> biedt een breed scala aan persreizen aan, gericht op actuele thema\u2019s die inspelen op grote belangstelling en interesse.<\/p>\n\n\n\n<p>Elk jaar nemen wij deel aan de ANTOR-pressworkshops en aan de TravelPRESSentation-workshop.&nbsp;Wij kijken ernaar uit om daar jullie te ontmoeten.<\/p>\n\n\n\n<p><strong>Wat je moet weten als je een persreis via de Poolse Organisatie voor Toerisme\u00a0in Amsterdam aanvraagt<\/strong><\/p>\n\n\n\n<p>Leuk dat je interesse hebt in een persreis naar Polen! We ontvangen veel aanvragen, dus om alles goed te laten verlopen, hanteren we een aantal eenvoudige richtlijnen:<\/p>\n\n\n\n<ul class=\"wp-block-list\">\n<li>We ondersteunen alleen persreizen voor Nederlandse media die passen bij onze promotiestrategie en onderdeel zijn van een redactionele reisreportage. Het artikel moet verschijnen in \u00e9\u00e9n van onze doelmedia. Elke aanvraag bekijken we afzonderlijk.<\/li>\n\n\n\n<li>Voor online publicaties vragen we een mediakit \u00e9n een screenshot van je maandelijkse bezoekersstatistieken (inclusief UVPM en totale bezoeken).<\/li>\n\n\n\n<li>Persreizen plannen we <strong>niet<\/strong> in het hoogseizoen, dus niet in juli en augustus, met carnaval, Pasen of rond Kerst en Nieuwjaar.<\/li>\n\n\n\n<li>In je artikel vragen we een korte \u2018praktische informatie\u2019 op te nemen over onze partners (zoals plaatselijke toeristische diensten, accommodaties, enz.). Graag ook deze vermelding:\u00a0<em>\u2018Voor meer informatie over [bestemming] en reizen naar Polen, bezoek <a>www.polen.travel\u2019<\/a>.<\/em><\/li>\n\n\n\n<li>We organiseren geen persreizen voor families met kinderen, ook niet naar gezinsgerichte bestemmingen.<\/li>\n\n\n\n<li>De Poolse Organisatie voor Toerisme is niet verantwoordelijk voor persoonlijke reisverzekeringen. Ook overnachtingen v\u00f3\u00f3r de offici\u00eble start van de reis vallen buiten onze ondersteuning.<\/li>\n\n\n\n<li>Na je reis horen we graag kort hoe je het ervaren hebt \u2013 dat helpt ons om toekomstige persreizen nog beter te organiseren.<\/li>\n<\/ul>\n\n\n\n<p><strong>Vragen? Neem gerust contact met ons op:<\/strong><br><a href=\"Magdalena.Stoch@polen.travel\">Magdalena.Stoch@polen.travel<\/a><br><a href=\"Andrzej.Pawluszek@polen.travel\">Andrzej.Pawluszek@polen.travel<\/a><br><a href=\"Malgorzata.Duijnmayer@polen.travel\">Malgorzata.Duijnmayer@polen.travel<\/a><\/p>\n\n\n\n<div style=\"height:100px\" aria-hidden=\"true\" class=\"wp-block-spacer is-style-spacer-small\"><\/div>\n\n\n\n<p><a href=\"\/wp-content\/uploads\/sites\/23\/2026\/04\/post-press-trip-enquete.docx\" target=\"_blank\" rel=\"noreferrer noopener\">Post press trip enquete<\/a><\/p>\n\n\n\n<p><a href=\"\/wp-content\/uploads\/sites\/23\/2026\/04\/2025-press-trip-inschrijving-en-rodo.docx\" target=\"_blank\" rel=\"noreferrer noopener\">2025 press trip inschrijving en rodo<\/a><\/p>\n<\/div><\/div>\n\n\n\n<div style=\"height:100px\" aria-hidden=\"true\" class=\"wp-block-spacer is-style-spacer-small\"><\/div>\n\n\n\n<p><\/p>\n","protected":false},"excerpt":{"rendered":"<p>Pers &amp; Journalisten Persartikelen en publicaties spelen een cruciale rol in de toeristische promotie van Polen.Naast traditionele media winnen bloggers en online influencers steeds meer aan invloed \u2013 een ontwikkeling die niet meer te negeren valt. De Poolse Organisatie voor Toerisme in Amsterdam biedt een breed scala aan persreizen aan, gericht op actuele thema\u2019s die [&hellip;]<\/p>\n","protected":false},"author":4,"featured_media":0,"comment_status":"open","ping_status":"open","sticky":false,"template":"","format":"standard","meta":{"_acf_changed":false,"footnotes":""},"categories":[1253],"class_list":["post-33516","post","type-post","status-publish","format-standard","hentry","category-contact-professionals"],"acf":[],"yoast_head":"<!-- This site is optimized with the Yoast SEO plugin v27.4 - https:\/\/yoast.com\/product\/yoast-seo-wordpress\/ -->\n<title>Pers &amp; Journalisten - Polen Travel (NL)<\/title>\n<meta name=\"robots\" content=\"index, follow, max-snippet:-1, max-image-preview:large, max-video-preview:-1\" \/>\n<link rel=\"canonical\" href=\"https:\/\/wp-nl.poland.travel\/pers-journalisten\/\" \/>\n<meta property=\"og:locale\" content=\"pl_PL\" \/>\n<meta property=\"og:type\" content=\"article\" \/>\n<meta property=\"og:title\" content=\"Pers &amp; Journalisten - Polen Travel (NL)\" \/>\n<meta property=\"og:description\" content=\"Pers &amp; Journalisten Persartikelen en publicaties spelen een cruciale rol in de toeristische promotie van Polen.Naast traditionele media winnen bloggers en online influencers steeds meer aan invloed \u2013 een ontwikkeling die niet meer te negeren valt. De Poolse Organisatie voor Toerisme in Amsterdam biedt een breed scala aan persreizen aan, gericht op actuele thema\u2019s die [&hellip;]\" \/>\n<meta property=\"og:url\" content=\"https:\/\/wp-nl.poland.travel\/pers-journalisten\/\" \/>\n<meta property=\"og:site_name\" content=\"Polen Travel (NL)\" \/>\n<meta property=\"article:published_time\" content=\"2025-03-17T13:41:22+00:00\" \/>\n<meta property=\"article:modified_time\" content=\"2026-04-17T10:23:05+00:00\" \/>\n<meta property=\"og:image\" content=\"https:\/\/www.polen.travel\/nl\/wp-content\/uploads\/sites\/23\/2025\/03\/Jablka_Dziecko1170.jpg\" \/>\n\t<meta property=\"og:image:width\" content=\"1170\" \/>\n\t<meta property=\"og:image:height\" content=\"333\" \/>\n\t<meta property=\"og:image:type\" content=\"image\/jpeg\" \/>\n<meta name=\"author\" content=\"paulinaskoczen\" \/>\n<meta name=\"twitter:card\" content=\"summary_large_image\" \/>\n<meta name=\"twitter:label1\" content=\"Napisane przez\" \/>\n\t<meta name=\"twitter:data1\" content=\"paulinaskoczen\" \/>\n\t<meta name=\"twitter:label2\" content=\"Szacowany czas czytania\" \/>\n\t<meta name=\"twitter:data2\" content=\"3 minuty\" \/>\n<script type=\"application\/ld+json\" class=\"yoast-schema-graph\">{\"@context\":\"https:\\\/\\\/schema.org\",\"@graph\":[{\"@type\":\"Article\",\"@id\":\"https:\\\/\\\/wp-nl.poland.travel\\\/pers-journalisten\\\/#article\",\"isPartOf\":{\"@id\":\"https:\\\/\\\/wp-nl.poland.travel\\\/pers-journalisten\\\/\"},\"author\":{\"name\":\"paulinaskoczen\",\"@id\":\"https:\\\/\\\/wp-nl.poland.travel\\\/#\\\/schema\\\/person\\\/a7e7220cbf656ec08ed713e97c7c1c85\"},\"headline\":\"Pers &amp; Journalisten\",\"datePublished\":\"2025-03-17T13:41:22+00:00\",\"dateModified\":\"2026-04-17T10:23:05+00:00\",\"mainEntityOfPage\":{\"@id\":\"https:\\\/\\\/wp-nl.poland.travel\\\/pers-journalisten\\\/\"},\"wordCount\":331,\"commentCount\":0,\"publisher\":{\"@id\":\"https:\\\/\\\/wp-nl.poland.travel\\\/#organization\"},\"image\":{\"@id\":\"https:\\\/\\\/wp-nl.poland.travel\\\/pers-journalisten\\\/#primaryimage\"},\"thumbnailUrl\":\"https:\\\/\\\/www.polen.travel\\\/nl\\\/wp-content\\\/uploads\\\/sites\\\/23\\\/2025\\\/03\\\/Jablka_Dziecko1170.jpg\",\"articleSection\":[\"CONTACT \\\/ PROFESSIONALS\"],\"inLanguage\":\"pl-PL\"},{\"@type\":\"WebPage\",\"@id\":\"https:\\\/\\\/wp-nl.poland.travel\\\/pers-journalisten\\\/\",\"url\":\"https:\\\/\\\/wp-nl.poland.travel\\\/pers-journalisten\\\/\",\"name\":\"Pers &amp; Journalisten - Polen Travel (NL)\",\"isPartOf\":{\"@id\":\"https:\\\/\\\/wp-nl.poland.travel\\\/#website\"},\"primaryImageOfPage\":{\"@id\":\"https:\\\/\\\/wp-nl.poland.travel\\\/pers-journalisten\\\/#primaryimage\"},\"image\":{\"@id\":\"https:\\\/\\\/wp-nl.poland.travel\\\/pers-journalisten\\\/#primaryimage\"},\"thumbnailUrl\":\"https:\\\/\\\/www.polen.travel\\\/nl\\\/wp-content\\\/uploads\\\/sites\\\/23\\\/2025\\\/03\\\/Jablka_Dziecko1170.jpg\",\"datePublished\":\"2025-03-17T13:41:22+00:00\",\"dateModified\":\"2026-04-17T10:23:05+00:00\",\"breadcrumb\":{\"@id\":\"https:\\\/\\\/wp-nl.poland.travel\\\/pers-journalisten\\\/#breadcrumb\"},\"inLanguage\":\"pl-PL\",\"potentialAction\":[{\"@type\":\"ReadAction\",\"target\":[\"https:\\\/\\\/wp-nl.poland.travel\\\/pers-journalisten\\\/\"]}]},{\"@type\":\"ImageObject\",\"inLanguage\":\"pl-PL\",\"@id\":\"https:\\\/\\\/wp-nl.poland.travel\\\/pers-journalisten\\\/#primaryimage\",\"url\":\"https:\\\/\\\/www.polen.travel\\\/nl\\\/wp-content\\\/uploads\\\/sites\\\/23\\\/2025\\\/03\\\/Jablka_Dziecko1170.jpg\",\"contentUrl\":\"https:\\\/\\\/www.polen.travel\\\/nl\\\/wp-content\\\/uploads\\\/sites\\\/23\\\/2025\\\/03\\\/Jablka_Dziecko1170.jpg\",\"width\":1170,\"height\":333,\"caption\":\"Child with Child with an apple. Selective focus. Garden Food\"},{\"@type\":\"BreadcrumbList\",\"@id\":\"https:\\\/\\\/wp-nl.poland.travel\\\/pers-journalisten\\\/#breadcrumb\",\"itemListElement\":[{\"@type\":\"ListItem\",\"position\":1,\"name\":\"Home page\",\"item\":\"https:\\\/\\\/www.polen.travel\\\/nl\\\/\"},{\"@type\":\"ListItem\",\"position\":2,\"name\":\"CONTACT \\\/ PROFESSIONALS\",\"item\":\"https:\\\/\\\/wp-nl.poland.travel\\\/category\\\/contact-professionals\\\/\"},{\"@type\":\"ListItem\",\"position\":3,\"name\":\"Pers &amp; Journalisten\"}]},{\"@type\":\"WebSite\",\"@id\":\"https:\\\/\\\/wp-nl.poland.travel\\\/#website\",\"url\":\"https:\\\/\\\/wp-nl.poland.travel\\\/\",\"name\":\"Polen Travel (NL)\",\"description\":\"...\",\"publisher\":{\"@id\":\"https:\\\/\\\/wp-nl.poland.travel\\\/#organization\"},\"potentialAction\":[{\"@type\":\"SearchAction\",\"target\":{\"@type\":\"EntryPoint\",\"urlTemplate\":\"https:\\\/\\\/wp-nl.poland.travel\\\/?s={search_term_string}\"},\"query-input\":{\"@type\":\"PropertyValueSpecification\",\"valueRequired\":true,\"valueName\":\"search_term_string\"}}],\"inLanguage\":\"pl-PL\"},{\"@type\":\"Organization\",\"@id\":\"https:\\\/\\\/wp-nl.poland.travel\\\/#organization\",\"name\":\"Polen Travel (NL)\",\"url\":\"https:\\\/\\\/wp-nl.poland.travel\\\/\",\"logo\":{\"@type\":\"ImageObject\",\"inLanguage\":\"pl-PL\",\"@id\":\"https:\\\/\\\/wp-nl.poland.travel\\\/#\\\/schema\\\/logo\\\/image\\\/\",\"url\":\"https:\\\/\\\/en-en.polska.travel\\\/wp-content\\\/uploads\\\/sites\\\/23\\\/2022\\\/11\\\/logo.svg\",\"contentUrl\":\"https:\\\/\\\/en-en.polska.travel\\\/wp-content\\\/uploads\\\/sites\\\/23\\\/2022\\\/11\\\/logo.svg\",\"width\":198,\"height\":96,\"caption\":\"Polen Travel (NL)\"},\"image\":{\"@id\":\"https:\\\/\\\/wp-nl.poland.travel\\\/#\\\/schema\\\/logo\\\/image\\\/\"}},{\"@type\":\"Person\",\"@id\":\"https:\\\/\\\/wp-nl.poland.travel\\\/#\\\/schema\\\/person\\\/a7e7220cbf656ec08ed713e97c7c1c85\",\"name\":\"paulinaskoczen\",\"image\":{\"@type\":\"ImageObject\",\"inLanguage\":\"pl-PL\",\"@id\":\"https:\\\/\\\/secure.gravatar.com\\\/avatar\\\/0e1d86345b101a3a9405065a92e055ee3c308177859477bf8efeee50099c0d45?s=96&d=mm&r=g\",\"url\":\"https:\\\/\\\/secure.gravatar.com\\\/avatar\\\/0e1d86345b101a3a9405065a92e055ee3c308177859477bf8efeee50099c0d45?s=96&d=mm&r=g\",\"contentUrl\":\"https:\\\/\\\/secure.gravatar.com\\\/avatar\\\/0e1d86345b101a3a9405065a92e055ee3c308177859477bf8efeee50099c0d45?s=96&d=mm&r=g\",\"caption\":\"paulinaskoczen\"},\"url\":\"https:\\\/\\\/www.polen.travel\\\/nl\\\/author\\\/paulinaskoczen\\\/\"}]}<\/script>\n<!-- \/ Yoast SEO plugin. -->","yoast_head_json":{"title":"Pers &amp; Journalisten - Polen Travel (NL)","robots":{"index":"index","follow":"follow","max-snippet":"max-snippet:-1","max-image-preview":"max-image-preview:large","max-video-preview":"max-video-preview:-1"},"canonical":"https:\/\/wp-nl.poland.travel\/pers-journalisten\/","og_locale":"pl_PL","og_type":"article","og_title":"Pers &amp; Journalisten - Polen Travel (NL)","og_description":"Pers &amp; Journalisten Persartikelen en publicaties spelen een cruciale rol in de toeristische promotie van Polen.Naast traditionele media winnen bloggers en online influencers steeds meer aan invloed \u2013 een ontwikkeling die niet meer te negeren valt. De Poolse Organisatie voor Toerisme in Amsterdam biedt een breed scala aan persreizen aan, gericht op actuele thema\u2019s die [&hellip;]","og_url":"https:\/\/wp-nl.poland.travel\/pers-journalisten\/","og_site_name":"Polen Travel (NL)","article_published_time":"2025-03-17T13:41:22+00:00","article_modified_time":"2026-04-17T10:23:05+00:00","og_image":[{"width":1170,"height":333,"url":"https:\/\/www.polen.travel\/nl\/wp-content\/uploads\/sites\/23\/2025\/03\/Jablka_Dziecko1170.jpg","type":"image\/jpeg"}],"author":"paulinaskoczen","twitter_card":"summary_large_image","twitter_misc":{"Napisane przez":"paulinaskoczen","Szacowany czas czytania":"3 minuty"},"schema":{"@context":"https:\/\/schema.org","@graph":[{"@type":"Article","@id":"https:\/\/wp-nl.poland.travel\/pers-journalisten\/#article","isPartOf":{"@id":"https:\/\/wp-nl.poland.travel\/pers-journalisten\/"},"author":{"name":"paulinaskoczen","@id":"https:\/\/wp-nl.poland.travel\/#\/schema\/person\/a7e7220cbf656ec08ed713e97c7c1c85"},"headline":"Pers &amp; Journalisten","datePublished":"2025-03-17T13:41:22+00:00","dateModified":"2026-04-17T10:23:05+00:00","mainEntityOfPage":{"@id":"https:\/\/wp-nl.poland.travel\/pers-journalisten\/"},"wordCount":331,"commentCount":0,"publisher":{"@id":"https:\/\/wp-nl.poland.travel\/#organization"},"image":{"@id":"https:\/\/wp-nl.poland.travel\/pers-journalisten\/#primaryimage"},"thumbnailUrl":"https:\/\/www.polen.travel\/nl\/wp-content\/uploads\/sites\/23\/2025\/03\/Jablka_Dziecko1170.jpg","articleSection":["CONTACT \/ PROFESSIONALS"],"inLanguage":"pl-PL"},{"@type":"WebPage","@id":"https:\/\/wp-nl.poland.travel\/pers-journalisten\/","url":"https:\/\/wp-nl.poland.travel\/pers-journalisten\/","name":"Pers &amp; Journalisten - Polen Travel (NL)","isPartOf":{"@id":"https:\/\/wp-nl.poland.travel\/#website"},"primaryImageOfPage":{"@id":"https:\/\/wp-nl.poland.travel\/pers-journalisten\/#primaryimage"},"image":{"@id":"https:\/\/wp-nl.poland.travel\/pers-journalisten\/#primaryimage"},"thumbnailUrl":"https:\/\/www.polen.travel\/nl\/wp-content\/uploads\/sites\/23\/2025\/03\/Jablka_Dziecko1170.jpg","datePublished":"2025-03-17T13:41:22+00:00","dateModified":"2026-04-17T10:23:05+00:00","breadcrumb":{"@id":"https:\/\/wp-nl.poland.travel\/pers-journalisten\/#breadcrumb"},"inLanguage":"pl-PL","potentialAction":[{"@type":"ReadAction","target":["https:\/\/wp-nl.poland.travel\/pers-journalisten\/"]}]},{"@type":"ImageObject","inLanguage":"pl-PL","@id":"https:\/\/wp-nl.poland.travel\/pers-journalisten\/#primaryimage","url":"https:\/\/www.polen.travel\/nl\/wp-content\/uploads\/sites\/23\/2025\/03\/Jablka_Dziecko1170.jpg","contentUrl":"https:\/\/www.polen.travel\/nl\/wp-content\/uploads\/sites\/23\/2025\/03\/Jablka_Dziecko1170.jpg","width":1170,"height":333,"caption":"Child with Child with an apple. Selective focus. Garden Food"},{"@type":"BreadcrumbList","@id":"https:\/\/wp-nl.poland.travel\/pers-journalisten\/#breadcrumb","itemListElement":[{"@type":"ListItem","position":1,"name":"Home page","item":"https:\/\/www.polen.travel\/nl\/"},{"@type":"ListItem","position":2,"name":"CONTACT \/ PROFESSIONALS","item":"https:\/\/wp-nl.poland.travel\/category\/contact-professionals\/"},{"@type":"ListItem","position":3,"name":"Pers &amp; Journalisten"}]},{"@type":"WebSite","@id":"https:\/\/wp-nl.poland.travel\/#website","url":"https:\/\/wp-nl.poland.travel\/","name":"Polen Travel (NL)","description":"...","publisher":{"@id":"https:\/\/wp-nl.poland.travel\/#organization"},"potentialAction":[{"@type":"SearchAction","target":{"@type":"EntryPoint","urlTemplate":"https:\/\/wp-nl.poland.travel\/?s={search_term_string}"},"query-input":{"@type":"PropertyValueSpecification","valueRequired":true,"valueName":"search_term_string"}}],"inLanguage":"pl-PL"},{"@type":"Organization","@id":"https:\/\/wp-nl.poland.travel\/#organization","name":"Polen Travel (NL)","url":"https:\/\/wp-nl.poland.travel\/","logo":{"@type":"ImageObject","inLanguage":"pl-PL","@id":"https:\/\/wp-nl.poland.travel\/#\/schema\/logo\/image\/","url":"https:\/\/en-en.polska.travel\/wp-content\/uploads\/sites\/23\/2022\/11\/logo.svg","contentUrl":"https:\/\/en-en.polska.travel\/wp-content\/uploads\/sites\/23\/2022\/11\/logo.svg","width":198,"height":96,"caption":"Polen Travel (NL)"},"image":{"@id":"https:\/\/wp-nl.poland.travel\/#\/schema\/logo\/image\/"}},{"@type":"Person","@id":"https:\/\/wp-nl.poland.travel\/#\/schema\/person\/a7e7220cbf656ec08ed713e97c7c1c85","name":"paulinaskoczen","image":{"@type":"ImageObject","inLanguage":"pl-PL","@id":"https:\/\/secure.gravatar.com\/avatar\/0e1d86345b101a3a9405065a92e055ee3c308177859477bf8efeee50099c0d45?s=96&d=mm&r=g","url":"https:\/\/secure.gravatar.com\/avatar\/0e1d86345b101a3a9405065a92e055ee3c308177859477bf8efeee50099c0d45?s=96&d=mm&r=g","contentUrl":"https:\/\/secure.gravatar.com\/avatar\/0e1d86345b101a3a9405065a92e055ee3c308177859477bf8efeee50099c0d45?s=96&d=mm&r=g","caption":"paulinaskoczen"},"url":"https:\/\/www.polen.travel\/nl\/author\/paulinaskoczen\/"}]}},"_links":{"self":[{"href":"https:\/\/www.polen.travel\/nl\/wp-json\/wp\/v2\/posts\/33516","targetHints":{"allow":["GET"]}}],"collection":[{"href":"https:\/\/www.polen.travel\/nl\/wp-json\/wp\/v2\/posts"}],"about":[{"href":"https:\/\/www.polen.travel\/nl\/wp-json\/wp\/v2\/types\/post"}],"author":[{"embeddable":true,"href":"https:\/\/www.polen.travel\/nl\/wp-json\/wp\/v2\/users\/4"}],"replies":[{"embeddable":true,"href":"https:\/\/www.polen.travel\/nl\/wp-json\/wp\/v2\/comments?post=33516"}],"version-history":[{"count":6,"href":"https:\/\/www.polen.travel\/nl\/wp-json\/wp\/v2\/posts\/33516\/revisions"}],"predecessor-version":[{"id":34219,"href":"https:\/\/www.polen.travel\/nl\/wp-json\/wp\/v2\/posts\/33516\/revisions\/34219"}],"wp:attachment":[{"href":"https:\/\/www.polen.travel\/nl\/wp-json\/wp\/v2\/media?parent=33516"}],"wp:term":[{"taxonomy":"category","embeddable":true,"href":"https:\/\/www.polen.travel\/nl\/wp-json\/wp\/v2\/categories?post=33516"}],"curies":[{"name":"wp","href":"https:\/\/api.w.org\/{rel}","templated":true}]}}