{"id":31962,"date":"2026-04-14T09:39:43","date_gmt":"2026-04-14T07:39:43","guid":{"rendered":"https:\/\/www.polen.travel\/nl\/?p=31962"},"modified":"2026-04-14T09:39:44","modified_gmt":"2026-04-14T07:39:44","slug":"de-sudeten-hoofdroute","status":"publish","type":"post","link":"https:\/\/www.polen.travel\/nl\/de-sudeten-hoofdroute\/","title":{"rendered":"De Sudeten hoofdroute"},"content":{"rendered":"\n<div class=\"wp-block-group is-style-container-medium\"><div class=\"wp-block-group__inner-container is-layout-constrained wp-block-group-is-layout-constrained\">\n<h2 class=\"wp-block-heading\">De Sudeten hoofdroute<\/h2>\n\n\n\n<div style=\"height:100px\" aria-hidden=\"true\" class=\"wp-block-spacer is-style-spacer-small\"><\/div>\n\n\n\n<p><strong>De Sudeten hoofdroute<\/strong><\/p>\n\n\n\n<p>De Sudeten hoofdroute is de langste&nbsp;wandelroute in de Poolse Sudeten, en de op een na langste trail in Polen, na de Beskiden hoofdroute. De Sudeten hoofdroute is ongeveer 440 km lang en is rood gemarkeerd. Hij loopt door de belangrijkste bergketens van de Sudeten. De eindpunten, aangegeven met een rode stip in de plaatsen, zijn Prudnik in de <a href=\"https:\/\/www.polen.travel\/nl\/bezoeken\/regios\/de-provincie-opole-opolskie-dino%E2%80%99s-marktstandjes-en-kuren-met-kneipp\" target=\"_blank\" rel=\"noreferrer noopener\">regio Opole<\/a> en \u015awierad\u00f3w-Zdr\u00f3j in de regio <a href=\"https:\/\/www.polen.travel\/nl\/bezoeken\/regios\/neder-silezie-dolnoslaskie-cultuurhoofdstad-vredeskerken-mysterieuze-bergen\" target=\"_blank\" rel=\"noreferrer noopener\">Neder-Silezi\u00eb<\/a>. De route loopt door het Opawskie-gebergte met de Biskupia Kopa, het Gouden Gebergte, het \u015anie\u017cnik-massief, het Bystrzyckie- en Orlickie-gebergte, het Tafelgebergte, het Uilengebergte, het Stenen Gebergte, de Rudawy Janowickie, de Karkonosze en het Izerskie-gebergte.<\/p>\n\n\n\n<p>De Sudeten hoofdroute maakt het mogelijk om vele bergtoppen te beklimmen die deel uitmaken van de Kroon van Poolse Bergen, maar ook om door populaire plaatsen in de Sudeten te wandelen. Tijdens het wandelen kunt u ook verschillende bezienswaardigheden bezoeken, zoals de goudmijn in Z\u0142oty Stok, de basiliek in Wambierzyce en de vesting Srebrna G\u00f3ra. De route omvat bergwatervallen, een rotslabyrint en talrijke uitkijktorens van waaruit u prachtige bergpanorama&#8217;s kunt bewonderen.<\/p>\n\n\n\n<p>De totale hoeveelheid klimmen in beide richtingen is gelijk, de meeste mensen beginnen van het westen naar het oosten. Iemand die goed voorbereid is, heeft minstens twee tot twee\u00ebnhalve week nodig om het hele traject af te leggen.<\/p>\n<\/div><\/div>\n\n\n\n<div style=\"height:100px\" aria-hidden=\"true\" class=\"wp-block-spacer is-style-spacer-small\"><\/div>\n\n\n\n<div class=\"wp-block-group is-style-container\"><div class=\"wp-block-group__inner-container is-layout-constrained wp-block-group-is-layout-constrained\"><div class=\"wp-block-image\">\n<figure class=\"aligncenter size-full\"><img loading=\"lazy\" decoding=\"async\" width=\"1180\" height=\"783\" src=\"https:\/\/www.polen.travel\/nl\/wp-content\/uploads\/sites\/23\/2024\/12\/Reuzengebergte.jpg\" alt=\"\" class=\"wp-image-34193\" srcset=\"https:\/\/www.polen.travel\/nl\/wp-content\/uploads\/sites\/23\/2024\/12\/Reuzengebergte.jpg 1180w, https:\/\/www.polen.travel\/nl\/wp-content\/uploads\/sites\/23\/2024\/12\/Reuzengebergte-600x398.jpg 600w, https:\/\/www.polen.travel\/nl\/wp-content\/uploads\/sites\/23\/2024\/12\/Reuzengebergte-768x510.jpg 768w\" sizes=\"auto, (max-width: 1180px) 100vw, 1180px\" \/><\/figure><\/div><\/div><\/div>\n\n\n\n<div style=\"height:100px\" aria-hidden=\"true\" class=\"wp-block-spacer is-style-spacer-small\"><\/div>\n\n\n\n<div class=\"wp-block-group is-style-container-medium\"><div class=\"wp-block-group__inner-container is-layout-constrained wp-block-group-is-layout-constrained\">\n<p><strong>Etappes &#8211; bergketens (van west naar oost):<\/strong><\/p>\n\n\n\n<ul class=\"wp-block-list\">\n<li><strong>Het Izergebergte (G\u00f3ry Izerskie)<\/strong>: het Izergebergte is de meest westelijke bergketen van het Sudetenland in Polen, met toppen die niet hoger zijn dan 1200 m boven de zeespiegel. Het Sudetenlandpad begint (of eindigt, afhankelijk van de gekozen richting) in het kuuroord \u015awierad\u00f3w Zdr\u00f3j. In het begin moet u een steile klim maken naar de berghut op Stog Izerski. Het pad loopt verder langs de aangename en betrekkelijk vlakke hoofdkam van de bergen. Om de hoogste top van het\u00a0Izergebergte te bereiken, moet u een stukje van de route afwijken. Dit komt omdat Wysoki Kopa (1126 m boven de zeespiegel) buiten de route ligt.<\/li>\n\n\n\n<li><strong>Reuzengebergte (Karkonosze)<\/strong>: de hoogste bergketen van het Sudetengebergte, voornamelijk gevormd uit graniet. Door hun grote relatieve hoogte lijkt de Karkonosze-bergketen bijzonder machtig. Zijn naam betekent &#8222;Reusachtige Bergen&#8221;. Na de beklimming van Hala Szrenicka kunt u een wandeling maken over de mooie hoofdkam van Karkonosze. Ongewone gletsjerbekkens, een ruig klimaat, frequente harde wind en een mistige omgeving geven het gevoel om echt in het hooggebergte te zijn.<\/li>\n\n\n\n<li><strong>Rudawy Janowickie<\/strong>: Na het drukke Reuzengebergte, vooral in het weekend, biedt het beboste Rudawy Janowickie rust en stilte. Het was hier dat de beroemde Poolse bergbeklimster Wanda Rutkiewicz haar klimavontuur begon. De Rudawy Janowickie bieden ook een prachtig uitzicht op de Karkonosze en de hele Jeleniog\u00f3rska Vallei.<\/li>\n\n\n\n<li><strong>Het Stenen Gebergte (G\u00f3ry Kamienne)<\/strong>: een weinig bekend gebergte, dat een wandelaar die er voor het eerst komt, kan verrassen. De pas is laag qua hoogte, maar extreem steil. Hier wacht u een moeilijke klim naar Bukowiec. In het Stenen Gebergte bevinden zich ook talrijke ondergrondse tunnels en de prachtige formatie Skalna Brama (Rotspoort).<\/li>\n\n\n\n<li><strong>Het Uilengebergte (G\u00f3ry Sowie)<\/strong>: via het W\u0142odarzmassief gaat de Sudetenroute het aangename Uilengebergte in. Als u het pad volgt, beklimt u de hoogste top van deze bergketen: de Grote Uil. In het Uilengebergte wachten ook talrijke herbergen op u: Orze\u0142 (Adelaar), Sowa (Uil) en Zygmunt\u00f3wka. De route gaat verder naar Srebrna G\u00f3ra, waar u de nooit veroverde machtige vesting kunt bezoeken.<\/li>\n\n\n\n<li><strong>Tafelbergen (G\u00f3ry Sto\u0142owe)<\/strong>: Het bijzonder dorp Wambierzyce met zijn indrukwekkende basiliek is een soort toegangspoort tot een van de mooiste Sudeten-bergen: Het Sto\u0142owe-gebergte. Hier werden de sc\u00e8nes voor de verfilming van The Chronicles of Narnia opgenomen. Rotsformaties, labyrinten, steegjes &#8211; het is de moeite waard wat meer tijd in deze bergen door te brengen om hun charme en mysterie ten volle te waarderen. Als u de hoogste top van het Sto\u0142owegebergte &#8211; Szczeliniec Wielki &#8211; wilt bedwingen, moet u even van het gele pad afgaan.<\/li>\n\n\n\n<li><strong>Het Orlickie Gebergte<\/strong>: net na Duszniki Zdr\u00f3j buigt de route even af naar het groene Adelaarsgebergte. Deze vriendelijke streek is een echt paradijs voor fietsers. Als u de Sudetenroute in het voorjaar of de zomer wandelt, zult u ongetwijfeld veel fietsers tegenkomen die daar over de paden rijden.<\/li>\n\n\n\n<li><strong>Bystrzyckie-gebergte<\/strong>: De hoofdroute van Sudecki volgt het prachtige veengebied van Zieleniec en kruist de bergkam van het beboste Bystrzyckie-gebergte. Achter het charmante dorpje Las\u00f3wka wacht het Jagodna berghotel, dat zich kenmerkt door gastvrijheid en grote porties heerlijk eten. Na de afdaling naar D\u0142ugopole Zdr\u00f3j volgt de route het vlakke terrein, dat helaas nogal eens over asfalt voert.<\/li>\n\n\n\n<li><strong>Het \u015anie\u017cnik Massief<\/strong>: De vlakke wandeling eindigt na Mi\u0119dzyg\u00f3rze, waar de toegang tot de top van de \u015anie\u017cnik wacht. Het pad loopt niet naar de top, maar alleen naar de herberg. Als u naar de top van \u015anie\u017cnik zelf wilt klimmen, moet u een stukje verder lopen langs het groene pad. Het pad zelf volgt een aangename route langs de bergkam, en na Czarna G\u00f3ra begint de afdaling naar L\u0105dek Zdr\u00f3j. In deze etappe bereikt het hoofdpad van de Sudecki-berg voor de laatste maal het plafond van 1000 m boven de zeespiegel.<\/li>\n\n\n\n<li><strong>De Gouden Bergen (G\u00f3ry Z\u0142ote)<\/strong>: \u015anie\u017cnik is een bergtop die zeer populair is bij toeristen. Het nabijgelegen Z\u0142ote-gebergte is echter veel minder bekend. Op weg naar Zloty Stok passeert u vele overblijfselen van middeleeuwse mijnen. De route loopt verder door het vrijwel vlakke Sudetische Voorland, tot Paczk\u00f3w, en volgt dan de velden en weiden richting G\u0142ucho\u0142azy.<\/li>\n\n\n\n<li><strong>Opawskie gebergte<\/strong>: de laatste uitdaging op de route is een beklimming van Biskupia Kopa, de hoogste top van het Opawskie gebergte. Na de beklimming van deze berg via bospaden leidt het pad naar Prudnik, waar tegenover het station de rode stip wacht, die het eindpunt van het pad aangeeft.<\/li>\n<\/ul>\n\n\n\n<ul id=\"imageGallery\" class=\"wp-block-list\">\n<li><img alt=\"Sniezka top\"> Sniezka top<\/li>\n\n\n\n<li><img alt=\"Izergebergte\"> Izergebergte<\/li>\n\n\n\n<li><img alt=\"Sniezne Kotly - gletsjercirques\"> Sniezne Kotly &#8211; gletsjercirques<\/li>\n\n\n\n<li><img alt=\"Uilengebergte\"> Uilengebergte<\/li>\n\n\n\n<li><img alt=\"Tafelbergen\"> Tafelbergen<\/li>\n\n\n\n<li><img alt=\"Bystrzyckie Gebergte\"> Bystrzyckie Gebergte<\/li>\n\n\n\n<li><img alt=\"Bij Snieznik Massief\"> Bij Snieznik Massief<\/li>\n\n\n\n<li><img alt=\"Wilczki Waterfal\"> Wilczki Waterfal<\/li>\n\n\n\n<li><img alt=\"Andrzejowka berghut\"> Andrzejowka berghut<\/li>\n<\/ul>\n<\/div><\/div>\n\n\n\n<div style=\"height:100px\" aria-hidden=\"true\" class=\"wp-block-spacer is-style-spacer-small\"><\/div>\n\n\n\n<div class=\"wp-block-group is-style-container\"><div class=\"wp-block-group__inner-container is-layout-constrained wp-block-group-is-layout-constrained\">  <div class=\"gallery-tiles gallery-tiles--rows-2-3 lightgallery\">\r\n          <a href=\"https:\/\/www.polen.travel\/nl\/wp-content\/uploads\/sites\/23\/2024\/12\/Sniezka.jpg\" class=\"gallery-tiles__item\" data-src=\"https:\/\/www.polen.travel\/nl\/wp-content\/uploads\/sites\/23\/2024\/12\/Sniezka.jpg\"\r\n        aria-label=\"Otw\u00f3rz powi\u0119kszone zdj\u0119cie: \u015anie\u017cka\">\r\n        <img loading=\"lazy\" decoding=\"async\" width=\"1180\" height=\"789\" src=\"https:\/\/www.polen.travel\/nl\/wp-content\/uploads\/sites\/23\/2024\/12\/Sniezka.jpg\" class=\"gallery-tiles__thumb\" alt=\"\" srcset=\"https:\/\/www.polen.travel\/nl\/wp-content\/uploads\/sites\/23\/2024\/12\/Sniezka.jpg 1180w, https:\/\/www.polen.travel\/nl\/wp-content\/uploads\/sites\/23\/2024\/12\/Sniezka-600x401.jpg 600w, https:\/\/www.polen.travel\/nl\/wp-content\/uploads\/sites\/23\/2024\/12\/Sniezka-768x514.jpg 768w\" sizes=\"auto, (max-width: 1180px) 100vw, 1180px\" \/>      <\/a>\r\n          <a href=\"https:\/\/www.polen.travel\/nl\/wp-content\/uploads\/sites\/23\/2024\/12\/Izergebergte.jpg\" class=\"gallery-tiles__item\" data-src=\"https:\/\/www.polen.travel\/nl\/wp-content\/uploads\/sites\/23\/2024\/12\/Izergebergte.jpg\"\r\n        aria-label=\"Otw\u00f3rz powi\u0119kszone zdj\u0119cie: bsh\">\r\n        <img loading=\"lazy\" decoding=\"async\" width=\"1180\" height=\"885\" src=\"https:\/\/www.polen.travel\/nl\/wp-content\/uploads\/sites\/23\/2024\/12\/Izergebergte.jpg\" class=\"gallery-tiles__thumb\" alt=\"\" srcset=\"https:\/\/www.polen.travel\/nl\/wp-content\/uploads\/sites\/23\/2024\/12\/Izergebergte.jpg 1180w, https:\/\/www.polen.travel\/nl\/wp-content\/uploads\/sites\/23\/2024\/12\/Izergebergte-600x450.jpg 600w, https:\/\/www.polen.travel\/nl\/wp-content\/uploads\/sites\/23\/2024\/12\/Izergebergte-768x576.jpg 768w\" sizes=\"auto, (max-width: 1180px) 100vw, 1180px\" \/>      <\/a>\r\n          <a href=\"https:\/\/www.polen.travel\/nl\/wp-content\/uploads\/sites\/23\/2024\/12\/Sniezne-Kotly-Gletsjercirques.jpg\" class=\"gallery-tiles__item\" data-src=\"https:\/\/www.polen.travel\/nl\/wp-content\/uploads\/sites\/23\/2024\/12\/Sniezne-Kotly-Gletsjercirques.jpg\"\r\n        aria-label=\"Otw\u00f3rz powi\u0119kszone zdj\u0119cie: Sniezne Kotly &#8211; Gletsjercirques\">\r\n        <img loading=\"lazy\" decoding=\"async\" width=\"1180\" height=\"789\" src=\"https:\/\/www.polen.travel\/nl\/wp-content\/uploads\/sites\/23\/2024\/12\/Sniezne-Kotly-Gletsjercirques.jpg\" class=\"gallery-tiles__thumb\" alt=\"\" srcset=\"https:\/\/www.polen.travel\/nl\/wp-content\/uploads\/sites\/23\/2024\/12\/Sniezne-Kotly-Gletsjercirques.jpg 1180w, https:\/\/www.polen.travel\/nl\/wp-content\/uploads\/sites\/23\/2024\/12\/Sniezne-Kotly-Gletsjercirques-600x401.jpg 600w, https:\/\/www.polen.travel\/nl\/wp-content\/uploads\/sites\/23\/2024\/12\/Sniezne-Kotly-Gletsjercirques-768x514.jpg 768w\" sizes=\"auto, (max-width: 1180px) 100vw, 1180px\" \/>      <\/a>\r\n          <a href=\"https:\/\/www.polen.travel\/nl\/wp-content\/uploads\/sites\/23\/2024\/12\/Uilengebergte.jpg\" class=\"gallery-tiles__item\" data-src=\"https:\/\/www.polen.travel\/nl\/wp-content\/uploads\/sites\/23\/2024\/12\/Uilengebergte.jpg\"\r\n        aria-label=\"Otw\u00f3rz powi\u0119kszone zdj\u0119cie: Uilengebergte\">\r\n        <img loading=\"lazy\" decoding=\"async\" width=\"1180\" height=\"885\" src=\"https:\/\/www.polen.travel\/nl\/wp-content\/uploads\/sites\/23\/2024\/12\/Uilengebergte.jpg\" class=\"gallery-tiles__thumb\" alt=\"\" srcset=\"https:\/\/www.polen.travel\/nl\/wp-content\/uploads\/sites\/23\/2024\/12\/Uilengebergte.jpg 1180w, https:\/\/www.polen.travel\/nl\/wp-content\/uploads\/sites\/23\/2024\/12\/Uilengebergte-600x450.jpg 600w, https:\/\/www.polen.travel\/nl\/wp-content\/uploads\/sites\/23\/2024\/12\/Uilengebergte-768x576.jpg 768w\" sizes=\"auto, (max-width: 1180px) 100vw, 1180px\" \/>      <\/a>\r\n          <a href=\"https:\/\/www.polen.travel\/nl\/wp-content\/uploads\/sites\/23\/2024\/12\/Tafelgebrgte.jpg\" class=\"gallery-tiles__item\" data-src=\"https:\/\/www.polen.travel\/nl\/wp-content\/uploads\/sites\/23\/2024\/12\/Tafelgebrgte.jpg\"\r\n        aria-label=\"Otw\u00f3rz powi\u0119kszone zdj\u0119cie: Tafelgebrgte\">\r\n        <img loading=\"lazy\" decoding=\"async\" width=\"1180\" height=\"789\" src=\"https:\/\/www.polen.travel\/nl\/wp-content\/uploads\/sites\/23\/2024\/12\/Tafelgebrgte.jpg\" class=\"gallery-tiles__thumb\" alt=\"\" srcset=\"https:\/\/www.polen.travel\/nl\/wp-content\/uploads\/sites\/23\/2024\/12\/Tafelgebrgte.jpg 1180w, https:\/\/www.polen.travel\/nl\/wp-content\/uploads\/sites\/23\/2024\/12\/Tafelgebrgte-600x401.jpg 600w, https:\/\/www.polen.travel\/nl\/wp-content\/uploads\/sites\/23\/2024\/12\/Tafelgebrgte-768x514.jpg 768w\" sizes=\"auto, (max-width: 1180px) 100vw, 1180px\" \/>      <\/a>\r\n      <\/div>\r\n<\/div><\/div>\n\n\n\n<div style=\"height:100px\" aria-hidden=\"true\" class=\"wp-block-spacer is-style-spacer-small\"><\/div>\n\n\n\n<div class=\"wp-block-group is-style-container-medium\"><div class=\"wp-block-group__inner-container is-layout-constrained wp-block-group-is-layout-constrained\">\n<p><strong>Praktische informatie:<\/strong><\/p>\n\n\n\n<ul class=\"wp-block-list\">\n<li><strong>Timing<\/strong> &#8211; De route is het gemakkelijkst af te leggen in de zomer tussen juni en september, wanneer de dagen lang zijn en het weer gunstig is. We hoeven ook niet bang te zijn dat we in de hogere delen van de bergen een aanhoudend sneeuwdek zullen aantreffen.<\/li>\n\n\n\n<li><strong>Karakter van de route<\/strong> &#8211; Er zijn vlakke en golvende stukken, veld en bos, typisch bergachtig en landelijk-stedelijk, met rotsen, maar ook met waterreservoirs. Helaas zijn er enkele langere stukken asfalt, maar de uitzichten op de nabijgelegen bergketens maken dat ruimschoots goed.<\/li>\n\n\n\n<li><strong>Accommodatie<\/strong> &#8211; het netwerk van hostels en pensions is zeer rijk, u kunt gemakkelijk elke nacht onder een dak doorbrengen. U kunt ook een tent meenemen en gebruik maken van een van de vele tentbases.<\/li>\n\n\n\n<li><strong>Hoe kom ik aan het begin van een Sudeten hoofdroute?<\/strong>\u00a0&#8211; Het begin van de route is vrij eenvoudig. In \u015awierad\u00f3w-Zdr\u00f3j bevindt de stip die het begin van de route markeert zich vlak naast de bushalte. U kunt vanuit Wroc\u0142aw rechtstreeks met de bus naar \u015awierad\u00f3w. In Prudnik, daarentegen, bevindt de stip zich bij het station. Je kunt er met de trein komen vanuit Wroc\u0142aw of Katowice.<\/li>\n<\/ul>\n\n\n\n<p><strong>Meer info en foto&#8217;s: <a href=\"https:\/\/dolnyslask.travel\/move-yourself\/pieszo\/?lang=en\" target=\"_blank\" rel=\"noreferrer noopener\">Dolny Slask Travel\u00a0<\/a><\/strong><\/p>\n<\/div><\/div>\n\n\n\n<div style=\"height:100px\" aria-hidden=\"true\" class=\"wp-block-spacer is-style-spacer-small\"><\/div>\n\n\n<div class=\"overflow\">\n  <div class=\"post-slider swiper post-slider--small\" data-schema=\"small\">\n\n    <div class=\"swiper-wrapper\">\n              <div class=\"swiper-slide post-slide\">\n                      <a href=\"https:\/\/www.polen.travel\/nl\/toeristische-routes-van-de-regio-swietokrzyskie-op-een-plek\/\" class=\"post-box post-box--small\" style=\" background-image: url(https:\/\/www.polen.travel\/nl\/wp-content\/uploads\/sites\/23\/2024\/12\/2023-01-20-13_37_56--600x372.jpg);\">\n          <div class=\"post-box__hover\" style=\"background-image: url(https:\/\/www.polen.travel\/nl\/wp-content\/uploads\/sites\/23\/2023\/02\/392_Gory-Swietokrzyskie-i-Swiety-Krzyz-szklany-dom-Zeromskiego_MC_P-600x400.jpg);\"><\/div>\n        <div class=\"post-box__info\">\n            <div class=\"post-box__title\">TOERISTISCHE ROUTES VAN DE REGIO \u015aWI\u0118TOKRZYSKIE OP \u00c9\u00c9N PLEK<\/div>\n      <div class=\"post-box__more\">Lees meer <\/div>\n    <\/div>\n  <\/a>\n\n          <\/div>\n              <div class=\"swiper-slide post-slide\">\n                      <a href=\"https:\/\/www.polen.travel\/nl\/de-sudeten-hoofdroute\/\" class=\"post-box post-box--small\" style=\" background-image: url(https:\/\/www.polen.travel\/nl\/wp-content\/uploads\/sites\/23\/2024\/12\/Izergebergte-600x450.jpg);\">\n          <div class=\"post-box__hover\" style=\"background-image: url(https:\/\/www.polen.travel\/nl\/wp-content\/uploads\/sites\/23\/2024\/12\/Uilengebergte-600x450.jpg);\"><\/div>\n        <div class=\"post-box__info\">\n            <div class=\"post-box__title\">De Sudeten hoofdroute<\/div>\n      <div class=\"post-box__more\">Lees meer <\/div>\n    <\/div>\n  <\/a>\n\n          <\/div>\n              <div class=\"swiper-slide post-slide\">\n                      <a href=\"https:\/\/www.polen.travel\/nl\/veiligheid-in-de-bergen-handige-tips\/\" class=\"post-box post-box--small\" style=\" background-image: url(https:\/\/www.polen.travel\/nl\/wp-content\/uploads\/sites\/23\/2024\/12\/BezpGory1170-600x400.jpg);\">\n          <div class=\"post-box__hover\" style=\"background-image: url(https:\/\/www.polen.travel\/nl\/wp-content\/uploads\/sites\/23\/2024\/12\/BezpGory3-600x400.jpg);\"><\/div>\n        <div class=\"post-box__info\">\n            <div class=\"post-box__title\">Veiligheid in de bergen &#8211; handige tips<\/div>\n      <div class=\"post-box__more\">Lees meer <\/div>\n    <\/div>\n  <\/a>\n\n          <\/div>\n              <div class=\"swiper-slide post-slide\">\n                      <a href=\"https:\/\/www.polen.travel\/nl\/sky-walk-in-swieradow-zdroj\/\" class=\"post-box post-box--small\" style=\" background-image: url(https:\/\/www.polen.travel\/nl\/wp-content\/uploads\/sites\/23\/2024\/12\/sky-walk-2-600x400.jpg);\">\n          <div class=\"post-box__hover\" style=\"background-image: url(https:\/\/www.polen.travel\/nl\/wp-content\/uploads\/sites\/23\/2024\/12\/AdobeStock_905572458_Wieza_Swieradow_Zdroj-600x338.jpeg);\"><\/div>\n        <div class=\"post-box__info\">\n            <div class=\"post-box__title\">SKY WALK IN \u015aWIERAD\u00d3W-ZDR\u00d3J<\/div>\n      <div class=\"post-box__more\">Lees meer <\/div>\n    <\/div>\n  <\/a>\n\n          <\/div>\n              <div class=\"swiper-slide post-slide\">\n                      <a href=\"https:\/\/www.polen.travel\/nl\/mennonieten-route-wandel-en-fietsroute-in-noord-polen\/\" class=\"post-box post-box--small\" style=\" background-image: url(https:\/\/www.polen.travel\/nl\/wp-content\/uploads\/sites\/23\/2024\/12\/DeltaWisly1170-600x400.jpg);\">\n          <div class=\"post-box__hover\" style=\"background-image: url(https:\/\/www.polen.travel\/nl\/wp-content\/uploads\/sites\/23\/2024\/12\/eurovelo-10-pomorskie-szymon-nitka-znajkraj-09741-600x400.jpg);\"><\/div>\n        <div class=\"post-box__info\">\n            <div class=\"post-box__title\">Mennonieten route  \u2013 wandel- en fietsroute in Noord Polen<\/div>\n      <div class=\"post-box__more\">Lees meer <\/div>\n    <\/div>\n  <\/a>\n\n          <\/div>\n          <\/div>\n    <div class=\"post-slider__pagination\"><\/div>\n  <\/div>\n<\/div>\n\n\n\n<div style=\"height:100px\" aria-hidden=\"true\" class=\"wp-block-spacer is-style-spacer-small\"><\/div>\n","protected":false},"excerpt":{"rendered":"<p>De Sudeten hoofdroute De Sudeten hoofdroute De Sudeten hoofdroute is de langste&nbsp;wandelroute in de Poolse Sudeten, en de op een na langste trail in Polen, na de Beskiden hoofdroute. De Sudeten hoofdroute is ongeveer 440 km lang en is rood gemarkeerd. Hij loopt door de belangrijkste bergketens van de Sudeten. De eindpunten, aangegeven met een [&hellip;]<\/p>\n","protected":false},"author":1,"featured_media":21007,"comment_status":"open","ping_status":"open","sticky":false,"template":"","format":"standard","meta":{"_acf_changed":false,"footnotes":""},"categories":[1256],"class_list":["post-31962","post","type-post","status-publish","format-standard","has-post-thumbnail","hentry","category-wandelen"],"acf":[],"yoast_head":"<!-- This site is optimized with the Yoast SEO plugin v27.4 - https:\/\/yoast.com\/product\/yoast-seo-wordpress\/ -->\n<title>De Sudeten hoofdroute - Polen Travel (NL)<\/title>\n<meta name=\"robots\" content=\"index, follow, max-snippet:-1, max-image-preview:large, max-video-preview:-1\" \/>\n<link rel=\"canonical\" href=\"https:\/\/wp-nl.poland.travel\/de-sudeten-hoofdroute\/\" \/>\n<meta property=\"og:locale\" content=\"pl_PL\" \/>\n<meta property=\"og:type\" content=\"article\" \/>\n<meta property=\"og:title\" content=\"De Sudeten hoofdroute - Polen Travel (NL)\" \/>\n<meta property=\"og:description\" content=\"De Sudeten hoofdroute De Sudeten hoofdroute De Sudeten hoofdroute is de langste&nbsp;wandelroute in de Poolse Sudeten, en de op een na langste trail in Polen, na de Beskiden hoofdroute. De Sudeten hoofdroute is ongeveer 440 km lang en is rood gemarkeerd. Hij loopt door de belangrijkste bergketens van de Sudeten. De eindpunten, aangegeven met een [&hellip;]\" \/>\n<meta property=\"og:url\" content=\"https:\/\/wp-nl.poland.travel\/de-sudeten-hoofdroute\/\" \/>\n<meta property=\"og:site_name\" content=\"Polen Travel (NL)\" \/>\n<meta property=\"article:published_time\" content=\"2026-04-14T07:39:43+00:00\" \/>\n<meta property=\"article:modified_time\" content=\"2026-04-14T07:39:44+00:00\" \/>\n<meta property=\"og:image\" content=\"https:\/\/wp-nl.poland.travel\/wp-content\/uploads\/sites\/23\/2023\/02\/124851530_Fotolia_Sniezka_HR.jpg\" \/>\n\t<meta property=\"og:image:width\" content=\"1920\" \/>\n\t<meta property=\"og:image:height\" content=\"596\" \/>\n\t<meta property=\"og:image:type\" content=\"image\/jpeg\" \/>\n<meta name=\"twitter:card\" content=\"summary_large_image\" \/>\n<meta name=\"twitter:label1\" content=\"Napisane przez\" \/>\n\t<meta name=\"twitter:data1\" content=\"\" \/>\n\t<meta name=\"twitter:label2\" content=\"Szacowany czas czytania\" \/>\n\t<meta name=\"twitter:data2\" content=\"10 minut\" \/>\n<script type=\"application\/ld+json\" class=\"yoast-schema-graph\">{\"@context\":\"https:\\\/\\\/schema.org\",\"@graph\":[{\"@type\":\"Article\",\"@id\":\"https:\\\/\\\/wp-nl.poland.travel\\\/de-sudeten-hoofdroute\\\/#article\",\"isPartOf\":{\"@id\":\"https:\\\/\\\/wp-nl.poland.travel\\\/de-sudeten-hoofdroute\\\/\"},\"author\":{\"name\":\"\",\"@id\":\"\"},\"headline\":\"De Sudeten hoofdroute\",\"datePublished\":\"2026-04-14T07:39:43+00:00\",\"dateModified\":\"2026-04-14T07:39:44+00:00\",\"mainEntityOfPage\":{\"@id\":\"https:\\\/\\\/wp-nl.poland.travel\\\/de-sudeten-hoofdroute\\\/\"},\"wordCount\":1206,\"commentCount\":0,\"publisher\":{\"@id\":\"https:\\\/\\\/wp-nl.poland.travel\\\/#organization\"},\"image\":{\"@id\":\"https:\\\/\\\/wp-nl.poland.travel\\\/de-sudeten-hoofdroute\\\/#primaryimage\"},\"thumbnailUrl\":\"https:\\\/\\\/www.polen.travel\\\/nl\\\/wp-content\\\/uploads\\\/sites\\\/23\\\/2023\\\/02\\\/124851530_Fotolia_Sniezka_HR.jpg\",\"keywords\":[\"beleven\",\"actief\",\"wandelen\"],\"articleSection\":[\"Wandelen\"],\"inLanguage\":\"pl-PL\"},{\"@type\":\"WebPage\",\"@id\":\"https:\\\/\\\/wp-nl.poland.travel\\\/de-sudeten-hoofdroute\\\/\",\"url\":\"https:\\\/\\\/wp-nl.poland.travel\\\/de-sudeten-hoofdroute\\\/\",\"name\":\"De Sudeten hoofdroute - Polen Travel (NL)\",\"isPartOf\":{\"@id\":\"https:\\\/\\\/wp-nl.poland.travel\\\/#website\"},\"primaryImageOfPage\":{\"@id\":\"https:\\\/\\\/wp-nl.poland.travel\\\/de-sudeten-hoofdroute\\\/#primaryimage\"},\"image\":{\"@id\":\"https:\\\/\\\/wp-nl.poland.travel\\\/de-sudeten-hoofdroute\\\/#primaryimage\"},\"thumbnailUrl\":\"https:\\\/\\\/www.polen.travel\\\/nl\\\/wp-content\\\/uploads\\\/sites\\\/23\\\/2023\\\/02\\\/124851530_Fotolia_Sniezka_HR.jpg\",\"datePublished\":\"2026-04-14T07:39:43+00:00\",\"dateModified\":\"2026-04-14T07:39:44+00:00\",\"breadcrumb\":{\"@id\":\"https:\\\/\\\/wp-nl.poland.travel\\\/de-sudeten-hoofdroute\\\/#breadcrumb\"},\"inLanguage\":\"pl-PL\",\"potentialAction\":[{\"@type\":\"ReadAction\",\"target\":[\"https:\\\/\\\/wp-nl.poland.travel\\\/de-sudeten-hoofdroute\\\/\"]}]},{\"@type\":\"ImageObject\",\"inLanguage\":\"pl-PL\",\"@id\":\"https:\\\/\\\/wp-nl.poland.travel\\\/de-sudeten-hoofdroute\\\/#primaryimage\",\"url\":\"https:\\\/\\\/www.polen.travel\\\/nl\\\/wp-content\\\/uploads\\\/sites\\\/23\\\/2023\\\/02\\\/124851530_Fotolia_Sniezka_HR.jpg\",\"contentUrl\":\"https:\\\/\\\/www.polen.travel\\\/nl\\\/wp-content\\\/uploads\\\/sites\\\/23\\\/2023\\\/02\\\/124851530_Fotolia_Sniezka_HR.jpg\",\"width\":1920,\"height\":596,\"caption\":\"Czech Republic and Poland Borders with Snezka Mountain. Autumn Landscape with Plants\"},{\"@type\":\"BreadcrumbList\",\"@id\":\"https:\\\/\\\/wp-nl.poland.travel\\\/de-sudeten-hoofdroute\\\/#breadcrumb\",\"itemListElement\":[{\"@type\":\"ListItem\",\"position\":1,\"name\":\"Home page\",\"item\":\"https:\\\/\\\/www.polen.travel\\\/nl\\\/\"},{\"@type\":\"ListItem\",\"position\":2,\"name\":\"Wandelen\",\"item\":\"https:\\\/\\\/wp-nl.poland.travel\\\/wandelen\\\/\"},{\"@type\":\"ListItem\",\"position\":3,\"name\":\"De Sudeten hoofdroute\"}]},{\"@type\":\"WebSite\",\"@id\":\"https:\\\/\\\/wp-nl.poland.travel\\\/#website\",\"url\":\"https:\\\/\\\/wp-nl.poland.travel\\\/\",\"name\":\"Polen Travel (NL)\",\"description\":\"...\",\"publisher\":{\"@id\":\"https:\\\/\\\/wp-nl.poland.travel\\\/#organization\"},\"potentialAction\":[{\"@type\":\"SearchAction\",\"target\":{\"@type\":\"EntryPoint\",\"urlTemplate\":\"https:\\\/\\\/wp-nl.poland.travel\\\/?s={search_term_string}\"},\"query-input\":{\"@type\":\"PropertyValueSpecification\",\"valueRequired\":true,\"valueName\":\"search_term_string\"}}],\"inLanguage\":\"pl-PL\"},{\"@type\":\"Organization\",\"@id\":\"https:\\\/\\\/wp-nl.poland.travel\\\/#organization\",\"name\":\"Polen Travel (NL)\",\"url\":\"https:\\\/\\\/wp-nl.poland.travel\\\/\",\"logo\":{\"@type\":\"ImageObject\",\"inLanguage\":\"pl-PL\",\"@id\":\"https:\\\/\\\/wp-nl.poland.travel\\\/#\\\/schema\\\/logo\\\/image\\\/\",\"url\":\"https:\\\/\\\/en-en.polska.travel\\\/wp-content\\\/uploads\\\/sites\\\/23\\\/2022\\\/11\\\/logo.svg\",\"contentUrl\":\"https:\\\/\\\/en-en.polska.travel\\\/wp-content\\\/uploads\\\/sites\\\/23\\\/2022\\\/11\\\/logo.svg\",\"width\":198,\"height\":96,\"caption\":\"Polen Travel (NL)\"},\"image\":{\"@id\":\"https:\\\/\\\/wp-nl.poland.travel\\\/#\\\/schema\\\/logo\\\/image\\\/\"}},{\"@type\":\"Person\",\"@id\":\"\",\"url\":\"https:\\\/\\\/www.polen.travel\\\/nl\\\/author\\\/\"}]}<\/script>\n<!-- \/ Yoast SEO plugin. -->","yoast_head_json":{"title":"De Sudeten hoofdroute - Polen Travel (NL)","robots":{"index":"index","follow":"follow","max-snippet":"max-snippet:-1","max-image-preview":"max-image-preview:large","max-video-preview":"max-video-preview:-1"},"canonical":"https:\/\/wp-nl.poland.travel\/de-sudeten-hoofdroute\/","og_locale":"pl_PL","og_type":"article","og_title":"De Sudeten hoofdroute - Polen Travel (NL)","og_description":"De Sudeten hoofdroute De Sudeten hoofdroute De Sudeten hoofdroute is de langste&nbsp;wandelroute in de Poolse Sudeten, en de op een na langste trail in Polen, na de Beskiden hoofdroute. De Sudeten hoofdroute is ongeveer 440 km lang en is rood gemarkeerd. Hij loopt door de belangrijkste bergketens van de Sudeten. De eindpunten, aangegeven met een [&hellip;]","og_url":"https:\/\/wp-nl.poland.travel\/de-sudeten-hoofdroute\/","og_site_name":"Polen Travel (NL)","article_published_time":"2026-04-14T07:39:43+00:00","article_modified_time":"2026-04-14T07:39:44+00:00","og_image":[{"width":1920,"height":596,"url":"https:\/\/wp-nl.poland.travel\/wp-content\/uploads\/sites\/23\/2023\/02\/124851530_Fotolia_Sniezka_HR.jpg","type":"image\/jpeg"}],"twitter_card":"summary_large_image","twitter_misc":{"Napisane przez":"","Szacowany czas czytania":"10 minut"},"schema":{"@context":"https:\/\/schema.org","@graph":[{"@type":"Article","@id":"https:\/\/wp-nl.poland.travel\/de-sudeten-hoofdroute\/#article","isPartOf":{"@id":"https:\/\/wp-nl.poland.travel\/de-sudeten-hoofdroute\/"},"author":{"name":"","@id":""},"headline":"De Sudeten hoofdroute","datePublished":"2026-04-14T07:39:43+00:00","dateModified":"2026-04-14T07:39:44+00:00","mainEntityOfPage":{"@id":"https:\/\/wp-nl.poland.travel\/de-sudeten-hoofdroute\/"},"wordCount":1206,"commentCount":0,"publisher":{"@id":"https:\/\/wp-nl.poland.travel\/#organization"},"image":{"@id":"https:\/\/wp-nl.poland.travel\/de-sudeten-hoofdroute\/#primaryimage"},"thumbnailUrl":"https:\/\/www.polen.travel\/nl\/wp-content\/uploads\/sites\/23\/2023\/02\/124851530_Fotolia_Sniezka_HR.jpg","keywords":["beleven","actief","wandelen"],"articleSection":["Wandelen"],"inLanguage":"pl-PL"},{"@type":"WebPage","@id":"https:\/\/wp-nl.poland.travel\/de-sudeten-hoofdroute\/","url":"https:\/\/wp-nl.poland.travel\/de-sudeten-hoofdroute\/","name":"De Sudeten hoofdroute - Polen Travel (NL)","isPartOf":{"@id":"https:\/\/wp-nl.poland.travel\/#website"},"primaryImageOfPage":{"@id":"https:\/\/wp-nl.poland.travel\/de-sudeten-hoofdroute\/#primaryimage"},"image":{"@id":"https:\/\/wp-nl.poland.travel\/de-sudeten-hoofdroute\/#primaryimage"},"thumbnailUrl":"https:\/\/www.polen.travel\/nl\/wp-content\/uploads\/sites\/23\/2023\/02\/124851530_Fotolia_Sniezka_HR.jpg","datePublished":"2026-04-14T07:39:43+00:00","dateModified":"2026-04-14T07:39:44+00:00","breadcrumb":{"@id":"https:\/\/wp-nl.poland.travel\/de-sudeten-hoofdroute\/#breadcrumb"},"inLanguage":"pl-PL","potentialAction":[{"@type":"ReadAction","target":["https:\/\/wp-nl.poland.travel\/de-sudeten-hoofdroute\/"]}]},{"@type":"ImageObject","inLanguage":"pl-PL","@id":"https:\/\/wp-nl.poland.travel\/de-sudeten-hoofdroute\/#primaryimage","url":"https:\/\/www.polen.travel\/nl\/wp-content\/uploads\/sites\/23\/2023\/02\/124851530_Fotolia_Sniezka_HR.jpg","contentUrl":"https:\/\/www.polen.travel\/nl\/wp-content\/uploads\/sites\/23\/2023\/02\/124851530_Fotolia_Sniezka_HR.jpg","width":1920,"height":596,"caption":"Czech Republic and Poland Borders with Snezka Mountain. Autumn Landscape with Plants"},{"@type":"BreadcrumbList","@id":"https:\/\/wp-nl.poland.travel\/de-sudeten-hoofdroute\/#breadcrumb","itemListElement":[{"@type":"ListItem","position":1,"name":"Home page","item":"https:\/\/www.polen.travel\/nl\/"},{"@type":"ListItem","position":2,"name":"Wandelen","item":"https:\/\/wp-nl.poland.travel\/wandelen\/"},{"@type":"ListItem","position":3,"name":"De Sudeten hoofdroute"}]},{"@type":"WebSite","@id":"https:\/\/wp-nl.poland.travel\/#website","url":"https:\/\/wp-nl.poland.travel\/","name":"Polen Travel (NL)","description":"...","publisher":{"@id":"https:\/\/wp-nl.poland.travel\/#organization"},"potentialAction":[{"@type":"SearchAction","target":{"@type":"EntryPoint","urlTemplate":"https:\/\/wp-nl.poland.travel\/?s={search_term_string}"},"query-input":{"@type":"PropertyValueSpecification","valueRequired":true,"valueName":"search_term_string"}}],"inLanguage":"pl-PL"},{"@type":"Organization","@id":"https:\/\/wp-nl.poland.travel\/#organization","name":"Polen Travel (NL)","url":"https:\/\/wp-nl.poland.travel\/","logo":{"@type":"ImageObject","inLanguage":"pl-PL","@id":"https:\/\/wp-nl.poland.travel\/#\/schema\/logo\/image\/","url":"https:\/\/en-en.polska.travel\/wp-content\/uploads\/sites\/23\/2022\/11\/logo.svg","contentUrl":"https:\/\/en-en.polska.travel\/wp-content\/uploads\/sites\/23\/2022\/11\/logo.svg","width":198,"height":96,"caption":"Polen Travel (NL)"},"image":{"@id":"https:\/\/wp-nl.poland.travel\/#\/schema\/logo\/image\/"}},{"@type":"Person","@id":"","url":"https:\/\/www.polen.travel\/nl\/author\/"}]}},"_links":{"self":[{"href":"https:\/\/www.polen.travel\/nl\/wp-json\/wp\/v2\/posts\/31962","targetHints":{"allow":["GET"]}}],"collection":[{"href":"https:\/\/www.polen.travel\/nl\/wp-json\/wp\/v2\/posts"}],"about":[{"href":"https:\/\/www.polen.travel\/nl\/wp-json\/wp\/v2\/types\/post"}],"author":[{"embeddable":true,"href":"https:\/\/www.polen.travel\/nl\/wp-json\/wp\/v2\/users\/1"}],"replies":[{"embeddable":true,"href":"https:\/\/www.polen.travel\/nl\/wp-json\/wp\/v2\/comments?post=31962"}],"version-history":[{"count":2,"href":"https:\/\/www.polen.travel\/nl\/wp-json\/wp\/v2\/posts\/31962\/revisions"}],"predecessor-version":[{"id":34199,"href":"https:\/\/www.polen.travel\/nl\/wp-json\/wp\/v2\/posts\/31962\/revisions\/34199"}],"wp:featuredmedia":[{"embeddable":true,"href":"https:\/\/www.polen.travel\/nl\/wp-json\/wp\/v2\/media\/21007"}],"wp:attachment":[{"href":"https:\/\/www.polen.travel\/nl\/wp-json\/wp\/v2\/media?parent=31962"}],"wp:term":[{"taxonomy":"category","embeddable":true,"href":"https:\/\/www.polen.travel\/nl\/wp-json\/wp\/v2\/categories?post=31962"}],"curies":[{"name":"wp","href":"https:\/\/api.w.org\/{rel}","templated":true}]}}