{"id":31956,"date":"2026-04-14T09:01:05","date_gmt":"2026-04-14T07:01:05","guid":{"rendered":"https:\/\/www.polen.travel\/nl\/?p=31956"},"modified":"2026-04-14T09:01:06","modified_gmt":"2026-04-14T07:01:06","slug":"mennonieten-route-wandel-en-fietsroute-in-noord-polen","status":"publish","type":"post","link":"https:\/\/www.polen.travel\/nl\/mennonieten-route-wandel-en-fietsroute-in-noord-polen\/","title":{"rendered":"Mennonieten route  \u2013 wandel- en fietsroute in Noord Polen"},"content":{"rendered":"\n<div class=\"wp-block-group is-style-container-medium\"><div class=\"wp-block-group__inner-container is-layout-constrained wp-block-group-is-layout-constrained\">\n<h2 class=\"wp-block-heading\">Mennonieten route  \u2013 wandel- en fietsroute in Noord Polen<\/h2>\n\n\n\n<div style=\"height:100px\" aria-hidden=\"true\" class=\"wp-block-spacer is-style-spacer-small\"><\/div>\n\n\n\n<p><\/p>\n\n\n\n<p><strong>Mennonieten in Polen<\/strong><br>De bijzondere geschiedenis van de Nederlandse Mennonieten, die in de 16e eeuw in Polen hun tweede vaderland vonden en hier vier eeuwen lang woonden, verdient het om herontdekt te worden. Temeer omdat de onverschrokken Nederlandse kolonisten veel sporen hebben achtergelaten, die het bezoeken waard zijn, en een onuitwisbare stempel hebben gedrukt op het Poolse landschap. Sporen van de aanwezigheid van Mennonieten zijn vooral te vinden in de <a href=\"https:\/\/www.polen.travel\/nl\/bezoeken\/regios\/pommeren-pomorskie-wandelende-duinen-middeleeuwse-kastelen-en-barnsteen\" target=\"_blank\" rel=\"noreferrer noopener\">Wis\u0142a delta (Pommeren)<\/a>, <a href=\"https:\/\/www.polen.travel\/nl\/bezoeken\/regios\/mazovie-mazowieckie-het-hart-van-polen\" target=\"_blank\" rel=\"noreferrer noopener\">Mazovi\u00eb <\/a>en <a href=\"https:\/\/www.polen.travel\/nl\/regios\/groot-polen-wielkopolska-indrukwekkende-historische-monumenten\" target=\"_blank\" rel=\"noreferrer noopener\">Groot-Polen<\/a>.<\/p>\n\n\n\n<p><strong>Wie waren de Mennonieten?<\/strong><br>In de door Menno Simons verkondigde leer speelde het pacifisme een zeer belangrijke rol, en daarmee het verbod op deelname aan oorlogen. Om verleidingen te vermijden, konden de Mennonieten ook geen ambt bekleden. Een van de uitgangspunten van het Mennonietengeloof was het verwerpen van de kinderdoop en deze te vervangen door de doop van een volwassene. De mennonieten verwierpen de instelling van het priesterschap, ze organiseerden zich in gemeenschappen (congregaties) en hielden zich strikt aan de evangelische regels.<br>De toenemende vervolging van Mennonieten in de Nederlanden na 1555 leidde tot hun emigratie naar andere Europese landen. Polen behoorde destijds tot de meer tolerante landen in Europa en verwelkomde kolonisten uit Nederland met open armen, waarbij hun volledige godsdienstvrijheid werd gegarandeerd.<br>Een van de redenen voor de acceptatie van de Mennonietennederzetting in Polen waren ook economische redenen. In de 16e eeuw waren de prijzen en de vraag naar Pools graan aanzienlijk gestegen. Om de winst te verhogen was het de bedoeling de landbouwproductie te intensiveren. Het was ook noodzakelijk om water technische werken uit ate voeren in verband met de regulering van de loop van de rivier de Wisla als gevolg van frequente overstromingen. Immigranten uit Nederland, die ervaring hadden om zich te redden op waterrijke gebieden, waren bij uitstek geschikt voor de ontwikkeling van de Wis\u0142a-delta.<\/p>\n<\/div><\/div>\n\n\n\n<div style=\"height:100px\" aria-hidden=\"true\" class=\"wp-block-spacer is-style-spacer-small\"><\/div>\n\n\n\n<div class=\"wp-block-group is-style-container\"><div class=\"wp-block-group__inner-container is-layout-constrained wp-block-group-is-layout-constrained\">  <div class=\"gallery-tiles gallery-tiles--rows-2-3 lightgallery\">\r\n          <a href=\"https:\/\/www.polen.travel\/nl\/wp-content\/uploads\/sites\/23\/2024\/12\/ArcadHouse1170.jpg\" class=\"gallery-tiles__item\" data-src=\"https:\/\/www.polen.travel\/nl\/wp-content\/uploads\/sites\/23\/2024\/12\/ArcadHouse1170.jpg\"\r\n        aria-label=\"Otw\u00f3rz powi\u0119kszone zdj\u0119cie: ArcadHouse1170\">\r\n        <img loading=\"lazy\" decoding=\"async\" width=\"1170\" height=\"780\" src=\"https:\/\/www.polen.travel\/nl\/wp-content\/uploads\/sites\/23\/2024\/12\/ArcadHouse1170.jpg\" class=\"gallery-tiles__thumb\" alt=\"\" srcset=\"https:\/\/www.polen.travel\/nl\/wp-content\/uploads\/sites\/23\/2024\/12\/ArcadHouse1170.jpg 1170w, https:\/\/www.polen.travel\/nl\/wp-content\/uploads\/sites\/23\/2024\/12\/ArcadHouse1170-600x400.jpg 600w, https:\/\/www.polen.travel\/nl\/wp-content\/uploads\/sites\/23\/2024\/12\/ArcadHouse1170-768x512.jpg 768w\" sizes=\"auto, (max-width: 1170px) 100vw, 1170px\" \/>      <\/a>\r\n          <a href=\"https:\/\/www.polen.travel\/nl\/wp-content\/uploads\/sites\/23\/2024\/12\/menno4-1170.jpg\" class=\"gallery-tiles__item\" data-src=\"https:\/\/www.polen.travel\/nl\/wp-content\/uploads\/sites\/23\/2024\/12\/menno4-1170.jpg\"\r\n        aria-label=\"Otw\u00f3rz powi\u0119kszone zdj\u0119cie: menno4-1170\">\r\n        <img loading=\"lazy\" decoding=\"async\" width=\"1170\" height=\"780\" src=\"https:\/\/www.polen.travel\/nl\/wp-content\/uploads\/sites\/23\/2024\/12\/menno4-1170.jpg\" class=\"gallery-tiles__thumb\" alt=\"\" srcset=\"https:\/\/www.polen.travel\/nl\/wp-content\/uploads\/sites\/23\/2024\/12\/menno4-1170.jpg 1170w, https:\/\/www.polen.travel\/nl\/wp-content\/uploads\/sites\/23\/2024\/12\/menno4-1170-600x400.jpg 600w, https:\/\/www.polen.travel\/nl\/wp-content\/uploads\/sites\/23\/2024\/12\/menno4-1170-768x512.jpg 768w\" sizes=\"auto, (max-width: 1170px) 100vw, 1170px\" \/>      <\/a>\r\n          <a href=\"https:\/\/www.polen.travel\/nl\/wp-content\/uploads\/sites\/23\/2024\/12\/menno2-1170.jpg\" class=\"gallery-tiles__item\" data-src=\"https:\/\/www.polen.travel\/nl\/wp-content\/uploads\/sites\/23\/2024\/12\/menno2-1170.jpg\"\r\n        aria-label=\"Otw\u00f3rz powi\u0119kszone zdj\u0119cie: menno2-1170\">\r\n        <img loading=\"lazy\" decoding=\"async\" width=\"1170\" height=\"780\" src=\"https:\/\/www.polen.travel\/nl\/wp-content\/uploads\/sites\/23\/2024\/12\/menno2-1170.jpg\" class=\"gallery-tiles__thumb\" alt=\"\" srcset=\"https:\/\/www.polen.travel\/nl\/wp-content\/uploads\/sites\/23\/2024\/12\/menno2-1170.jpg 1170w, https:\/\/www.polen.travel\/nl\/wp-content\/uploads\/sites\/23\/2024\/12\/menno2-1170-600x400.jpg 600w, https:\/\/www.polen.travel\/nl\/wp-content\/uploads\/sites\/23\/2024\/12\/menno2-1170-768x512.jpg 768w\" sizes=\"auto, (max-width: 1170px) 100vw, 1170px\" \/>      <\/a>\r\n          <a href=\"https:\/\/www.polen.travel\/nl\/wp-content\/uploads\/sites\/23\/2024\/12\/ArcadHouse21170.jpg\" class=\"gallery-tiles__item\" data-src=\"https:\/\/www.polen.travel\/nl\/wp-content\/uploads\/sites\/23\/2024\/12\/ArcadHouse21170.jpg\"\r\n        aria-label=\"Otw\u00f3rz powi\u0119kszone zdj\u0119cie: ArcadHouse21170\">\r\n        <img loading=\"lazy\" decoding=\"async\" width=\"1170\" height=\"780\" src=\"https:\/\/www.polen.travel\/nl\/wp-content\/uploads\/sites\/23\/2024\/12\/ArcadHouse21170.jpg\" class=\"gallery-tiles__thumb\" alt=\"\" srcset=\"https:\/\/www.polen.travel\/nl\/wp-content\/uploads\/sites\/23\/2024\/12\/ArcadHouse21170.jpg 1170w, https:\/\/www.polen.travel\/nl\/wp-content\/uploads\/sites\/23\/2024\/12\/ArcadHouse21170-600x400.jpg 600w, https:\/\/www.polen.travel\/nl\/wp-content\/uploads\/sites\/23\/2024\/12\/ArcadHouse21170-768x512.jpg 768w\" sizes=\"auto, (max-width: 1170px) 100vw, 1170px\" \/>      <\/a>\r\n          <a href=\"https:\/\/www.polen.travel\/nl\/wp-content\/uploads\/sites\/23\/2024\/12\/DeltaWisly1170.jpg\" class=\"gallery-tiles__item\" data-src=\"https:\/\/www.polen.travel\/nl\/wp-content\/uploads\/sites\/23\/2024\/12\/DeltaWisly1170.jpg\"\r\n        aria-label=\"Otw\u00f3rz powi\u0119kszone zdj\u0119cie: DCIM100MEDIADJI_0024.JPG\">\r\n        <img loading=\"lazy\" decoding=\"async\" width=\"1170\" height=\"780\" src=\"https:\/\/www.polen.travel\/nl\/wp-content\/uploads\/sites\/23\/2024\/12\/DeltaWisly1170.jpg\" class=\"gallery-tiles__thumb\" alt=\"\" srcset=\"https:\/\/www.polen.travel\/nl\/wp-content\/uploads\/sites\/23\/2024\/12\/DeltaWisly1170.jpg 1170w, https:\/\/www.polen.travel\/nl\/wp-content\/uploads\/sites\/23\/2024\/12\/DeltaWisly1170-600x400.jpg 600w, https:\/\/www.polen.travel\/nl\/wp-content\/uploads\/sites\/23\/2024\/12\/DeltaWisly1170-768x512.jpg 768w\" sizes=\"auto, (max-width: 1170px) 100vw, 1170px\" \/>      <\/a>\r\n      <\/div>\r\n<\/div><\/div>\n\n\n\n<div style=\"height:100px\" aria-hidden=\"true\" class=\"wp-block-spacer is-style-spacer-small\"><\/div>\n\n\n\n<div class=\"wp-block-group is-style-container-medium\"><div class=\"wp-block-group__inner-container is-layout-constrained wp-block-group-is-layout-constrained\">\n<p><strong>Mennonieten in \u017bu\u0142awy (Wis\u0142a-delta<\/strong>)<br>De vestigingsvoorwaarden waren gunstig voor de Mennonieten. De intensieve economie en de ijver van de kolonisten leidden tot een veelvoudige toename van hun inkomen! Ze waren heel eerlijk en zuinig. Er werd gezegd dat het mogelijk was om een tas aan een boom in \u017bu\u0142awy te laten staan en deze na een week niet aangeroerd te vinden. Ze werden de<em> Ol\u0119ders<\/em> genoemd, naar het woord <em>Ol\u0119der<\/em>, hetgeen Nederlander betekende in het Pools.<br>Intensieve drainage van de bewoonde gebieden en economische ontwikkeling van het gebied vonden plaats. De Mennonieten waren zeer hardwerkend en toonden grote kennis en vakmanschap in het droogleggen van de moerassen. De intensieve economie van de kolonisten heeft het huidige landschap van de Wis\u0142a-delta met grachten, wallen en polders gevormd, waarop karakteristieke boerderijen, nederzettingen en windmolens zijn gebouwd. Aan het einde van de 18e eeuw was het grootste deel van het land in \u017bu\u0142awy\u00a0in hun handen. De door de Mennonieten gebouwde afwateringssystemen zijn tot op heden bewaard gebleven.<\/p>\n\n\n\n<p>Erkende gidsen vertellen je in deze film een spannend verhaal over dagelijks leven van de Nederlandse Mennonieten in \u017bu\u0142awy en laten vele bezienswaardigheden ter plekke zien (Engelse ondertiteling).\u00a0<\/p>\n<\/div><\/div>\n\n\n\n<div style=\"height:100px\" aria-hidden=\"true\" class=\"wp-block-spacer is-style-spacer-small\"><\/div>\n\n\n\n<div class=\"wp-block-group is-style-container\"><div class=\"wp-block-group__inner-container is-layout-constrained wp-block-group-is-layout-constrained\">\n<figure class=\"wp-block-embed aligncenter is-type-video is-provider-youtube wp-block-embed-youtube wp-embed-aspect-16-9 wp-has-aspect-ratio\"><div class=\"wp-block-embed__wrapper\">\n<iframe loading=\"lazy\" title=\"\u017bu\u0142awy #OdkrywamyPomorskie \/ EN Subtitles\" width=\"500\" height=\"281\" src=\"https:\/\/www.youtube.com\/embed\/B1qdRFuOuwE?feature=oembed\" frameborder=\"0\" allow=\"accelerometer; autoplay; clipboard-write; encrypted-media; gyroscope; picture-in-picture; web-share\" referrerpolicy=\"strict-origin-when-cross-origin\" allowfullscreen><\/iframe>\n<\/div><\/figure>\n<\/div><\/div>\n\n\n\n<div style=\"height:100px\" aria-hidden=\"true\" class=\"wp-block-spacer is-style-spacer-small\"><\/div>\n\n\n\n<div class=\"wp-block-group is-style-container-medium\"><div class=\"wp-block-group__inner-container is-layout-constrained wp-block-group-is-layout-constrained\">\n<p><a href=\"https:\/\/pomorskie.travel\/en\/-\/kuchnia-zulawska\" target=\"_blank\" rel=\"noreferrer noopener\">De Mennonieten waardeerden een goede keuken<\/a>, ze hielden van vet vlees, kaas, kwark en zoete koeken. Zij hielden zich voornamelijk bezig met de teelt van granen en houden van melkvee, maar ook paarden. Gemiddeld beschikte \u00e9\u00e9n boerderij over 5-15 koeien, waarvan de melk gebruikt werd voor de productie van traditionele Nederlandse kazen, zoals Goudse kaas, boter en cottage kaas, die werden verkocht op de markt in <a href=\"https:\/\/www.polen.travel\/nl\/bezoeken\/steden\/gdansk-historische-hanzestad\" target=\"_blank\" rel=\"noreferrer noopener\">Gda\u0144sk <\/a>en omgeving. In hun traditionele beroep, rivierregulering, dijkverspreiding, onderhoud van sloten en vijvers, hebben ze ook populieren en wilgen geplant, die onlosmakelijk verbonden zijn met het landschap van Nederlandse dorpen. Ze plantten vlechtwerk waarvan manden werden geweven die op de beurs werden verkocht. De fruitteelt werd ontwikkeld, met name die van appel-, pruimen- en perenbomen. Mennonitische huisvrouwen stonden bekend om de productie van pruimenjam.<\/p>\n\n\n\n<p>Er waren twee episodes in de geschiedenis van de Mennonietennederzetting in \u017bu\u0142awy, die hen gedwongen deden verhuizen. De eerste keer was toen de Pruisische koning, onder wiens bewind zij in de 18e eeuw kwamen, besloot hen op te roepen voor het leger. In die tijd emigreerden veel mennonitische families naar&#8230; tsaristisch Rusland. Tsarina Catherine bood hen gunstige vestigingsvoorwaarden aan. Tenminste aanvankelijk.<br>Uiteindelijk maakte de Tweede Wereldoorlog een einde aan bijna vier eeuwen aanwezigheid van mennonieten in \u017bu\u0142awy&nbsp;en Polen. Omdat veel Duitse kolonisten in \u017bu\u0142awy&nbsp;woonden en de Mennonieten een Plautdietsche taal gebruikten die vergelijkbaar is met het Duits, werden ze ingeschreven op de Duitse Volksliste en waren ze, in tegenstelling tot hun Poolse buren, niet onderworpen aan repressie. Dit had echter gevolgen voor hen na het einde van de oorlog in 1945. De Mennonieten deelden toen het lot van de ontheemde Duitsers.<\/p>\n\n\n\n<p><strong>Mennonieten route \u2013 wandel- en fietsroute<\/strong><br>Lengte trac\u00e9: 172 km<br>Markering: zwarte route<br>Een van de meest interessante culturele routes in de provincies <strong><a href=\"https:\/\/www.polen.travel\/nl\/bezoeken\/regios\/pommeren-pomorskie-wandelende-duinen-middeleeuwse-kastelen-en-barnsteen\" target=\"_blank\" rel=\"noreferrer noopener\">Pommeren <\/a><\/strong>en <a href=\"https:\/\/www.polen.travel\/nl\/regios\/warmie-en-mazurie-rijke-natuur-met-een-gevarieerd-kleurenpalet\" target=\"_blank\" rel=\"noreferrer noopener\">Warmi\u00eb-Mazuri\u00eb<\/a>.<\/p>\n\n\n\n<p>Onderweg komt u in bijna elk dorp een boogvormig huis, een gotische kerk, houten huisjes of een antiek waterbouwkundig apparaat tegen, en op sommige plaatsen zelfs een windmolen. De tijd is hier al lang geleden gestopt. Voeg daarbij een ongewoon landschap, ruimte tot aan de horizon, rijen wilgen die langs de talrijke afwateringskanalen te vinden zijn en de tocht over de Mennonietenroute zal onvergetelijk zijn!<br>Het vlakke terrein is goed voor het afleggen van lange afstanden, maar de wind kan een vijand worden in het open gebied van \u017bu\u0142awy. Vanwege de lengte van de route moet de route in twee of zelfs drie etappes worden verdeeld. De gemakkelijkste manier om te overnachten is op de Wis\u0142a schoorwal waar veel agrotoeristische boerderijen te vinden zijn en in Malbork. Een speciale aanbieding voor gasten is ook te vinden in Nowy Staw. Er zijn verschillende mooie agrotoeristische boerderijen op de route.<br>Vanwege de heersende westenwind in het gebied van Pommeren is het beter om het in de richting van Gda\u0144sk naar Elbl\u0105g te lopen of rijden. Onderweg kan de reis worden onderbroken in Tczew of Malbork (goede treinverbindingen met Gda\u0144sk).<\/p>\n\n\n\n<p><a href=\"https:\/\/pomorskie-prestige.eu\/en\/slowlife-en\/maly-holender-a-300-year-tradition-of-zulawys-arcaded-house\/\" target=\"_blank\" rel=\"noreferrer noopener\">Zie artikel over Small Dutchman.\u00a0A 300-year tradition of \u017bu\u0142awy\u2019s arcaded house.<\/a><\/p>\n\n\n\n<p>Het <strong>eerste deel<\/strong> van de route, van Gda\u0144sk naar de Kiezmark brug, kent een lengte van ongeveer 35 km. De route mag &#8222;Naar de Mennonieten&#8221; genoemd worden omdat er in \u017bu\u0142awy Gda\u0144skie maar weinig sporen van deze gemeenschap te vinden zijn.<\/p>\n\n\n\n<p>Het <strong>tweede deel<\/strong>, het langste deel, want bijna honderd kilometer lang, slalomt door de hele \u017bu\u0142awy&nbsp;Wielkie (Malbork) en is cultureel gezien het meest interessant. Het is onmogelijk om de hoofdstad van \u017bu\u0142awy &#8211; Nowy Dw\u00f3r Gda\u0144ski &#8211; niet te bezoeken, waar in het \u017bu\u0142awy Historisch Park talrijke mennonitische voorwerpen zijn verzameld. Er worden daar interessante tentoonstellingen georganiseerd. De verdere route loopt door het gebied van Malbork, waar talrijke mennonitische begraafplaatsen bewaard zijn gebleven.<\/p>\n\n\n\n<p>Het <strong>laatste deel<\/strong>, met een lengte van ongeveer 35 km, loopt door het minst bekende \u017bu\u0142awy&nbsp;Elbl\u0105skie, dat ook het laagste deel van deze laag gelegen regio is. In dit gedeelte kunt u onder andere mennonietenkerken in Rozgart en het meer, mennonietenbegraafplaatsen in Markusy en de Elbl\u0105g-paden en het Dru\u017cno-meer &#8211; een watervogelparadijs dat uniek is in Polen &#8211; bewonderen. Het trac\u00e9 eindigt in Elbl\u0105g.<br>Het grootste deel van de route loopt over asfaltwegen.<\/p>\n\n\n\n<p>Zie ook informatie over mennonieten op de <a href=\"https:\/\/pomorskie.travel\/en\/-\/menonici\" target=\"_blank\" rel=\"noreferrer noopener\">pomorskie.travel<\/a><\/p>\n<\/div><\/div>\n\n\n\n<div style=\"height:100px\" aria-hidden=\"true\" class=\"wp-block-spacer is-style-spacer-small\"><\/div>\n\n\n<div class=\"overflow\">\n  <div class=\"post-slider swiper post-slider--small\" data-schema=\"small\">\n\n    <div class=\"swiper-wrapper\">\n              <div class=\"swiper-slide post-slide\">\n                      <a href=\"https:\/\/www.polen.travel\/nl\/toeristische-routes-van-de-regio-swietokrzyskie-op-een-plek\/\" class=\"post-box post-box--small\" style=\" background-image: url(https:\/\/www.polen.travel\/nl\/wp-content\/uploads\/sites\/23\/2024\/12\/2023-01-20-13_37_56--600x372.jpg);\">\n          <div class=\"post-box__hover\" style=\"background-image: url(https:\/\/www.polen.travel\/nl\/wp-content\/uploads\/sites\/23\/2023\/02\/392_Gory-Swietokrzyskie-i-Swiety-Krzyz-szklany-dom-Zeromskiego_MC_P-600x400.jpg);\"><\/div>\n        <div class=\"post-box__info\">\n            <div class=\"post-box__title\">TOERISTISCHE ROUTES VAN DE REGIO \u015aWI\u0118TOKRZYSKIE OP \u00c9\u00c9N PLEK<\/div>\n      <div class=\"post-box__more\">Lees meer <\/div>\n    <\/div>\n  <\/a>\n\n          <\/div>\n              <div class=\"swiper-slide post-slide\">\n                      <a href=\"https:\/\/www.polen.travel\/nl\/de-sudeten-hoofdroute\/\" class=\"post-box post-box--small\" style=\" background-image: url(https:\/\/www.polen.travel\/nl\/wp-content\/uploads\/sites\/23\/2024\/12\/Izergebergte-600x450.jpg);\">\n          <div class=\"post-box__hover\" style=\"background-image: url(https:\/\/www.polen.travel\/nl\/wp-content\/uploads\/sites\/23\/2024\/12\/Uilengebergte-600x450.jpg);\"><\/div>\n        <div class=\"post-box__info\">\n            <div class=\"post-box__title\">De Sudeten hoofdroute<\/div>\n      <div class=\"post-box__more\">Lees meer <\/div>\n    <\/div>\n  <\/a>\n\n          <\/div>\n              <div class=\"swiper-slide post-slide\">\n                      <a href=\"https:\/\/www.polen.travel\/nl\/veiligheid-in-de-bergen-handige-tips\/\" class=\"post-box post-box--small\" style=\" background-image: url(https:\/\/www.polen.travel\/nl\/wp-content\/uploads\/sites\/23\/2024\/12\/BezpGory1170-600x400.jpg);\">\n          <div class=\"post-box__hover\" style=\"background-image: url(https:\/\/www.polen.travel\/nl\/wp-content\/uploads\/sites\/23\/2024\/12\/BezpGory3-600x400.jpg);\"><\/div>\n        <div class=\"post-box__info\">\n            <div class=\"post-box__title\">Veiligheid in de bergen &#8211; handige tips<\/div>\n      <div class=\"post-box__more\">Lees meer <\/div>\n    <\/div>\n  <\/a>\n\n          <\/div>\n              <div class=\"swiper-slide post-slide\">\n                      <a href=\"https:\/\/www.polen.travel\/nl\/sky-walk-in-swieradow-zdroj\/\" class=\"post-box post-box--small\" style=\" background-image: url(https:\/\/www.polen.travel\/nl\/wp-content\/uploads\/sites\/23\/2024\/12\/sky-walk-2-600x400.jpg);\">\n          <div class=\"post-box__hover\" style=\"background-image: url(https:\/\/www.polen.travel\/nl\/wp-content\/uploads\/sites\/23\/2024\/12\/AdobeStock_905572458_Wieza_Swieradow_Zdroj-600x338.jpeg);\"><\/div>\n        <div class=\"post-box__info\">\n            <div class=\"post-box__title\">SKY WALK IN \u015aWIERAD\u00d3W-ZDR\u00d3J<\/div>\n      <div class=\"post-box__more\">Lees meer <\/div>\n    <\/div>\n  <\/a>\n\n          <\/div>\n              <div class=\"swiper-slide post-slide\">\n                      <a href=\"https:\/\/www.polen.travel\/nl\/mennonieten-route-wandel-en-fietsroute-in-noord-polen\/\" class=\"post-box post-box--small\" style=\" background-image: url(https:\/\/www.polen.travel\/nl\/wp-content\/uploads\/sites\/23\/2024\/12\/DeltaWisly1170-600x400.jpg);\">\n          <div class=\"post-box__hover\" style=\"background-image: url(https:\/\/www.polen.travel\/nl\/wp-content\/uploads\/sites\/23\/2024\/12\/eurovelo-10-pomorskie-szymon-nitka-znajkraj-09741-600x400.jpg);\"><\/div>\n        <div class=\"post-box__info\">\n            <div class=\"post-box__title\">Mennonieten route  \u2013 wandel- en fietsroute in Noord Polen<\/div>\n      <div class=\"post-box__more\">Lees meer <\/div>\n    <\/div>\n  <\/a>\n\n          <\/div>\n          <\/div>\n    <div class=\"post-slider__pagination\"><\/div>\n  <\/div>\n<\/div>\n\n\n\n<div style=\"height:100px\" aria-hidden=\"true\" class=\"wp-block-spacer is-style-spacer-small\"><\/div>\n\n\n\n<p><\/p>\n","protected":false},"excerpt":{"rendered":"<p>Mennonieten route \u2013 wandel- en fietsroute in Noord Polen Mennonieten in PolenDe bijzondere geschiedenis van de Nederlandse Mennonieten, die in de 16e eeuw in Polen hun tweede vaderland vonden en hier vier eeuwen lang woonden, verdient het om herontdekt te worden. Temeer omdat de onverschrokken Nederlandse kolonisten veel sporen hebben achtergelaten, die het bezoeken waard [&hellip;]<\/p>\n","protected":false},"author":1,"featured_media":34181,"comment_status":"open","ping_status":"open","sticky":false,"template":"","format":"standard","meta":{"_acf_changed":false,"footnotes":""},"categories":[1256],"class_list":["post-31956","post","type-post","status-publish","format-standard","has-post-thumbnail","hentry","category-wandelen"],"acf":[],"yoast_head":"<!-- This site is optimized with the Yoast SEO plugin v27.4 - https:\/\/yoast.com\/product\/yoast-seo-wordpress\/ -->\n<title>Mennonieten route \u2013 wandel- en fietsroute in Noord Polen - Polen Travel (NL)<\/title>\n<meta name=\"robots\" content=\"index, follow, max-snippet:-1, max-image-preview:large, max-video-preview:-1\" \/>\n<link rel=\"canonical\" href=\"https:\/\/wp-nl.poland.travel\/mennonieten-route-wandel-en-fietsroute-in-noord-polen\/\" \/>\n<meta property=\"og:locale\" content=\"pl_PL\" \/>\n<meta property=\"og:type\" content=\"article\" \/>\n<meta property=\"og:title\" content=\"Mennonieten route \u2013 wandel- en fietsroute in Noord Polen - Polen Travel (NL)\" \/>\n<meta property=\"og:description\" content=\"Mennonieten route \u2013 wandel- en fietsroute in Noord Polen Mennonieten in PolenDe bijzondere geschiedenis van de Nederlandse Mennonieten, die in de 16e eeuw in Polen hun tweede vaderland vonden en hier vier eeuwen lang woonden, verdient het om herontdekt te worden. Temeer omdat de onverschrokken Nederlandse kolonisten veel sporen hebben achtergelaten, die het bezoeken waard [&hellip;]\" \/>\n<meta property=\"og:url\" content=\"https:\/\/wp-nl.poland.travel\/mennonieten-route-wandel-en-fietsroute-in-noord-polen\/\" \/>\n<meta property=\"og:site_name\" content=\"Polen Travel (NL)\" \/>\n<meta property=\"article:published_time\" content=\"2026-04-14T07:01:05+00:00\" \/>\n<meta property=\"article:modified_time\" content=\"2026-04-14T07:01:06+00:00\" \/>\n<meta property=\"og:image\" content=\"https:\/\/wp-nl.poland.travel\/wp-content\/uploads\/sites\/23\/2024\/12\/eurovelo-10-pomorskie-szymon-nitka-znajkraj-09741.jpg\" \/>\n\t<meta property=\"og:image:width\" content=\"2000\" \/>\n\t<meta property=\"og:image:height\" content=\"1333\" \/>\n\t<meta property=\"og:image:type\" content=\"image\/jpeg\" \/>\n<meta name=\"twitter:card\" content=\"summary_large_image\" \/>\n<meta name=\"twitter:label1\" content=\"Napisane przez\" \/>\n\t<meta name=\"twitter:data1\" content=\"\" \/>\n\t<meta name=\"twitter:label2\" content=\"Szacowany czas czytania\" \/>\n\t<meta name=\"twitter:data2\" content=\"8 minut\" \/>\n<script type=\"application\/ld+json\" class=\"yoast-schema-graph\">{\"@context\":\"https:\\\/\\\/schema.org\",\"@graph\":[{\"@type\":\"Article\",\"@id\":\"https:\\\/\\\/wp-nl.poland.travel\\\/mennonieten-route-wandel-en-fietsroute-in-noord-polen\\\/#article\",\"isPartOf\":{\"@id\":\"https:\\\/\\\/wp-nl.poland.travel\\\/mennonieten-route-wandel-en-fietsroute-in-noord-polen\\\/\"},\"author\":{\"name\":\"\",\"@id\":\"\"},\"headline\":\"Mennonieten route \u2013 wandel- en fietsroute in Noord Polen\",\"datePublished\":\"2026-04-14T07:01:05+00:00\",\"dateModified\":\"2026-04-14T07:01:06+00:00\",\"mainEntityOfPage\":{\"@id\":\"https:\\\/\\\/wp-nl.poland.travel\\\/mennonieten-route-wandel-en-fietsroute-in-noord-polen\\\/\"},\"wordCount\":1268,\"commentCount\":0,\"publisher\":{\"@id\":\"https:\\\/\\\/wp-nl.poland.travel\\\/#organization\"},\"image\":{\"@id\":\"https:\\\/\\\/wp-nl.poland.travel\\\/mennonieten-route-wandel-en-fietsroute-in-noord-polen\\\/#primaryimage\"},\"thumbnailUrl\":\"https:\\\/\\\/www.polen.travel\\\/nl\\\/wp-content\\\/uploads\\\/sites\\\/23\\\/2024\\\/12\\\/eurovelo-10-pomorskie-szymon-nitka-znajkraj-09741.jpg\",\"keywords\":[\"actief\",\"wandelen\",\"beleven\"],\"articleSection\":[\"Wandelen\"],\"inLanguage\":\"pl-PL\"},{\"@type\":\"WebPage\",\"@id\":\"https:\\\/\\\/wp-nl.poland.travel\\\/mennonieten-route-wandel-en-fietsroute-in-noord-polen\\\/\",\"url\":\"https:\\\/\\\/wp-nl.poland.travel\\\/mennonieten-route-wandel-en-fietsroute-in-noord-polen\\\/\",\"name\":\"Mennonieten route \u2013 wandel- en fietsroute in Noord Polen - Polen Travel (NL)\",\"isPartOf\":{\"@id\":\"https:\\\/\\\/wp-nl.poland.travel\\\/#website\"},\"primaryImageOfPage\":{\"@id\":\"https:\\\/\\\/wp-nl.poland.travel\\\/mennonieten-route-wandel-en-fietsroute-in-noord-polen\\\/#primaryimage\"},\"image\":{\"@id\":\"https:\\\/\\\/wp-nl.poland.travel\\\/mennonieten-route-wandel-en-fietsroute-in-noord-polen\\\/#primaryimage\"},\"thumbnailUrl\":\"https:\\\/\\\/www.polen.travel\\\/nl\\\/wp-content\\\/uploads\\\/sites\\\/23\\\/2024\\\/12\\\/eurovelo-10-pomorskie-szymon-nitka-znajkraj-09741.jpg\",\"datePublished\":\"2026-04-14T07:01:05+00:00\",\"dateModified\":\"2026-04-14T07:01:06+00:00\",\"breadcrumb\":{\"@id\":\"https:\\\/\\\/wp-nl.poland.travel\\\/mennonieten-route-wandel-en-fietsroute-in-noord-polen\\\/#breadcrumb\"},\"inLanguage\":\"pl-PL\",\"potentialAction\":[{\"@type\":\"ReadAction\",\"target\":[\"https:\\\/\\\/wp-nl.poland.travel\\\/mennonieten-route-wandel-en-fietsroute-in-noord-polen\\\/\"]}]},{\"@type\":\"ImageObject\",\"inLanguage\":\"pl-PL\",\"@id\":\"https:\\\/\\\/wp-nl.poland.travel\\\/mennonieten-route-wandel-en-fietsroute-in-noord-polen\\\/#primaryimage\",\"url\":\"https:\\\/\\\/www.polen.travel\\\/nl\\\/wp-content\\\/uploads\\\/sites\\\/23\\\/2024\\\/12\\\/eurovelo-10-pomorskie-szymon-nitka-znajkraj-09741.jpg\",\"contentUrl\":\"https:\\\/\\\/www.polen.travel\\\/nl\\\/wp-content\\\/uploads\\\/sites\\\/23\\\/2024\\\/12\\\/eurovelo-10-pomorskie-szymon-nitka-znajkraj-09741.jpg\",\"width\":2000,\"height\":1333},{\"@type\":\"BreadcrumbList\",\"@id\":\"https:\\\/\\\/wp-nl.poland.travel\\\/mennonieten-route-wandel-en-fietsroute-in-noord-polen\\\/#breadcrumb\",\"itemListElement\":[{\"@type\":\"ListItem\",\"position\":1,\"name\":\"Home page\",\"item\":\"https:\\\/\\\/www.polen.travel\\\/nl\\\/\"},{\"@type\":\"ListItem\",\"position\":2,\"name\":\"Wandelen\",\"item\":\"https:\\\/\\\/wp-nl.poland.travel\\\/wandelen\\\/\"},{\"@type\":\"ListItem\",\"position\":3,\"name\":\"Mennonieten route \u2013 wandel- en fietsroute in Noord Polen\"}]},{\"@type\":\"WebSite\",\"@id\":\"https:\\\/\\\/wp-nl.poland.travel\\\/#website\",\"url\":\"https:\\\/\\\/wp-nl.poland.travel\\\/\",\"name\":\"Polen Travel (NL)\",\"description\":\"...\",\"publisher\":{\"@id\":\"https:\\\/\\\/wp-nl.poland.travel\\\/#organization\"},\"potentialAction\":[{\"@type\":\"SearchAction\",\"target\":{\"@type\":\"EntryPoint\",\"urlTemplate\":\"https:\\\/\\\/wp-nl.poland.travel\\\/?s={search_term_string}\"},\"query-input\":{\"@type\":\"PropertyValueSpecification\",\"valueRequired\":true,\"valueName\":\"search_term_string\"}}],\"inLanguage\":\"pl-PL\"},{\"@type\":\"Organization\",\"@id\":\"https:\\\/\\\/wp-nl.poland.travel\\\/#organization\",\"name\":\"Polen Travel (NL)\",\"url\":\"https:\\\/\\\/wp-nl.poland.travel\\\/\",\"logo\":{\"@type\":\"ImageObject\",\"inLanguage\":\"pl-PL\",\"@id\":\"https:\\\/\\\/wp-nl.poland.travel\\\/#\\\/schema\\\/logo\\\/image\\\/\",\"url\":\"https:\\\/\\\/en-en.polska.travel\\\/wp-content\\\/uploads\\\/sites\\\/23\\\/2022\\\/11\\\/logo.svg\",\"contentUrl\":\"https:\\\/\\\/en-en.polska.travel\\\/wp-content\\\/uploads\\\/sites\\\/23\\\/2022\\\/11\\\/logo.svg\",\"width\":198,\"height\":96,\"caption\":\"Polen Travel (NL)\"},\"image\":{\"@id\":\"https:\\\/\\\/wp-nl.poland.travel\\\/#\\\/schema\\\/logo\\\/image\\\/\"}},{\"@type\":\"Person\",\"@id\":\"\",\"url\":\"https:\\\/\\\/www.polen.travel\\\/nl\\\/author\\\/\"}]}<\/script>\n<!-- \/ Yoast SEO plugin. -->","yoast_head_json":{"title":"Mennonieten route \u2013 wandel- en fietsroute in Noord Polen - Polen Travel (NL)","robots":{"index":"index","follow":"follow","max-snippet":"max-snippet:-1","max-image-preview":"max-image-preview:large","max-video-preview":"max-video-preview:-1"},"canonical":"https:\/\/wp-nl.poland.travel\/mennonieten-route-wandel-en-fietsroute-in-noord-polen\/","og_locale":"pl_PL","og_type":"article","og_title":"Mennonieten route \u2013 wandel- en fietsroute in Noord Polen - Polen Travel (NL)","og_description":"Mennonieten route \u2013 wandel- en fietsroute in Noord Polen Mennonieten in PolenDe bijzondere geschiedenis van de Nederlandse Mennonieten, die in de 16e eeuw in Polen hun tweede vaderland vonden en hier vier eeuwen lang woonden, verdient het om herontdekt te worden. Temeer omdat de onverschrokken Nederlandse kolonisten veel sporen hebben achtergelaten, die het bezoeken waard [&hellip;]","og_url":"https:\/\/wp-nl.poland.travel\/mennonieten-route-wandel-en-fietsroute-in-noord-polen\/","og_site_name":"Polen Travel (NL)","article_published_time":"2026-04-14T07:01:05+00:00","article_modified_time":"2026-04-14T07:01:06+00:00","og_image":[{"width":2000,"height":1333,"url":"https:\/\/wp-nl.poland.travel\/wp-content\/uploads\/sites\/23\/2024\/12\/eurovelo-10-pomorskie-szymon-nitka-znajkraj-09741.jpg","type":"image\/jpeg"}],"twitter_card":"summary_large_image","twitter_misc":{"Napisane przez":"","Szacowany czas czytania":"8 minut"},"schema":{"@context":"https:\/\/schema.org","@graph":[{"@type":"Article","@id":"https:\/\/wp-nl.poland.travel\/mennonieten-route-wandel-en-fietsroute-in-noord-polen\/#article","isPartOf":{"@id":"https:\/\/wp-nl.poland.travel\/mennonieten-route-wandel-en-fietsroute-in-noord-polen\/"},"author":{"name":"","@id":""},"headline":"Mennonieten route \u2013 wandel- en fietsroute in Noord Polen","datePublished":"2026-04-14T07:01:05+00:00","dateModified":"2026-04-14T07:01:06+00:00","mainEntityOfPage":{"@id":"https:\/\/wp-nl.poland.travel\/mennonieten-route-wandel-en-fietsroute-in-noord-polen\/"},"wordCount":1268,"commentCount":0,"publisher":{"@id":"https:\/\/wp-nl.poland.travel\/#organization"},"image":{"@id":"https:\/\/wp-nl.poland.travel\/mennonieten-route-wandel-en-fietsroute-in-noord-polen\/#primaryimage"},"thumbnailUrl":"https:\/\/www.polen.travel\/nl\/wp-content\/uploads\/sites\/23\/2024\/12\/eurovelo-10-pomorskie-szymon-nitka-znajkraj-09741.jpg","keywords":["actief","wandelen","beleven"],"articleSection":["Wandelen"],"inLanguage":"pl-PL"},{"@type":"WebPage","@id":"https:\/\/wp-nl.poland.travel\/mennonieten-route-wandel-en-fietsroute-in-noord-polen\/","url":"https:\/\/wp-nl.poland.travel\/mennonieten-route-wandel-en-fietsroute-in-noord-polen\/","name":"Mennonieten route \u2013 wandel- en fietsroute in Noord Polen - Polen Travel (NL)","isPartOf":{"@id":"https:\/\/wp-nl.poland.travel\/#website"},"primaryImageOfPage":{"@id":"https:\/\/wp-nl.poland.travel\/mennonieten-route-wandel-en-fietsroute-in-noord-polen\/#primaryimage"},"image":{"@id":"https:\/\/wp-nl.poland.travel\/mennonieten-route-wandel-en-fietsroute-in-noord-polen\/#primaryimage"},"thumbnailUrl":"https:\/\/www.polen.travel\/nl\/wp-content\/uploads\/sites\/23\/2024\/12\/eurovelo-10-pomorskie-szymon-nitka-znajkraj-09741.jpg","datePublished":"2026-04-14T07:01:05+00:00","dateModified":"2026-04-14T07:01:06+00:00","breadcrumb":{"@id":"https:\/\/wp-nl.poland.travel\/mennonieten-route-wandel-en-fietsroute-in-noord-polen\/#breadcrumb"},"inLanguage":"pl-PL","potentialAction":[{"@type":"ReadAction","target":["https:\/\/wp-nl.poland.travel\/mennonieten-route-wandel-en-fietsroute-in-noord-polen\/"]}]},{"@type":"ImageObject","inLanguage":"pl-PL","@id":"https:\/\/wp-nl.poland.travel\/mennonieten-route-wandel-en-fietsroute-in-noord-polen\/#primaryimage","url":"https:\/\/www.polen.travel\/nl\/wp-content\/uploads\/sites\/23\/2024\/12\/eurovelo-10-pomorskie-szymon-nitka-znajkraj-09741.jpg","contentUrl":"https:\/\/www.polen.travel\/nl\/wp-content\/uploads\/sites\/23\/2024\/12\/eurovelo-10-pomorskie-szymon-nitka-znajkraj-09741.jpg","width":2000,"height":1333},{"@type":"BreadcrumbList","@id":"https:\/\/wp-nl.poland.travel\/mennonieten-route-wandel-en-fietsroute-in-noord-polen\/#breadcrumb","itemListElement":[{"@type":"ListItem","position":1,"name":"Home page","item":"https:\/\/www.polen.travel\/nl\/"},{"@type":"ListItem","position":2,"name":"Wandelen","item":"https:\/\/wp-nl.poland.travel\/wandelen\/"},{"@type":"ListItem","position":3,"name":"Mennonieten route \u2013 wandel- en fietsroute in Noord Polen"}]},{"@type":"WebSite","@id":"https:\/\/wp-nl.poland.travel\/#website","url":"https:\/\/wp-nl.poland.travel\/","name":"Polen Travel (NL)","description":"...","publisher":{"@id":"https:\/\/wp-nl.poland.travel\/#organization"},"potentialAction":[{"@type":"SearchAction","target":{"@type":"EntryPoint","urlTemplate":"https:\/\/wp-nl.poland.travel\/?s={search_term_string}"},"query-input":{"@type":"PropertyValueSpecification","valueRequired":true,"valueName":"search_term_string"}}],"inLanguage":"pl-PL"},{"@type":"Organization","@id":"https:\/\/wp-nl.poland.travel\/#organization","name":"Polen Travel (NL)","url":"https:\/\/wp-nl.poland.travel\/","logo":{"@type":"ImageObject","inLanguage":"pl-PL","@id":"https:\/\/wp-nl.poland.travel\/#\/schema\/logo\/image\/","url":"https:\/\/en-en.polska.travel\/wp-content\/uploads\/sites\/23\/2022\/11\/logo.svg","contentUrl":"https:\/\/en-en.polska.travel\/wp-content\/uploads\/sites\/23\/2022\/11\/logo.svg","width":198,"height":96,"caption":"Polen Travel (NL)"},"image":{"@id":"https:\/\/wp-nl.poland.travel\/#\/schema\/logo\/image\/"}},{"@type":"Person","@id":"","url":"https:\/\/www.polen.travel\/nl\/author\/"}]}},"_links":{"self":[{"href":"https:\/\/www.polen.travel\/nl\/wp-json\/wp\/v2\/posts\/31956","targetHints":{"allow":["GET"]}}],"collection":[{"href":"https:\/\/www.polen.travel\/nl\/wp-json\/wp\/v2\/posts"}],"about":[{"href":"https:\/\/www.polen.travel\/nl\/wp-json\/wp\/v2\/types\/post"}],"author":[{"embeddable":true,"href":"https:\/\/www.polen.travel\/nl\/wp-json\/wp\/v2\/users\/1"}],"replies":[{"embeddable":true,"href":"https:\/\/www.polen.travel\/nl\/wp-json\/wp\/v2\/comments?post=31956"}],"version-history":[{"count":2,"href":"https:\/\/www.polen.travel\/nl\/wp-json\/wp\/v2\/posts\/31956\/revisions"}],"predecessor-version":[{"id":34182,"href":"https:\/\/www.polen.travel\/nl\/wp-json\/wp\/v2\/posts\/31956\/revisions\/34182"}],"wp:featuredmedia":[{"embeddable":true,"href":"https:\/\/www.polen.travel\/nl\/wp-json\/wp\/v2\/media\/34181"}],"wp:attachment":[{"href":"https:\/\/www.polen.travel\/nl\/wp-json\/wp\/v2\/media?parent=31956"}],"wp:term":[{"taxonomy":"category","embeddable":true,"href":"https:\/\/www.polen.travel\/nl\/wp-json\/wp\/v2\/categories?post=31956"}],"curies":[{"name":"wp","href":"https:\/\/api.w.org\/{rel}","templated":true}]}}