{"id":31949,"date":"2026-04-13T14:56:09","date_gmt":"2026-04-13T12:56:09","guid":{"rendered":"https:\/\/www.polen.travel\/nl\/?p=31949"},"modified":"2026-04-13T14:56:10","modified_gmt":"2026-04-13T12:56:10","slug":"top-5-mooiste-bergketens","status":"publish","type":"post","link":"https:\/\/www.polen.travel\/nl\/top-5-mooiste-bergketens\/","title":{"rendered":"TOP 5 mooiste bergketens"},"content":{"rendered":"\n<div class=\"wp-block-group is-style-container-medium\"><div class=\"wp-block-group__inner-container is-layout-constrained wp-block-group-is-layout-constrained\">\n<h2 class=\"wp-block-heading\">TOP 5 mooiste bergketens<\/h2>\n\n\n\n<div style=\"height:30px\" aria-hidden=\"true\" class=\"wp-block-spacer is-style-spacer-small\"><\/div>\n\n\n\n<p>Polen is een van de weinige landen in Europa waar men zoveel verschillende ongerepte landschappen en natuurgebieden aantreft. De meest waardevolle natuurgebieden van Polen zijn beschermd in&nbsp;<a href=\"\/nl\/nationale-parken\" target=\"_blank\" rel=\"noreferrer noopener\">23 nationale parken<\/a>&nbsp;met een totale oppervlakte van 300,000 hectare.&nbsp;<\/p>\n\n\n\n<p>De tweede helft van augustus en de maand september wordt traditioneel beschouwd als de beste tijd om naar de Poolse bergen te gaan. Het weer is dan stabieler, de hitte hindert je niet en de drukte op bergpaden is veel minder. Bovendien kleuren de bergen dan in prachtige schakeringen die een onvergetelijke achtergrond vormen voor herfstwandelingen.&nbsp;<\/p>\n\n\n\n<p><strong>REUZENGEBERGTE (Karkonosze) &#8211; regio Neder \u2013 Silezi\u00eb<\/strong><\/p>\n\n\n\n<p>De&nbsp;<strong>Karkonosze<\/strong>&nbsp;is de hoogste bergketen van de Sudeten in het zuidwesten van Polen. De bergen vormen een natuurlijke grens met Tsjechi\u00eb. De twee populairste pieken zijn de &nbsp;<strong>\u015anie\u017cka<\/strong>&nbsp;en de&nbsp;<strong>Szrenica<\/strong>, die beiden hoog boven de belangrijkste toeristische centra uittorenen, Karpacz en Szklarska Por\u0119ba. De Karkonosze staat bekend om zijn vele watervallen, waarvan de twee meest populaire de&nbsp;<strong>Kamie\u0144czyk-waterval<\/strong>&nbsp;en&nbsp;<strong>Szklarki-waterval<\/strong>&nbsp;zijn.&nbsp;De \u015anie\u017cka is de hoogste bergtop in de<strong>&nbsp;Karkonosze&nbsp;<\/strong>met een hoogte van 1 602 meter boven zeeniveau. Vanaf haar top is er een prachtig panorama van de Karkonosze bergketen. Het is ook de plek waar jij de zeldzame natuurverschijnselen kan aanschouwen, zoals de Brocken geest en het Sint-Elmsvuur.&nbsp;<\/p>\n\n\n\n<p>Ga je naar Reuzengebergte? Bezoek&nbsp;de&nbsp;<strong>Wang-tempel<\/strong>&nbsp;&#8211; een van de grootste attracties in Karpacz.&nbsp;Naast de houten kerk uit de dertiende eeuw vinden we de blauwe toeristische route. Het leidt eerst naar&nbsp;<strong>Ma\u0142y Staw-keteldal<\/strong>, waar de berghut&nbsp;<a href=\"http:\/\/www.samotnia.com.pl\/en\/index.php\" target=\"_blank\" rel=\"noreferrer noopener\"><strong>Samotnia<\/strong><\/a>&nbsp;zich bevindt.&nbsp;Voor degenen die helemaal niet willen klimmen, is een stoeltjeslift beschikbaar die naar de Kopa voert en vanaf daar te voet naar de top. Ongeacht welke route we naar de top kiezen, er wachten op ons prachtige uitzichten, die nog lang in ons geheugen zullen blijven.<\/p>\n\n\n\n<p><a href=\"https:\/\/kpnmab.pl\/en\/lang\" target=\"_blank\" rel=\"noreferrer noopener\">Karkonoski Nationaal Park<\/a><\/p>\n\n\n\n<p>Zie impressies van de Reuzengebergte<\/p>\n<\/div><\/div>\n\n\n\n<div style=\"height:30px\" aria-hidden=\"true\" class=\"wp-block-spacer is-style-spacer-small\"><\/div>\n\n\n\n<div class=\"wp-block-group is-style-container\"><div class=\"wp-block-group__inner-container is-layout-constrained wp-block-group-is-layout-constrained\">\n<figure class=\"wp-block-embed aligncenter is-type-video is-provider-youtube wp-block-embed-youtube wp-embed-aspect-16-9 wp-has-aspect-ratio\"><div class=\"wp-block-embed__wrapper\">\n<iframe loading=\"lazy\" title=\"Karkonosze Pie\u015b\u0144 Wiatru i Mrozu\" width=\"500\" height=\"281\" src=\"https:\/\/www.youtube.com\/embed\/tjGC8Rt3kKo?feature=oembed\" frameborder=\"0\" allow=\"accelerometer; autoplay; clipboard-write; encrypted-media; gyroscope; picture-in-picture; web-share\" referrerpolicy=\"strict-origin-when-cross-origin\" allowfullscreen><\/iframe>\n<\/div><\/figure>\n<\/div><\/div>\n\n\n\n<div style=\"height:30px\" aria-hidden=\"true\" class=\"wp-block-spacer is-style-spacer-small\"><\/div>\n\n\n\n<div class=\"wp-block-group is-style-container-medium\"><div class=\"wp-block-group__inner-container is-layout-constrained wp-block-group-is-layout-constrained\">\n<p><strong>TATRA GEBERGTE (regio Klein Polen, 100 km ten zuiden van Krakau)<\/strong><\/p>\n\n\n\n<p>Het&nbsp;<strong>Tatra-gebergte<\/strong>&nbsp;is de hoogste bergketen in Polen, gelegen in het zuiden van Polen, aan de grens met Slowakije. De hoogste berg aan Poolse kant is de&nbsp;<strong>Rysy,<\/strong>&nbsp;dat op 2499 m boven de zeespiegel ligt. U kunt een tocht door de valleien kiezen, waarvan de meest populaire de Ko\u015bcieliska-vallei, Chocho\u0142owska of&nbsp;<strong>Vijf Poolse Bergmeren<\/strong>&nbsp;zijn. Voor de doorgewinterde reizigers wachten bergtoppen, de lagere in de Westelijke Tatra en de hoogste toppen in de Hoge Tatra. De meest populaire pieken zijn&nbsp;<strong>Kasprowy Wierch<\/strong>, de&nbsp;<strong>Giewont<\/strong>, de eerder genoemde&nbsp;<strong>Rysy&nbsp;<\/strong>en een groep pieken genaamd de&nbsp;<strong>Czerwone Wierchy<\/strong>.<\/p>\n\n\n\n<p>Een van de mooiste routes leidt van Palenica Bia\u0142cza\u0144ska naar de vallei van de&nbsp;<strong>Vijf Poolse Bergmeren<\/strong>, en vandaar via Szpiglasowa Pas naar&nbsp;<strong>Morskie Oko<\/strong>. Je gaat de hoogste Poolse waterval zien &#8211;&nbsp;<strong>Wielka Siklawa<\/strong>, de mooiste berghut, evenals de twee grootste en zeker de mooiste bergmeren van de Tatra. De trek over deze route is niet moeilijk en duurt ongeveer 5 uur.<\/p>\n\n\n\n<p>De moeilijkste en de mooiste route in de Hoge Tatra is het pad naar de beroemde&nbsp;<strong>Orla Per\u0107<\/strong>. Het loopt langs een rotsachtige bergrug vanaf de Zawrat-pas, via Kozie Wierchy, Granaty en Buczynowe Turnie naar de Krzy\u017cne-pas. Het staat bekend om een groot aantal moeilijke plaatsen verzekerd met kettingen en gespen, en soms ook nuttige ladders. Het oversteken van de&nbsp;<strong>Orla Per\u0107<\/strong>&nbsp;zelf duurt ongeveer 6 uur, maar het kan in veel kortere delen worden verdeeld. Het voltooien van de hele klimroute duurt ongeveer 10 uur.<\/p>\n\n\n\n<p><a href=\"\/nl\/nationale-parken\/tatrzanski-nationaal-park\" target=\"_blank\" rel=\"noreferrer noopener\">Tatra Nationaal Park<\/a><\/p>\n\n\n\n<p><strong>BIESZCZADY GEBERGTE: eindeloze weides<\/strong><\/p>\n\n\n\n<p><strong>Bieszczady<\/strong>&nbsp;is een pittoreske bergketen gelegen op het kruispunt van drie landsgrenzen- Polen, Oekra\u00efne en Slowakije. De bergketen maakt deel uit van de oostelijke Karpaten, die zich uitstrekken tot Roemeni\u00eb. Binnen de grenzen van Polen ligt een deel van de Westelijke Bieszczady met als hoogste top de Tarnica (1346 m boven zeeniveau). De meest karakteristieke voor deze bergketen zijn de kilometerslange weiden, waarvan de bekendste de&nbsp;<strong>Wetli\u0144ska<\/strong>&nbsp;en&nbsp;<strong>Cary\u0144ska<\/strong>&nbsp;zijn.<\/p>\n\n\n\n<p><strong>Tarnica<\/strong>&nbsp;is ongetwijfeld het meest aantrekkelijke uitkijkpunt in de hele Poolse Bieszczady. Vanaf de top kunnen we een verbazingwekkend panorama van nabije bergketens te zien, en bij goed weer en goed zicht kunnen we onder andere de&nbsp;<strong>Tatra&nbsp;<\/strong>gebergte zien. Het beklimmen ervan is niet erg lastig, en de uitzichten zijn adembenemend. De twee beschikbare routes hebben een verschillende moeilijkheidsgraad. Als we voor een steilere route kiezen, dan bereiken we de top waarschijnlijk sneller omdat het ondanks de grotere moeilijkheid korter is, terwijl de langere route een wandeling is van 3 &#8211; 4 uur, afgewisseld met prachtige landschappen. Voor een bezoeker van het Bieszczady-gebergte is de beklimming van de Tarnica een absolute must op een van de aantrekkelijkste bergkammen.<\/p>\n\n\n\n<p><a href=\"http:\/\/www.podkarpackie.travel\/en\/atractions\/bieszczady-national-park\" target=\"_blank\" rel=\"noreferrer noopener\">Meer over Bieszczady<\/a><\/p>\n<\/div><\/div>\n\n\n\n<div class=\"wp-block-group is-style-container-medium\"><div class=\"wp-block-group__inner-container is-layout-constrained wp-block-group-is-layout-constrained\">\n<p class=\"has-text-align-center\"><strong>BIESZCZADY gebergte (KARPATEN)<\/strong><\/p>\n<\/div><\/div>\n\n\n\n<div style=\"height:30px\" aria-hidden=\"true\" class=\"wp-block-spacer is-style-spacer-small\"><\/div>\n\n\n\n<div class=\"wp-block-group is-style-container\"><div class=\"wp-block-group__inner-container is-layout-constrained wp-block-group-is-layout-constrained\">  <div class=\"gallery-tiles gallery-tiles--rows-2-3 lightgallery\">\r\n          <a href=\"https:\/\/www.polen.travel\/nl\/wp-content\/uploads\/sites\/23\/2024\/12\/Carynska.jpg\" class=\"gallery-tiles__item\" data-src=\"https:\/\/www.polen.travel\/nl\/wp-content\/uploads\/sites\/23\/2024\/12\/Carynska.jpg\"\r\n        aria-label=\"Otw\u00f3rz powi\u0119kszone zdj\u0119cie: Carynska\">\r\n        <img loading=\"lazy\" decoding=\"async\" width=\"1170\" height=\"780\" src=\"https:\/\/www.polen.travel\/nl\/wp-content\/uploads\/sites\/23\/2024\/12\/Carynska.jpg\" class=\"gallery-tiles__thumb\" alt=\"\" srcset=\"https:\/\/www.polen.travel\/nl\/wp-content\/uploads\/sites\/23\/2024\/12\/Carynska.jpg 1170w, https:\/\/www.polen.travel\/nl\/wp-content\/uploads\/sites\/23\/2024\/12\/Carynska-600x400.jpg 600w, https:\/\/www.polen.travel\/nl\/wp-content\/uploads\/sites\/23\/2024\/12\/Carynska-768x512.jpg 768w\" sizes=\"auto, (max-width: 1170px) 100vw, 1170px\" \/>      <\/a>\r\n          <a href=\"https:\/\/www.polen.travel\/nl\/wp-content\/uploads\/sites\/23\/2024\/12\/20140702_Bieszczady_AB_HR-fotopolska-pot.jpg\" class=\"gallery-tiles__item\" data-src=\"https:\/\/www.polen.travel\/nl\/wp-content\/uploads\/sites\/23\/2024\/12\/20140702_Bieszczady_AB_HR-fotopolska-pot.jpg\"\r\n        aria-label=\"Otw\u00f3rz powi\u0119kszone zdj\u0119cie: 20140702_Bieszczady_AB_HR-fotopolska-pot\">\r\n        <img loading=\"lazy\" decoding=\"async\" width=\"1170\" height=\"780\" src=\"https:\/\/www.polen.travel\/nl\/wp-content\/uploads\/sites\/23\/2024\/12\/20140702_Bieszczady_AB_HR-fotopolska-pot.jpg\" class=\"gallery-tiles__thumb\" alt=\"\" srcset=\"https:\/\/www.polen.travel\/nl\/wp-content\/uploads\/sites\/23\/2024\/12\/20140702_Bieszczady_AB_HR-fotopolska-pot.jpg 1170w, https:\/\/www.polen.travel\/nl\/wp-content\/uploads\/sites\/23\/2024\/12\/20140702_Bieszczady_AB_HR-fotopolska-pot-600x400.jpg 600w, https:\/\/www.polen.travel\/nl\/wp-content\/uploads\/sites\/23\/2024\/12\/20140702_Bieszczady_AB_HR-fotopolska-pot-768x512.jpg 768w\" sizes=\"auto, (max-width: 1170px) 100vw, 1170px\" \/>      <\/a>\r\n          <a href=\"https:\/\/www.polen.travel\/nl\/wp-content\/uploads\/sites\/23\/2024\/12\/Mala-Rawka.jpg\" class=\"gallery-tiles__item\" data-src=\"https:\/\/www.polen.travel\/nl\/wp-content\/uploads\/sites\/23\/2024\/12\/Mala-Rawka.jpg\"\r\n        aria-label=\"Otw\u00f3rz powi\u0119kszone zdj\u0119cie: Widok na Po\u0142onin\u0119 Wetli\u0144sk\u0105 z Ma\u0142ej Rawki\">\r\n        <img loading=\"lazy\" decoding=\"async\" width=\"1170\" height=\"777\" src=\"https:\/\/www.polen.travel\/nl\/wp-content\/uploads\/sites\/23\/2024\/12\/Mala-Rawka.jpg\" class=\"gallery-tiles__thumb\" alt=\"\" srcset=\"https:\/\/www.polen.travel\/nl\/wp-content\/uploads\/sites\/23\/2024\/12\/Mala-Rawka.jpg 1170w, https:\/\/www.polen.travel\/nl\/wp-content\/uploads\/sites\/23\/2024\/12\/Mala-Rawka-600x398.jpg 600w, https:\/\/www.polen.travel\/nl\/wp-content\/uploads\/sites\/23\/2024\/12\/Mala-Rawka-768x510.jpg 768w\" sizes=\"auto, (max-width: 1170px) 100vw, 1170px\" \/>      <\/a>\r\n          <a href=\"https:\/\/www.polen.travel\/nl\/wp-content\/uploads\/sites\/23\/2023\/07\/bieszczady_jesien_1170.jpg\" class=\"gallery-tiles__item\" data-src=\"https:\/\/www.polen.travel\/nl\/wp-content\/uploads\/sites\/23\/2023\/07\/bieszczady_jesien_1170.jpg\"\r\n        aria-label=\"Otw\u00f3rz powi\u0119kszone zdj\u0119cie: Bieszczadzka jesie\u0144.\">\r\n        <img loading=\"lazy\" decoding=\"async\" width=\"1170\" height=\"780\" src=\"https:\/\/www.polen.travel\/nl\/wp-content\/uploads\/sites\/23\/2023\/07\/bieszczady_jesien_1170.jpg\" class=\"gallery-tiles__thumb\" alt=\"\" srcset=\"https:\/\/www.polen.travel\/nl\/wp-content\/uploads\/sites\/23\/2023\/07\/bieszczady_jesien_1170.jpg 1170w, https:\/\/www.polen.travel\/nl\/wp-content\/uploads\/sites\/23\/2023\/07\/bieszczady_jesien_1170-600x400.jpg 600w, https:\/\/www.polen.travel\/nl\/wp-content\/uploads\/sites\/23\/2023\/07\/bieszczady_jesien_1170-768x512.jpg 768w\" sizes=\"auto, (max-width: 1170px) 100vw, 1170px\" \/>      <\/a>\r\n          <a href=\"https:\/\/www.polen.travel\/nl\/wp-content\/uploads\/sites\/23\/2025\/05\/Bieszczady_zachod.jpg\" class=\"gallery-tiles__item\" data-src=\"https:\/\/www.polen.travel\/nl\/wp-content\/uploads\/sites\/23\/2025\/05\/Bieszczady_zachod.jpg\"\r\n        aria-label=\"Otw\u00f3rz powi\u0119kszone zdj\u0119cie: Bieszczady_zachod\">\r\n        <img loading=\"lazy\" decoding=\"async\" width=\"1200\" height=\"800\" src=\"https:\/\/www.polen.travel\/nl\/wp-content\/uploads\/sites\/23\/2025\/05\/Bieszczady_zachod-1200x800.jpg\" class=\"gallery-tiles__thumb\" alt=\"\" srcset=\"https:\/\/www.polen.travel\/nl\/wp-content\/uploads\/sites\/23\/2025\/05\/Bieszczady_zachod-1200x800.jpg 1200w, https:\/\/www.polen.travel\/nl\/wp-content\/uploads\/sites\/23\/2025\/05\/Bieszczady_zachod-600x400.jpg 600w, https:\/\/www.polen.travel\/nl\/wp-content\/uploads\/sites\/23\/2025\/05\/Bieszczady_zachod-768x512.jpg 768w, https:\/\/www.polen.travel\/nl\/wp-content\/uploads\/sites\/23\/2025\/05\/Bieszczady_zachod-1536x1025.jpg 1536w, https:\/\/www.polen.travel\/nl\/wp-content\/uploads\/sites\/23\/2025\/05\/Bieszczady_zachod-1920x1281.jpg 1920w, https:\/\/www.polen.travel\/nl\/wp-content\/uploads\/sites\/23\/2025\/05\/Bieszczady_zachod.jpg 2000w\" sizes=\"auto, (max-width: 1200px) 100vw, 1200px\" \/>      <\/a>\r\n      <\/div>\r\n<\/div><\/div>\n\n\n\n<div style=\"height:30px\" aria-hidden=\"true\" class=\"wp-block-spacer is-style-spacer-small\"><\/div>\n\n\n\n<div class=\"wp-block-group is-style-container-medium\"><div class=\"wp-block-group__inner-container is-layout-constrained wp-block-group-is-layout-constrained\">\n<p><strong>PIENINY GEBERGTE \u2013 Sokolica (Klein Polen)<\/strong><\/p>\n\n\n\n<p>Een van de mooiste routes in de Poolse bergen, rijk aan adembenemende uitzichten bij elke bocht \u2013&nbsp;<strong>de Sokola Per\u0107 in Pieniny<\/strong>. De meest bekende piek is&nbsp;<strong>Sokolica<\/strong>, genoemd omdat ooit valken op de steile hellingen nestelden.<\/p>\n\n\n\n<p>Het uitzicht vanaf het pad is adembenemend \u2013 beneden de&nbsp;<strong>Dunajec-rivier<\/strong>&nbsp;en aan de horizon de toppen van de Tatra. Daarbij een bijzondere Pieniny klassieker &#8211; een eenzame pijnboom die op de top groeit. Je kunt naar Sokolica gaan vanuit Kro\u015bcienko, vanuit Sromowce Ni\u017cne, en gedurende het seizoen van het het bevaren van de Dunajec ook vanuit Szczawnica.<\/p>\n\n\n\n<p>Lengte van de route: 8,5 km, wandeltijd \u2013 3 tot 3,5 uur. Het meest aantrekkelijke deel van de route loopt langs een rotsachtige bergkam, maar het pad is niet moeilijk, maar het kan een probleem vormen voor mensen met hoogtevrees. Het is het meest geschikt voor een reis met oudere kinderen.<\/p>\n\n\n\n<p>De hoogste berg van de Pieniny &nbsp;is de&nbsp;<strong>Trzy Korony<\/strong>&nbsp;(982 meter boven zeeniveau) die je via de blauwe route bereikt.&nbsp;<\/p>\n\n\n\n<p><a href=\"https:\/\/www.pieninypn.pl\/en\" target=\"_blank\" rel=\"noreferrer noopener\">Pieninski Nationaal Park<\/a><\/p>\n\n\n\n<p><strong>BESKIDY GEBERGTE<\/strong><\/p>\n\n\n\n<p>De Beskiden zijn de langste bergstrook in Polen. Ze strekken zich uit over meer dan 600 kilometer langs de grens met Slowakije en deels ook Tsjechi\u0451 en vormen geen homogene bergketen. De verlagingen en verhogingen van het terrein zorgen voor een grote verscheidenheid van het landschap en zijn een bron van de rijkdom en uniekheid ervan. De schilderachtigheid van de Beskiden en de bereikbaarheid ervan voor toeristen alsook de schitterende monumenten die bewonderd kunnen worden in de dorpen en steden die men voorbijkomt, zorgen ervoor dat iedereen iets vindt voor zichzelf.<\/p>\n\n\n\n<p>Wie ge\u0457nteresseerd is om vanuit vogelperspectief te kijken naar het wateroppervlak van het meer en de bergen die het omringen, zal zeker geboeid worden door de&nbsp;<strong>berg \u017bar<\/strong>&nbsp;\u2013 een unieke plek voor alle liefhebbers van paragliding en zweefvliegen. Men kan te voet of met een treintje op de top van de berg \u017bar geraken. Bijna dagelijks kan men hier paragliders en zweefvliegtuigen zien die geluidloos door de lucht glijden. De charmes om vrij boven de bergen te drijven, zijn ook voor amateurs toegankelijk. De plaatselijke vliegscholen bieden immers panoramavluchten met een zweefvliegtuig of paraglider in tandem.&nbsp;<\/p>\n\n\n\n<p><a href=\"https:\/\/www.slaskie.travel\/en-US\" target=\"_blank\" rel=\"noreferrer noopener\">Meer informatie over de regio&nbsp;Silezi\u00eb&nbsp;<\/a><\/p>\n\n\n\n<p>Met&nbsp;<a href=\"https:\/\/expeditie-polen.nl\/\" target=\"_blank\" rel=\"noreferrer noopener\"><strong>Expeditie Polen<\/strong><\/a><a href=\"https:\/\/expeditie-polen.nl\/\" target=\"_blank\" rel=\"noreferrer noopener\">&nbsp;<\/a>ben je actief bezig in het Tatra- of het Reuzengebergte. Je gaat over bergpaden door de ongerepte natuur, klautert in rotsachtig terrein, en balanceert op uitdagende paadjes over grashellingen en soms sneeuwvelden. Altijd wandel je met uitzicht op mooie bergtoppen. Iets voor jou? Iedereen kan bergwandelen, en als je een redelijke conditie hebt, staat niets je eerste bergavontuur in de weg. Bergwandelen is wel een inspannende bezigheid, zeker wanneer je flinke afstanden omhoog en omlaag aflegt. Elk berggebied heeft wandelroutes voor zowel beginnende als gevorderde bergwandelaars. Expeditie Reuzengebergte Polen is ideaal voor de beginnende avonturier.<\/p>\n<\/div><\/div>\n\n\n\n<div style=\"height:30px\" aria-hidden=\"true\" class=\"wp-block-spacer is-style-spacer-small\"><\/div>\n\n\n<div class=\"overflow\">\n  <div class=\"post-slider swiper post-slider--small\" data-schema=\"small\">\n\n    <div class=\"swiper-wrapper\">\n              <div class=\"swiper-slide post-slide\">\n                      <a href=\"https:\/\/www.polen.travel\/nl\/toeristische-routes-van-de-regio-swietokrzyskie-op-een-plek\/\" class=\"post-box post-box--small\" style=\" background-image: url(https:\/\/www.polen.travel\/nl\/wp-content\/uploads\/sites\/23\/2024\/12\/2023-01-20-13_37_56--600x372.jpg);\">\n          <div class=\"post-box__hover\" style=\"background-image: url(https:\/\/www.polen.travel\/nl\/wp-content\/uploads\/sites\/23\/2023\/02\/392_Gory-Swietokrzyskie-i-Swiety-Krzyz-szklany-dom-Zeromskiego_MC_P-600x400.jpg);\"><\/div>\n        <div class=\"post-box__info\">\n            <div class=\"post-box__title\">TOERISTISCHE ROUTES VAN DE REGIO \u015aWI\u0118TOKRZYSKIE OP \u00c9\u00c9N PLEK<\/div>\n      <div class=\"post-box__more\">Lees meer <\/div>\n    <\/div>\n  <\/a>\n\n          <\/div>\n              <div class=\"swiper-slide post-slide\">\n                      <a href=\"https:\/\/www.polen.travel\/nl\/de-sudeten-hoofdroute\/\" class=\"post-box post-box--small\" style=\" background-image: url(https:\/\/www.polen.travel\/nl\/wp-content\/uploads\/sites\/23\/2024\/12\/Izergebergte-600x450.jpg);\">\n          <div class=\"post-box__hover\" style=\"background-image: url(https:\/\/www.polen.travel\/nl\/wp-content\/uploads\/sites\/23\/2024\/12\/Uilengebergte-600x450.jpg);\"><\/div>\n        <div class=\"post-box__info\">\n            <div class=\"post-box__title\">De Sudeten hoofdroute<\/div>\n      <div class=\"post-box__more\">Lees meer <\/div>\n    <\/div>\n  <\/a>\n\n          <\/div>\n              <div class=\"swiper-slide post-slide\">\n                      <a href=\"https:\/\/www.polen.travel\/nl\/veiligheid-in-de-bergen-handige-tips\/\" class=\"post-box post-box--small\" style=\" background-image: url(https:\/\/www.polen.travel\/nl\/wp-content\/uploads\/sites\/23\/2024\/12\/BezpGory1170-600x400.jpg);\">\n          <div class=\"post-box__hover\" style=\"background-image: url(https:\/\/www.polen.travel\/nl\/wp-content\/uploads\/sites\/23\/2024\/12\/BezpGory3-600x400.jpg);\"><\/div>\n        <div class=\"post-box__info\">\n            <div class=\"post-box__title\">Veiligheid in de bergen &#8211; handige tips<\/div>\n      <div class=\"post-box__more\">Lees meer <\/div>\n    <\/div>\n  <\/a>\n\n          <\/div>\n              <div class=\"swiper-slide post-slide\">\n                      <a href=\"https:\/\/www.polen.travel\/nl\/sky-walk-in-swieradow-zdroj\/\" class=\"post-box post-box--small\" style=\" background-image: url(https:\/\/www.polen.travel\/nl\/wp-content\/uploads\/sites\/23\/2024\/12\/sky-walk-2-600x400.jpg);\">\n          <div class=\"post-box__hover\" style=\"background-image: url(https:\/\/www.polen.travel\/nl\/wp-content\/uploads\/sites\/23\/2024\/12\/AdobeStock_905572458_Wieza_Swieradow_Zdroj-600x338.jpeg);\"><\/div>\n        <div class=\"post-box__info\">\n            <div class=\"post-box__title\">SKY WALK IN \u015aWIERAD\u00d3W-ZDR\u00d3J<\/div>\n      <div class=\"post-box__more\">Lees meer <\/div>\n    <\/div>\n  <\/a>\n\n          <\/div>\n              <div class=\"swiper-slide post-slide\">\n                      <a href=\"https:\/\/www.polen.travel\/nl\/mennonieten-route-wandel-en-fietsroute-in-noord-polen\/\" class=\"post-box post-box--small\" style=\" background-image: url(https:\/\/www.polen.travel\/nl\/wp-content\/uploads\/sites\/23\/2024\/12\/DeltaWisly1170-600x400.jpg);\">\n          <div class=\"post-box__hover\" style=\"background-image: url(https:\/\/www.polen.travel\/nl\/wp-content\/uploads\/sites\/23\/2024\/12\/eurovelo-10-pomorskie-szymon-nitka-znajkraj-09741-600x400.jpg);\"><\/div>\n        <div class=\"post-box__info\">\n            <div class=\"post-box__title\">Mennonieten route  \u2013 wandel- en fietsroute in Noord Polen<\/div>\n      <div class=\"post-box__more\">Lees meer <\/div>\n    <\/div>\n  <\/a>\n\n          <\/div>\n          <\/div>\n    <div class=\"post-slider__pagination\"><\/div>\n  <\/div>\n<\/div>\n\n\n\n<div style=\"height:30px\" aria-hidden=\"true\" class=\"wp-block-spacer is-style-spacer-small\"><\/div>\n","protected":false},"excerpt":{"rendered":"<p>TOP 5 mooiste bergketens Polen is een van de weinige landen in Europa waar men zoveel verschillende ongerepte landschappen en natuurgebieden aantreft. De meest waardevolle natuurgebieden van Polen zijn beschermd in&nbsp;23 nationale parken&nbsp;met een totale oppervlakte van 300,000 hectare.&nbsp; De tweede helft van augustus en de maand september wordt traditioneel beschouwd als de beste tijd [&hellip;]<\/p>\n","protected":false},"author":1,"featured_media":18400,"comment_status":"open","ping_status":"open","sticky":false,"template":"","format":"standard","meta":{"_acf_changed":false,"footnotes":""},"categories":[1256],"class_list":["post-31949","post","type-post","status-publish","format-standard","has-post-thumbnail","hentry","category-wandelen"],"acf":[],"yoast_head":"<!-- This site is optimized with the Yoast SEO plugin v27.4 - https:\/\/yoast.com\/product\/yoast-seo-wordpress\/ -->\n<title>TOP 5 mooiste bergketens - Polen Travel (NL)<\/title>\n<meta name=\"robots\" content=\"index, follow, max-snippet:-1, max-image-preview:large, max-video-preview:-1\" \/>\n<link rel=\"canonical\" href=\"https:\/\/wp-nl.poland.travel\/top-5-mooiste-bergketens\/\" \/>\n<meta property=\"og:locale\" content=\"pl_PL\" \/>\n<meta property=\"og:type\" content=\"article\" \/>\n<meta property=\"og:title\" content=\"TOP 5 mooiste bergketens - Polen Travel (NL)\" \/>\n<meta property=\"og:description\" content=\"TOP 5 mooiste bergketens Polen is een van de weinige landen in Europa waar men zoveel verschillende ongerepte landschappen en natuurgebieden aantreft. De meest waardevolle natuurgebieden van Polen zijn beschermd in&nbsp;23 nationale parken&nbsp;met een totale oppervlakte van 300,000 hectare.&nbsp; De tweede helft van augustus en de maand september wordt traditioneel beschouwd als de beste tijd [&hellip;]\" \/>\n<meta property=\"og:url\" content=\"https:\/\/wp-nl.poland.travel\/top-5-mooiste-bergketens\/\" \/>\n<meta property=\"og:site_name\" content=\"Polen Travel (NL)\" \/>\n<meta property=\"article:published_time\" content=\"2026-04-13T12:56:09+00:00\" \/>\n<meta property=\"article:modified_time\" content=\"2026-04-13T12:56:10+00:00\" \/>\n<meta property=\"og:image\" content=\"https:\/\/wp-nl.poland.travel\/wp-content\/uploads\/sites\/23\/2023\/01\/bieszczady-pn.jpg\" \/>\n\t<meta property=\"og:image:width\" content=\"1920\" \/>\n\t<meta property=\"og:image:height\" content=\"570\" \/>\n\t<meta property=\"og:image:type\" content=\"image\/jpeg\" \/>\n<meta name=\"twitter:card\" content=\"summary_large_image\" \/>\n<meta name=\"twitter:label1\" content=\"Napisane przez\" \/>\n\t<meta name=\"twitter:data1\" content=\"\" \/>\n\t<meta name=\"twitter:label2\" content=\"Szacowany czas czytania\" \/>\n\t<meta name=\"twitter:data2\" content=\"8 minut\" \/>\n<script type=\"application\/ld+json\" class=\"yoast-schema-graph\">{\"@context\":\"https:\\\/\\\/schema.org\",\"@graph\":[{\"@type\":\"Article\",\"@id\":\"https:\\\/\\\/wp-nl.poland.travel\\\/top-5-mooiste-bergketens\\\/#article\",\"isPartOf\":{\"@id\":\"https:\\\/\\\/wp-nl.poland.travel\\\/top-5-mooiste-bergketens\\\/\"},\"author\":{\"name\":\"\",\"@id\":\"\"},\"headline\":\"TOP 5 mooiste bergketens\",\"datePublished\":\"2026-04-13T12:56:09+00:00\",\"dateModified\":\"2026-04-13T12:56:10+00:00\",\"mainEntityOfPage\":{\"@id\":\"https:\\\/\\\/wp-nl.poland.travel\\\/top-5-mooiste-bergketens\\\/\"},\"wordCount\":1336,\"commentCount\":0,\"publisher\":{\"@id\":\"https:\\\/\\\/wp-nl.poland.travel\\\/#organization\"},\"image\":{\"@id\":\"https:\\\/\\\/wp-nl.poland.travel\\\/top-5-mooiste-bergketens\\\/#primaryimage\"},\"thumbnailUrl\":\"https:\\\/\\\/www.polen.travel\\\/nl\\\/wp-content\\\/uploads\\\/sites\\\/23\\\/2023\\\/01\\\/bieszczady-pn.jpg\",\"keywords\":[\"actief-wandelen\",\"beleven\",\"actief\"],\"articleSection\":[\"Wandelen\"],\"inLanguage\":\"pl-PL\"},{\"@type\":\"WebPage\",\"@id\":\"https:\\\/\\\/wp-nl.poland.travel\\\/top-5-mooiste-bergketens\\\/\",\"url\":\"https:\\\/\\\/wp-nl.poland.travel\\\/top-5-mooiste-bergketens\\\/\",\"name\":\"TOP 5 mooiste bergketens - Polen Travel (NL)\",\"isPartOf\":{\"@id\":\"https:\\\/\\\/wp-nl.poland.travel\\\/#website\"},\"primaryImageOfPage\":{\"@id\":\"https:\\\/\\\/wp-nl.poland.travel\\\/top-5-mooiste-bergketens\\\/#primaryimage\"},\"image\":{\"@id\":\"https:\\\/\\\/wp-nl.poland.travel\\\/top-5-mooiste-bergketens\\\/#primaryimage\"},\"thumbnailUrl\":\"https:\\\/\\\/www.polen.travel\\\/nl\\\/wp-content\\\/uploads\\\/sites\\\/23\\\/2023\\\/01\\\/bieszczady-pn.jpg\",\"datePublished\":\"2026-04-13T12:56:09+00:00\",\"dateModified\":\"2026-04-13T12:56:10+00:00\",\"breadcrumb\":{\"@id\":\"https:\\\/\\\/wp-nl.poland.travel\\\/top-5-mooiste-bergketens\\\/#breadcrumb\"},\"inLanguage\":\"pl-PL\",\"potentialAction\":[{\"@type\":\"ReadAction\",\"target\":[\"https:\\\/\\\/wp-nl.poland.travel\\\/top-5-mooiste-bergketens\\\/\"]}]},{\"@type\":\"ImageObject\",\"inLanguage\":\"pl-PL\",\"@id\":\"https:\\\/\\\/wp-nl.poland.travel\\\/top-5-mooiste-bergketens\\\/#primaryimage\",\"url\":\"https:\\\/\\\/www.polen.travel\\\/nl\\\/wp-content\\\/uploads\\\/sites\\\/23\\\/2023\\\/01\\\/bieszczady-pn.jpg\",\"contentUrl\":\"https:\\\/\\\/www.polen.travel\\\/nl\\\/wp-content\\\/uploads\\\/sites\\\/23\\\/2023\\\/01\\\/bieszczady-pn.jpg\",\"width\":1920,\"height\":570,\"caption\":\"Tarniczka. Widok na Szeroki Wierch. Bieszczadzki Park Narodowy. woj. podkarpackie, pow. bieszczadzki, gm. Lutowiska.\"},{\"@type\":\"BreadcrumbList\",\"@id\":\"https:\\\/\\\/wp-nl.poland.travel\\\/top-5-mooiste-bergketens\\\/#breadcrumb\",\"itemListElement\":[{\"@type\":\"ListItem\",\"position\":1,\"name\":\"Home page\",\"item\":\"https:\\\/\\\/www.polen.travel\\\/nl\\\/\"},{\"@type\":\"ListItem\",\"position\":2,\"name\":\"Wandelen\",\"item\":\"https:\\\/\\\/wp-nl.poland.travel\\\/wandelen\\\/\"},{\"@type\":\"ListItem\",\"position\":3,\"name\":\"TOP 5 mooiste bergketens\"}]},{\"@type\":\"WebSite\",\"@id\":\"https:\\\/\\\/wp-nl.poland.travel\\\/#website\",\"url\":\"https:\\\/\\\/wp-nl.poland.travel\\\/\",\"name\":\"Polen Travel (NL)\",\"description\":\"...\",\"publisher\":{\"@id\":\"https:\\\/\\\/wp-nl.poland.travel\\\/#organization\"},\"potentialAction\":[{\"@type\":\"SearchAction\",\"target\":{\"@type\":\"EntryPoint\",\"urlTemplate\":\"https:\\\/\\\/wp-nl.poland.travel\\\/?s={search_term_string}\"},\"query-input\":{\"@type\":\"PropertyValueSpecification\",\"valueRequired\":true,\"valueName\":\"search_term_string\"}}],\"inLanguage\":\"pl-PL\"},{\"@type\":\"Organization\",\"@id\":\"https:\\\/\\\/wp-nl.poland.travel\\\/#organization\",\"name\":\"Polen Travel (NL)\",\"url\":\"https:\\\/\\\/wp-nl.poland.travel\\\/\",\"logo\":{\"@type\":\"ImageObject\",\"inLanguage\":\"pl-PL\",\"@id\":\"https:\\\/\\\/wp-nl.poland.travel\\\/#\\\/schema\\\/logo\\\/image\\\/\",\"url\":\"https:\\\/\\\/en-en.polska.travel\\\/wp-content\\\/uploads\\\/sites\\\/23\\\/2022\\\/11\\\/logo.svg\",\"contentUrl\":\"https:\\\/\\\/en-en.polska.travel\\\/wp-content\\\/uploads\\\/sites\\\/23\\\/2022\\\/11\\\/logo.svg\",\"width\":198,\"height\":96,\"caption\":\"Polen Travel (NL)\"},\"image\":{\"@id\":\"https:\\\/\\\/wp-nl.poland.travel\\\/#\\\/schema\\\/logo\\\/image\\\/\"}},{\"@type\":\"Person\",\"@id\":\"\",\"url\":\"https:\\\/\\\/www.polen.travel\\\/nl\\\/author\\\/\"}]}<\/script>\n<!-- \/ Yoast SEO plugin. -->","yoast_head_json":{"title":"TOP 5 mooiste bergketens - Polen Travel (NL)","robots":{"index":"index","follow":"follow","max-snippet":"max-snippet:-1","max-image-preview":"max-image-preview:large","max-video-preview":"max-video-preview:-1"},"canonical":"https:\/\/wp-nl.poland.travel\/top-5-mooiste-bergketens\/","og_locale":"pl_PL","og_type":"article","og_title":"TOP 5 mooiste bergketens - Polen Travel (NL)","og_description":"TOP 5 mooiste bergketens Polen is een van de weinige landen in Europa waar men zoveel verschillende ongerepte landschappen en natuurgebieden aantreft. De meest waardevolle natuurgebieden van Polen zijn beschermd in&nbsp;23 nationale parken&nbsp;met een totale oppervlakte van 300,000 hectare.&nbsp; De tweede helft van augustus en de maand september wordt traditioneel beschouwd als de beste tijd [&hellip;]","og_url":"https:\/\/wp-nl.poland.travel\/top-5-mooiste-bergketens\/","og_site_name":"Polen Travel (NL)","article_published_time":"2026-04-13T12:56:09+00:00","article_modified_time":"2026-04-13T12:56:10+00:00","og_image":[{"width":1920,"height":570,"url":"https:\/\/wp-nl.poland.travel\/wp-content\/uploads\/sites\/23\/2023\/01\/bieszczady-pn.jpg","type":"image\/jpeg"}],"twitter_card":"summary_large_image","twitter_misc":{"Napisane przez":"","Szacowany czas czytania":"8 minut"},"schema":{"@context":"https:\/\/schema.org","@graph":[{"@type":"Article","@id":"https:\/\/wp-nl.poland.travel\/top-5-mooiste-bergketens\/#article","isPartOf":{"@id":"https:\/\/wp-nl.poland.travel\/top-5-mooiste-bergketens\/"},"author":{"name":"","@id":""},"headline":"TOP 5 mooiste bergketens","datePublished":"2026-04-13T12:56:09+00:00","dateModified":"2026-04-13T12:56:10+00:00","mainEntityOfPage":{"@id":"https:\/\/wp-nl.poland.travel\/top-5-mooiste-bergketens\/"},"wordCount":1336,"commentCount":0,"publisher":{"@id":"https:\/\/wp-nl.poland.travel\/#organization"},"image":{"@id":"https:\/\/wp-nl.poland.travel\/top-5-mooiste-bergketens\/#primaryimage"},"thumbnailUrl":"https:\/\/www.polen.travel\/nl\/wp-content\/uploads\/sites\/23\/2023\/01\/bieszczady-pn.jpg","keywords":["actief-wandelen","beleven","actief"],"articleSection":["Wandelen"],"inLanguage":"pl-PL"},{"@type":"WebPage","@id":"https:\/\/wp-nl.poland.travel\/top-5-mooiste-bergketens\/","url":"https:\/\/wp-nl.poland.travel\/top-5-mooiste-bergketens\/","name":"TOP 5 mooiste bergketens - Polen Travel (NL)","isPartOf":{"@id":"https:\/\/wp-nl.poland.travel\/#website"},"primaryImageOfPage":{"@id":"https:\/\/wp-nl.poland.travel\/top-5-mooiste-bergketens\/#primaryimage"},"image":{"@id":"https:\/\/wp-nl.poland.travel\/top-5-mooiste-bergketens\/#primaryimage"},"thumbnailUrl":"https:\/\/www.polen.travel\/nl\/wp-content\/uploads\/sites\/23\/2023\/01\/bieszczady-pn.jpg","datePublished":"2026-04-13T12:56:09+00:00","dateModified":"2026-04-13T12:56:10+00:00","breadcrumb":{"@id":"https:\/\/wp-nl.poland.travel\/top-5-mooiste-bergketens\/#breadcrumb"},"inLanguage":"pl-PL","potentialAction":[{"@type":"ReadAction","target":["https:\/\/wp-nl.poland.travel\/top-5-mooiste-bergketens\/"]}]},{"@type":"ImageObject","inLanguage":"pl-PL","@id":"https:\/\/wp-nl.poland.travel\/top-5-mooiste-bergketens\/#primaryimage","url":"https:\/\/www.polen.travel\/nl\/wp-content\/uploads\/sites\/23\/2023\/01\/bieszczady-pn.jpg","contentUrl":"https:\/\/www.polen.travel\/nl\/wp-content\/uploads\/sites\/23\/2023\/01\/bieszczady-pn.jpg","width":1920,"height":570,"caption":"Tarniczka. Widok na Szeroki Wierch. Bieszczadzki Park Narodowy. woj. podkarpackie, pow. bieszczadzki, gm. Lutowiska."},{"@type":"BreadcrumbList","@id":"https:\/\/wp-nl.poland.travel\/top-5-mooiste-bergketens\/#breadcrumb","itemListElement":[{"@type":"ListItem","position":1,"name":"Home page","item":"https:\/\/www.polen.travel\/nl\/"},{"@type":"ListItem","position":2,"name":"Wandelen","item":"https:\/\/wp-nl.poland.travel\/wandelen\/"},{"@type":"ListItem","position":3,"name":"TOP 5 mooiste bergketens"}]},{"@type":"WebSite","@id":"https:\/\/wp-nl.poland.travel\/#website","url":"https:\/\/wp-nl.poland.travel\/","name":"Polen Travel (NL)","description":"...","publisher":{"@id":"https:\/\/wp-nl.poland.travel\/#organization"},"potentialAction":[{"@type":"SearchAction","target":{"@type":"EntryPoint","urlTemplate":"https:\/\/wp-nl.poland.travel\/?s={search_term_string}"},"query-input":{"@type":"PropertyValueSpecification","valueRequired":true,"valueName":"search_term_string"}}],"inLanguage":"pl-PL"},{"@type":"Organization","@id":"https:\/\/wp-nl.poland.travel\/#organization","name":"Polen Travel (NL)","url":"https:\/\/wp-nl.poland.travel\/","logo":{"@type":"ImageObject","inLanguage":"pl-PL","@id":"https:\/\/wp-nl.poland.travel\/#\/schema\/logo\/image\/","url":"https:\/\/en-en.polska.travel\/wp-content\/uploads\/sites\/23\/2022\/11\/logo.svg","contentUrl":"https:\/\/en-en.polska.travel\/wp-content\/uploads\/sites\/23\/2022\/11\/logo.svg","width":198,"height":96,"caption":"Polen Travel (NL)"},"image":{"@id":"https:\/\/wp-nl.poland.travel\/#\/schema\/logo\/image\/"}},{"@type":"Person","@id":"","url":"https:\/\/www.polen.travel\/nl\/author\/"}]}},"_links":{"self":[{"href":"https:\/\/www.polen.travel\/nl\/wp-json\/wp\/v2\/posts\/31949","targetHints":{"allow":["GET"]}}],"collection":[{"href":"https:\/\/www.polen.travel\/nl\/wp-json\/wp\/v2\/posts"}],"about":[{"href":"https:\/\/www.polen.travel\/nl\/wp-json\/wp\/v2\/types\/post"}],"author":[{"embeddable":true,"href":"https:\/\/www.polen.travel\/nl\/wp-json\/wp\/v2\/users\/1"}],"replies":[{"embeddable":true,"href":"https:\/\/www.polen.travel\/nl\/wp-json\/wp\/v2\/comments?post=31949"}],"version-history":[{"count":2,"href":"https:\/\/www.polen.travel\/nl\/wp-json\/wp\/v2\/posts\/31949\/revisions"}],"predecessor-version":[{"id":34141,"href":"https:\/\/www.polen.travel\/nl\/wp-json\/wp\/v2\/posts\/31949\/revisions\/34141"}],"wp:featuredmedia":[{"embeddable":true,"href":"https:\/\/www.polen.travel\/nl\/wp-json\/wp\/v2\/media\/18400"}],"wp:attachment":[{"href":"https:\/\/www.polen.travel\/nl\/wp-json\/wp\/v2\/media?parent=31949"}],"wp:term":[{"taxonomy":"category","embeddable":true,"href":"https:\/\/www.polen.travel\/nl\/wp-json\/wp\/v2\/categories?post=31949"}],"curies":[{"name":"wp","href":"https:\/\/api.w.org\/{rel}","templated":true}]}}