{"id":31925,"date":"2025-04-03T20:16:47","date_gmt":"2025-04-03T18:16:47","guid":{"rendered":"https:\/\/www.polen.travel\/nl\/?p=31925"},"modified":"2025-04-03T20:16:48","modified_gmt":"2025-04-03T18:16:48","slug":"ujccie-warty-nationaal-park","status":"publish","type":"post","link":"https:\/\/www.polen.travel\/nl\/ujccie-warty-nationaal-park\/","title":{"rendered":"Uj\u0107cie Warty Nationaal Park"},"content":{"rendered":"\n<div class=\"wp-block-group is-style-container\"><div class=\"wp-block-group__inner-container is-layout-constrained wp-block-group-is-layout-constrained\">\n<!-- empty -->\n\n\n<div class=\"metrics\">\n  <div class=\"metrics__text\">\n    <h1 class=\"is-style-heading-38 mb20 large-mb30\">Uj\u0107cie Warty Nationaal Park<\/h1>\n    <p><!-- wp:paragraph --><\/p>\n<p><strong>Het Nationaal Park \u201eUj\u015bcie Warty\u201d, ligt niet ver van de plaats waar de Warta in de Oder uitmondt.<\/strong><\/p>\n<p><!-- \/wp:paragraph --> <!-- wp:paragraph --><\/p>\n<p><strong>Kenmerkend voor het parklandschap zijn open weilanden begroeid met els en doorgesneden met een dicht netwerk van kanalen en oude rivierbeddingen. De rivier de Warta stroomt dwars door het centrum van het park.<\/strong><\/p>\n<p><!-- \/wp:paragraph --><\/p>\n  <\/div>\n  <div class=\"metrics__sidebar\">\n    <div class=\"metrics-box\">\n              <div class=\"metrics-box__title\">Basisinformatie<\/div>\n        <div class=\"metrics-box__values\">\n                                        <div class=\"metrics-box__item\">\n      <div class=\"metrics-box__label\">Oppervlakte:<\/div>\n      <div class=\"metrics-box__value\">8074 ha<\/div>\n    <\/div>\n                                <div class=\"metrics-box__item\">\n      <div class=\"metrics-box__label\">Jaar toegevoegd:<\/div>\n      <div class=\"metrics-box__value\">01.07.2001<\/div>\n    <\/div>\n                                <div class=\"metrics-box__item\">\n      <div class=\"metrics-box__label\">Parksymbool:<\/div>\n      <div class=\"metrics-box__value\">Rietgans<\/div>\n    <\/div>\n                                <\/div>\n                    <div class=\"metrics-box__links\">\n                      <a href=\"https:\/\/pnuw.gov.pl\/ujscie-warty-national-park\" class=\"metrics-box__link external\"\n                                  target=\"_blank\" rel=\"nofollow noopener noreferrer\"\n                            >www<\/a>\n                  <\/div>\n          <\/div>\n  <\/div>\n<\/div>\n<\/div><\/div>\n\n\n\n<div class=\"wp-block-group is-style-container-medium\"><div class=\"wp-block-group__inner-container is-layout-constrained wp-block-group-is-layout-constrained\">\n<p>Unieke draslanden en uitgestrekte weilanden cre\u00ebren een perfecte omgeving voor veel watervogelsoorten. Er zijn 248 soorten vogels in het Monding van de Warta Nationaal Park; 160 soorten hebben het territorium van het park gekozen voor broeddoeleinden. Zesentwintig soorten zijn zeldzaam of beschermd (o.a. de kwartelkoning, de waterzanger, de grutto, de kraanvogel, de roerdomp en de zeearend). Er zijn ook vrij grote populaties van futen, eenden, water rallen, meeuwen en sterns. Voor velen van hen is het park hun broedplaats in Polen. Het is ook een belangrijk overwinteringsgebied voor wilde- en knobbelzwanen, eenden, ganzen en zeearenden.<\/p>\n\n\n\n<p>Het park valt onder de bescherming van de RAMSAR International Convention.<\/p>\n<\/div><\/div>\n\n\n\n<div style=\"height:100px\" aria-hidden=\"true\" class=\"wp-block-spacer is-style-spacer-small\"><\/div>\n\n\n\n<div class=\"wp-block-group is-style-container\"><div class=\"wp-block-group__inner-container is-layout-constrained wp-block-group-is-layout-constrained\">  <div class=\"gallery-tiles gallery-tiles--rows-2-3 lightgallery\">\r\n          <a href=\"https:\/\/www.polen.travel\/nl\/wp-content\/uploads\/sites\/23\/2023\/02\/PN-Ujscie-Warty.jpg\" class=\"gallery-tiles__item\" data-src=\"https:\/\/www.polen.travel\/nl\/wp-content\/uploads\/sites\/23\/2023\/02\/PN-Ujscie-Warty.jpg\"\r\n        aria-label=\"Otw\u00f3rz powi\u0119kszone zdj\u0119cie: PN Ujscie Warty\">\r\n        <img loading=\"lazy\" decoding=\"async\" width=\"1170\" height=\"779\" src=\"https:\/\/www.polen.travel\/nl\/wp-content\/uploads\/sites\/23\/2023\/02\/PN-Ujscie-Warty.jpg\" class=\"gallery-tiles__thumb\" alt=\"\" srcset=\"https:\/\/www.polen.travel\/nl\/wp-content\/uploads\/sites\/23\/2023\/02\/PN-Ujscie-Warty.jpg 1170w, https:\/\/www.polen.travel\/nl\/wp-content\/uploads\/sites\/23\/2023\/02\/PN-Ujscie-Warty-600x399.jpg 600w, https:\/\/www.polen.travel\/nl\/wp-content\/uploads\/sites\/23\/2023\/02\/PN-Ujscie-Warty-768x511.jpg 768w\" sizes=\"auto, (max-width: 1170px) 100vw, 1170px\" \/>      <\/a>\r\n          <a href=\"https:\/\/www.polen.travel\/nl\/wp-content\/uploads\/sites\/23\/2023\/02\/AdobeStock_504903578_Ujscie-Warty.jpeg\" class=\"gallery-tiles__item\" data-src=\"https:\/\/www.polen.travel\/nl\/wp-content\/uploads\/sites\/23\/2023\/02\/AdobeStock_504903578_Ujscie-Warty.jpeg\"\r\n        aria-label=\"Otw\u00f3rz powi\u0119kszone zdj\u0119cie: Bernikle bia\u0142olice\">\r\n        <img loading=\"lazy\" decoding=\"async\" width=\"1170\" height=\"780\" src=\"https:\/\/www.polen.travel\/nl\/wp-content\/uploads\/sites\/23\/2023\/02\/AdobeStock_504903578_Ujscie-Warty.jpeg\" class=\"gallery-tiles__thumb\" alt=\"\" srcset=\"https:\/\/www.polen.travel\/nl\/wp-content\/uploads\/sites\/23\/2023\/02\/AdobeStock_504903578_Ujscie-Warty.jpeg 1170w, https:\/\/www.polen.travel\/nl\/wp-content\/uploads\/sites\/23\/2023\/02\/AdobeStock_504903578_Ujscie-Warty-600x400.jpeg 600w, https:\/\/www.polen.travel\/nl\/wp-content\/uploads\/sites\/23\/2023\/02\/AdobeStock_504903578_Ujscie-Warty-768x512.jpeg 768w\" sizes=\"auto, (max-width: 1170px) 100vw, 1170px\" \/>      <\/a>\r\n          <a href=\"https:\/\/www.polen.travel\/nl\/wp-content\/uploads\/sites\/23\/2023\/02\/PN-Ujscie-Warty-7.jpg\" class=\"gallery-tiles__item\" data-src=\"https:\/\/www.polen.travel\/nl\/wp-content\/uploads\/sites\/23\/2023\/02\/PN-Ujscie-Warty-7.jpg\"\r\n        aria-label=\"Otw\u00f3rz powi\u0119kszone zdj\u0119cie: PN Ujscie Warty 7\">\r\n        <img loading=\"lazy\" decoding=\"async\" width=\"1170\" height=\"780\" src=\"https:\/\/www.polen.travel\/nl\/wp-content\/uploads\/sites\/23\/2023\/02\/PN-Ujscie-Warty-7.jpg\" class=\"gallery-tiles__thumb\" alt=\"\" srcset=\"https:\/\/www.polen.travel\/nl\/wp-content\/uploads\/sites\/23\/2023\/02\/PN-Ujscie-Warty-7.jpg 1170w, https:\/\/www.polen.travel\/nl\/wp-content\/uploads\/sites\/23\/2023\/02\/PN-Ujscie-Warty-7-600x400.jpg 600w, https:\/\/www.polen.travel\/nl\/wp-content\/uploads\/sites\/23\/2023\/02\/PN-Ujscie-Warty-7-768x512.jpg 768w\" sizes=\"auto, (max-width: 1170px) 100vw, 1170px\" \/>      <\/a>\r\n          <a href=\"https:\/\/www.polen.travel\/nl\/wp-content\/uploads\/sites\/23\/2022\/12\/pn_ujscie_warty_ptak_500x500.jpg\" class=\"gallery-tiles__item\" data-src=\"https:\/\/www.polen.travel\/nl\/wp-content\/uploads\/sites\/23\/2022\/12\/pn_ujscie_warty_ptak_500x500.jpg\"\r\n        aria-label=\"Otw\u00f3rz powi\u0119kszone zdj\u0119cie: pn_ujscie_warty_ptak_500x500\">\r\n        <img loading=\"lazy\" decoding=\"async\" width=\"500\" height=\"500\" src=\"https:\/\/www.polen.travel\/nl\/wp-content\/uploads\/sites\/23\/2022\/12\/pn_ujscie_warty_ptak_500x500.jpg\" class=\"gallery-tiles__thumb\" alt=\"\" srcset=\"https:\/\/www.polen.travel\/nl\/wp-content\/uploads\/sites\/23\/2022\/12\/pn_ujscie_warty_ptak_500x500.jpg 500w, https:\/\/www.polen.travel\/nl\/wp-content\/uploads\/sites\/23\/2022\/12\/pn_ujscie_warty_ptak_500x500-150x150.jpg 150w\" sizes=\"auto, (max-width: 500px) 100vw, 500px\" \/>      <\/a>\r\n          <a href=\"https:\/\/www.polen.travel\/nl\/wp-content\/uploads\/sites\/23\/2022\/12\/ujscie_wary_pn_kosciol_1170.jpg\" class=\"gallery-tiles__item\" data-src=\"https:\/\/www.polen.travel\/nl\/wp-content\/uploads\/sites\/23\/2022\/12\/ujscie_wary_pn_kosciol_1170.jpg\"\r\n        aria-label=\"Otw\u00f3rz powi\u0119kszone zdj\u0119cie: Malowniczy krajobraz w Parku Narodowym \u201eUj\u015bcie Warty\u201d\">\r\n        <img loading=\"lazy\" decoding=\"async\" width=\"1170\" height=\"780\" src=\"https:\/\/www.polen.travel\/nl\/wp-content\/uploads\/sites\/23\/2022\/12\/ujscie_wary_pn_kosciol_1170.jpg\" class=\"gallery-tiles__thumb\" alt=\"Malowniczy krajobraz w Parku Narodowym \u201eUj\u015bcie Warty\u201d\" srcset=\"https:\/\/www.polen.travel\/nl\/wp-content\/uploads\/sites\/23\/2022\/12\/ujscie_wary_pn_kosciol_1170.jpg 1170w, https:\/\/www.polen.travel\/nl\/wp-content\/uploads\/sites\/23\/2022\/12\/ujscie_wary_pn_kosciol_1170-600x400.jpg 600w, https:\/\/www.polen.travel\/nl\/wp-content\/uploads\/sites\/23\/2022\/12\/ujscie_wary_pn_kosciol_1170-768x512.jpg 768w\" sizes=\"auto, (max-width: 1170px) 100vw, 1170px\" \/>      <\/a>\r\n      <\/div>\r\n<\/div><\/div>\n\n\n\n<div style=\"height:100px\" aria-hidden=\"true\" class=\"wp-block-spacer is-style-spacer-small\"><\/div>\n\n\n\n<div class=\"wp-block-group has-background\" style=\"background-color:#eeeeee\"><div class=\"wp-block-group__inner-container is-layout-constrained wp-block-group-is-layout-constrained\">\n<div style=\"height:100px\" aria-hidden=\"true\" class=\"wp-block-spacer is-style-spacer-small\"><\/div>\n\n\n\n<div class=\"wp-block-group is-style-container\"><div class=\"wp-block-group__inner-container is-layout-constrained wp-block-group-is-layout-constrained\">\n<h3 class=\"wp-block-heading\">Meer weten:<\/h3>\n\n\n\n<div style=\"height:33px\" aria-hidden=\"true\" class=\"wp-block-spacer is-style-spacer-small\"><\/div>\n\n\n<div class=\"overflow\">\n  <div class=\"post-slider swiper post-slider--small\" data-schema=\"small\">\n\n    <div class=\"swiper-wrapper\">\n              <div class=\"swiper-slide post-slide\">\n                      <a href=\"https:\/\/www.polen.travel\/nl\/babiogorski-nationaal-park\/\" class=\"post-box post-box--small\" style=\" background-image: url(https:\/\/www.polen.travel\/nl\/wp-content\/uploads\/sites\/23\/2023\/02\/Babia-Gora-National-Park-photo-Marcin-Trybala-600x400.jpg);\">\n          <div class=\"post-box__hover\" style=\"background-image: url(https:\/\/www.polen.travel\/nl\/wp-content\/uploads\/sites\/23\/2023\/02\/eve_1583316509_1-autor-foto-rafal-solinski-male-600x400.jpg);\"><\/div>\n        <div class=\"post-box__info\">\n            <div class=\"post-box__title\">Babiog\u00f3rski Nationaal Park<\/div>\n      <div class=\"post-box__more\">Lees meer <\/div>\n    <\/div>\n  <\/a>\n\n          <\/div>\n              <div class=\"swiper-slide post-slide\">\n                      <a href=\"https:\/\/www.polen.travel\/nl\/bialowieski-nationaal-park\/\" class=\"post-box post-box--small\" style=\" background-image: url(https:\/\/www.polen.travel\/nl\/wp-content\/uploads\/sites\/23\/2023\/02\/zubr-bialowieza-600x399.webp);\">\n          <div class=\"post-box__hover\" style=\"background-image: url(https:\/\/www.polen.travel\/nl\/wp-content\/uploads\/sites\/23\/2023\/07\/bialowiezaforest-600x400.jpg);\"><\/div>\n        <div class=\"post-box__info\">\n            <div class=\"post-box__title\">Bia\u0142owieski Nationaal Park<\/div>\n      <div class=\"post-box__more\">Lees meer <\/div>\n    <\/div>\n  <\/a>\n\n          <\/div>\n              <div class=\"swiper-slide post-slide\">\n                      <a href=\"https:\/\/www.polen.travel\/nl\/biebrzanski-nationaal-park\/\" class=\"post-box post-box--small\" style=\" background-image: url(https:\/\/www.polen.travel\/nl\/wp-content\/uploads\/sites\/23\/2022\/12\/biebrzanski_pn_tratwa_1170-600x400.jpg);\">\n          <div class=\"post-box__hover\" style=\"background-image: url(https:\/\/www.polen.travel\/nl\/wp-content\/uploads\/sites\/23\/2022\/12\/biebrza_rozlewiska_1170-600x400.jpg);\"><\/div>\n        <div class=\"post-box__info\">\n            <div class=\"post-box__title\">Biebrza\u0144ski Nationaal Park<\/div>\n      <div class=\"post-box__more\">Lees meer <\/div>\n    <\/div>\n  <\/a>\n\n          <\/div>\n              <div class=\"swiper-slide post-slide\">\n                      <a href=\"https:\/\/www.polen.travel\/nl\/bieszczadzki-nationaal-park\/\" class=\"post-box post-box--small\" style=\" background-image: url(https:\/\/www.polen.travel\/nl\/wp-content\/uploads\/sites\/23\/2023\/07\/rys_1170-600x400.jpg);\">\n          <div class=\"post-box__hover\" style=\"background-image: url(https:\/\/www.polen.travel\/nl\/wp-content\/uploads\/sites\/23\/2023\/07\/rys201-600x336.jpg);\"><\/div>\n        <div class=\"post-box__info\">\n            <div class=\"post-box__title\">Bieszczadzki Nationaal Park<\/div>\n      <div class=\"post-box__more\">Lees meer <\/div>\n    <\/div>\n  <\/a>\n\n          <\/div>\n              <div class=\"swiper-slide post-slide\">\n                      <a href=\"https:\/\/www.polen.travel\/nl\/bory-tucholskie-nationaal-park\/\" class=\"post-box post-box--small\" style=\" background-image: url(https:\/\/www.polen.travel\/nl\/wp-content\/uploads\/sites\/23\/2023\/03\/9_Fotolia_EDEN_Bory_Tucholskie_HR-xl-600x400.jpg);\">\n          <div class=\"post-box__hover\" style=\"background-image: url(https:\/\/www.polen.travel\/nl\/wp-content\/uploads\/sites\/23\/2022\/12\/pn_bory_tucholskie_540.jpg);\"><\/div>\n        <div class=\"post-box__info\">\n            <div class=\"post-box__title\">Bory Tucholskie Nationaal Park<\/div>\n      <div class=\"post-box__more\">Lees meer <\/div>\n    <\/div>\n  <\/a>\n\n          <\/div>\n              <div class=\"swiper-slide post-slide\">\n                      <a href=\"https:\/\/www.polen.travel\/nl\/drawienski-nationaal-park\/\" class=\"post-box post-box--small\" style=\" background-image: url(https:\/\/www.polen.travel\/nl\/wp-content\/uploads\/sites\/23\/2023\/02\/Drawienski-PN-6-600x400.jpg);\">\n          <div class=\"post-box__hover\" style=\"background-image: url(https:\/\/www.polen.travel\/nl\/wp-content\/uploads\/sites\/23\/2023\/02\/Drawienski-PN-4-600x399.jpg);\"><\/div>\n        <div class=\"post-box__info\">\n            <div class=\"post-box__title\">Drawie\u0144ski Nationaal Park<\/div>\n      <div class=\"post-box__more\">Lees meer <\/div>\n    <\/div>\n  <\/a>\n\n          <\/div>\n              <div class=\"swiper-slide post-slide\">\n                      <a href=\"https:\/\/www.polen.travel\/nl\/gorce-nationaal-park\/\" class=\"post-box post-box--small\" style=\" background-image: url(https:\/\/www.polen.travel\/nl\/wp-content\/uploads\/sites\/23\/2023\/02\/Gorce-04142018_0W1A1842-600x400.jpg);\">\n          <div class=\"post-box__hover\" style=\"background-image: url(https:\/\/www.polen.travel\/nl\/wp-content\/uploads\/sites\/23\/2023\/02\/5400_Gorce_KK_P-600x400.jpg);\"><\/div>\n        <div class=\"post-box__info\">\n            <div class=\"post-box__title\">Gorce Nationaal Park<\/div>\n      <div class=\"post-box__more\">Lees meer <\/div>\n    <\/div>\n  <\/a>\n\n          <\/div>\n              <div class=\"swiper-slide post-slide\">\n                      <a href=\"https:\/\/www.polen.travel\/nl\/gory-stolowe-nationaal-park\/\" class=\"post-box post-box--small\" style=\" background-image: url(https:\/\/www.polen.travel\/nl\/wp-content\/uploads\/sites\/23\/2023\/02\/Szczeliniec-Wielki_Stolowe-gory-600x388.jpeg);\">\n          <div class=\"post-box__hover\" style=\"background-image: url(https:\/\/www.polen.travel\/nl\/wp-content\/uploads\/sites\/23\/2023\/02\/2310_Gory-Stolowe_MC_P-600x400.jpg);\"><\/div>\n        <div class=\"post-box__info\">\n            <div class=\"post-box__title\">G\u00f3ry Sto\u0142owe Nationaal Park<\/div>\n      <div class=\"post-box__more\">Lees meer <\/div>\n    <\/div>\n  <\/a>\n\n          <\/div>\n              <div class=\"swiper-slide post-slide\">\n                      <a href=\"https:\/\/www.polen.travel\/nl\/wolinski-nationaal-park\/\" class=\"post-box post-box--small\" style=\" background-image: url(https:\/\/www.polen.travel\/nl\/wp-content\/uploads\/sites\/23\/2023\/07\/Golden5-600x400.jpg);\">\n          <div class=\"post-box__hover\" style=\"background-image: url(https:\/\/www.polen.travel\/nl\/wp-content\/uploads\/sites\/23\/2023\/02\/1537_HROT-EUROVELO13-Wolinski-HRN_HR-600x400.jpg);\"><\/div>\n        <div class=\"post-box__info\">\n            <div class=\"post-box__title\">Woli\u0144ski Nationaal Park<\/div>\n      <div class=\"post-box__more\">Lees meer <\/div>\n    <\/div>\n  <\/a>\n\n          <\/div>\n              <div class=\"swiper-slide post-slide\">\n                      <a href=\"https:\/\/www.polen.travel\/nl\/kampinoski-nationaal-park\/\" class=\"post-box post-box--small\" style=\" background-image: url(https:\/\/www.polen.travel\/nl\/wp-content\/uploads\/sites\/23\/2023\/07\/Kampinos-forest-600x400.jpg);\">\n          <div class=\"post-box__hover\" style=\"background-image: url(https:\/\/www.polen.travel\/nl\/wp-content\/uploads\/sites\/23\/2023\/07\/kampinoski_pn_slonce_w_lesie_1170-1-600x400.jpg);\"><\/div>\n        <div class=\"post-box__info\">\n            <div class=\"post-box__title\">Kampinoski Nationaal Park<\/div>\n      <div class=\"post-box__more\">Lees meer <\/div>\n    <\/div>\n  <\/a>\n\n          <\/div>\n              <div class=\"swiper-slide post-slide\">\n                      <a href=\"https:\/\/www.polen.travel\/nl\/karkonoski-nationaal-park\/\" class=\"post-box post-box--small\" style=\" background-image: url(https:\/\/www.polen.travel\/nl\/wp-content\/uploads\/sites\/23\/2022\/12\/sniezka_1170-600x400.jpg);\">\n          <div class=\"post-box__hover\" style=\"background-image: url(https:\/\/www.polen.travel\/nl\/wp-content\/uploads\/sites\/23\/2024\/12\/wodospad-Kamienczyk-600x399.jpg);\"><\/div>\n        <div class=\"post-box__info\">\n            <div class=\"post-box__title\">Karkonoski Nationaal Park<\/div>\n      <div class=\"post-box__more\">Lees meer <\/div>\n    <\/div>\n  <\/a>\n\n          <\/div>\n              <div class=\"swiper-slide post-slide\">\n                      <a href=\"https:\/\/www.polen.travel\/nl\/wigierski-nationaal-park\/\" class=\"post-box post-box--small\" style=\" background-image: url(https:\/\/www.polen.travel\/nl\/wp-content\/uploads\/sites\/23\/2022\/12\/wigierski_pn_klasztor_1170-600x400.jpg);\">\n          <div class=\"post-box__hover\" style=\"background-image: url(https:\/\/www.polen.travel\/nl\/wp-content\/uploads\/sites\/23\/2023\/02\/perkoz_Wigry_wigierski-PN-600x400.jpeg);\"><\/div>\n        <div class=\"post-box__info\">\n            <div class=\"post-box__title\">Wigierski Nationaal Park<\/div>\n      <div class=\"post-box__more\">Lees meer <\/div>\n    <\/div>\n  <\/a>\n\n          <\/div>\n              <div class=\"swiper-slide post-slide\">\n                      <a href=\"https:\/\/www.polen.travel\/nl\/magurski-nationaal-park\/\" class=\"post-box post-box--small\" style=\" background-image: url(https:\/\/www.polen.travel\/nl\/wp-content\/uploads\/sites\/23\/2023\/03\/Magurski_Park_Narodowy-600x400.jpg);\">\n          <div class=\"post-box__hover\" style=\"background-image: url(https:\/\/www.polen.travel\/nl\/wp-content\/uploads\/sites\/23\/2022\/12\/magurski_pn_540-1.jpg);\"><\/div>\n        <div class=\"post-box__info\">\n            <div class=\"post-box__title\">Magurski Nationaal Park<\/div>\n      <div class=\"post-box__more\">Lees meer <\/div>\n    <\/div>\n  <\/a>\n\n          <\/div>\n              <div class=\"swiper-slide post-slide\">\n                      <a href=\"https:\/\/www.polen.travel\/nl\/wielkopolski-nationaal-park\/\" class=\"post-box post-box--small\" style=\" background-image: url(https:\/\/www.polen.travel\/nl\/wp-content\/uploads\/sites\/23\/2022\/12\/WielkopolskiPN_ok-1-600x400.jpg);\">\n          <div class=\"post-box__hover\" style=\"background-image: url(https:\/\/www.polen.travel\/nl\/wp-content\/uploads\/sites\/23\/2023\/02\/IMG_2406-Wlkp-Park-Narodowy_Wielkopolskie-600x400.jpg);\"><\/div>\n        <div class=\"post-box__info\">\n            <div class=\"post-box__title\">Wielkopolski Nationaal Park<\/div>\n      <div class=\"post-box__more\">Lees meer <\/div>\n    <\/div>\n  <\/a>\n\n          <\/div>\n              <div class=\"swiper-slide post-slide\">\n                      <a href=\"https:\/\/www.polen.travel\/nl\/narwianski-nationaal-park\/\" class=\"post-box post-box--small\" style=\" background-image: url(https:\/\/www.polen.travel\/nl\/wp-content\/uploads\/sites\/23\/2022\/12\/kladka_sliwno-waniewo_npn_1170-600x400.jpg);\">\n          <div class=\"post-box__hover\" style=\"background-image: url(https:\/\/www.polen.travel\/nl\/wp-content\/uploads\/sites\/23\/2023\/02\/foto-1_narwianski-600x600.jpg);\"><\/div>\n        <div class=\"post-box__info\">\n            <div class=\"post-box__title\">Narwia\u0144ski Nationaal Park<\/div>\n      <div class=\"post-box__more\">Lees meer <\/div>\n    <\/div>\n  <\/a>\n\n          <\/div>\n              <div class=\"swiper-slide post-slide\">\n                      <a href=\"https:\/\/www.polen.travel\/nl\/ojcowski-nationaal-park\/\" class=\"post-box post-box--small\" style=\" background-image: url(https:\/\/www.polen.travel\/nl\/wp-content\/uploads\/sites\/23\/2023\/02\/255_Ojcowski-Park-Narodowy-i-Zamek-w-Pieskowej-Skale_MC_P-400x600.jpg);\">\n          <div class=\"post-box__hover\" style=\"background-image: url(https:\/\/www.polen.travel\/nl\/wp-content\/uploads\/sites\/23\/2023\/02\/Ojcowski_PN_1170-600x397.jpg);\"><\/div>\n        <div class=\"post-box__info\">\n            <div class=\"post-box__title\">Ojcowski Nationaal Park<\/div>\n      <div class=\"post-box__more\">Lees meer <\/div>\n    <\/div>\n  <\/a>\n\n          <\/div>\n          <\/div>\n    <div class=\"post-slider__pagination\"><\/div>\n  <\/div>\n<\/div>\n<\/div><\/div>\n\n\n\n<div style=\"height:100px\" aria-hidden=\"true\" class=\"wp-block-spacer is-style-spacer-small\"><\/div>\n<\/div><\/div>\n","protected":false},"excerpt":{"rendered":"<p>Unieke draslanden en uitgestrekte weilanden cre\u00ebren een perfecte omgeving voor veel watervogelsoorten. Er zijn 248 soorten vogels in het Monding van de Warta Nationaal Park; 160 soorten hebben het territorium van het park gekozen voor broeddoeleinden. Zesentwintig soorten zijn zeldzaam of beschermd (o.a. de kwartelkoning, de waterzanger, de grutto, de kraanvogel, de roerdomp en de [&hellip;]<\/p>\n","protected":false},"author":1,"featured_media":20971,"comment_status":"open","ping_status":"open","sticky":false,"template":"","format":"standard","meta":{"_acf_changed":false,"footnotes":""},"categories":[1040],"class_list":["post-31925","post","type-post","status-publish","format-standard","has-post-thumbnail","hentry","category-nationale-parken"],"acf":[],"yoast_head":"<!-- This site is optimized with the Yoast SEO plugin v27.4 - https:\/\/yoast.com\/product\/yoast-seo-wordpress\/ -->\n<title>Uj\u0107cie Warty Nationaal Park - Polen Travel (NL)<\/title>\n<meta name=\"robots\" content=\"index, follow, max-snippet:-1, max-image-preview:large, max-video-preview:-1\" \/>\n<link rel=\"canonical\" href=\"https:\/\/wp-nl.poland.travel\/ujccie-warty-nationaal-park\/\" \/>\n<meta property=\"og:locale\" content=\"pl_PL\" \/>\n<meta property=\"og:type\" content=\"article\" \/>\n<meta property=\"og:title\" content=\"Uj\u0107cie Warty Nationaal Park - Polen Travel (NL)\" \/>\n<meta property=\"og:description\" content=\"Unieke draslanden en uitgestrekte weilanden cre\u00ebren een perfecte omgeving voor veel watervogelsoorten. Er zijn 248 soorten vogels in het Monding van de Warta Nationaal Park; 160 soorten hebben het territorium van het park gekozen voor broeddoeleinden. Zesentwintig soorten zijn zeldzaam of beschermd (o.a. de kwartelkoning, de waterzanger, de grutto, de kraanvogel, de roerdomp en de [&hellip;]\" \/>\n<meta property=\"og:url\" content=\"https:\/\/wp-nl.poland.travel\/ujccie-warty-nationaal-park\/\" \/>\n<meta property=\"og:site_name\" content=\"Polen Travel (NL)\" \/>\n<meta property=\"article:published_time\" content=\"2025-04-03T18:16:47+00:00\" \/>\n<meta property=\"article:modified_time\" content=\"2025-04-03T18:16:48+00:00\" \/>\n<meta property=\"og:image\" content=\"https:\/\/wp-nl.poland.travel\/wp-content\/uploads\/sites\/23\/2023\/02\/Ujscie-Warty1920.jpg\" \/>\n\t<meta property=\"og:image:width\" content=\"1920\" \/>\n\t<meta property=\"og:image:height\" content=\"514\" \/>\n\t<meta property=\"og:image:type\" content=\"image\/jpeg\" \/>\n<meta name=\"twitter:card\" content=\"summary_large_image\" \/>\n<meta name=\"twitter:label1\" content=\"Napisane przez\" \/>\n\t<meta name=\"twitter:data1\" content=\"\" \/>\n\t<meta name=\"twitter:label2\" content=\"Szacowany czas czytania\" \/>\n\t<meta name=\"twitter:data2\" content=\"1 minuta\" \/>\n<script type=\"application\/ld+json\" class=\"yoast-schema-graph\">{\"@context\":\"https:\\\/\\\/schema.org\",\"@graph\":[{\"@type\":\"Article\",\"@id\":\"https:\\\/\\\/wp-nl.poland.travel\\\/ujccie-warty-nationaal-park\\\/#article\",\"isPartOf\":{\"@id\":\"https:\\\/\\\/wp-nl.poland.travel\\\/ujccie-warty-nationaal-park\\\/\"},\"author\":{\"name\":\"\",\"@id\":\"\"},\"headline\":\"Uj\u0107cie Warty Nationaal Park\",\"datePublished\":\"2025-04-03T18:16:47+00:00\",\"dateModified\":\"2025-04-03T18:16:48+00:00\",\"mainEntityOfPage\":{\"@id\":\"https:\\\/\\\/wp-nl.poland.travel\\\/ujccie-warty-nationaal-park\\\/\"},\"wordCount\":113,\"commentCount\":0,\"publisher\":{\"@id\":\"https:\\\/\\\/wp-nl.poland.travel\\\/#organization\"},\"image\":{\"@id\":\"https:\\\/\\\/wp-nl.poland.travel\\\/ujccie-warty-nationaal-park\\\/#primaryimage\"},\"thumbnailUrl\":\"https:\\\/\\\/www.polen.travel\\\/nl\\\/wp-content\\\/uploads\\\/sites\\\/23\\\/2023\\\/02\\\/Ujscie-Warty1920.jpg\",\"keywords\":[\"bezoeken\",\"natuur\",\"nationale-parken\"],\"articleSection\":[\"Nationale Parken\"],\"inLanguage\":\"pl-PL\"},{\"@type\":\"WebPage\",\"@id\":\"https:\\\/\\\/wp-nl.poland.travel\\\/ujccie-warty-nationaal-park\\\/\",\"url\":\"https:\\\/\\\/wp-nl.poland.travel\\\/ujccie-warty-nationaal-park\\\/\",\"name\":\"Uj\u0107cie Warty Nationaal Park - Polen Travel (NL)\",\"isPartOf\":{\"@id\":\"https:\\\/\\\/wp-nl.poland.travel\\\/#website\"},\"primaryImageOfPage\":{\"@id\":\"https:\\\/\\\/wp-nl.poland.travel\\\/ujccie-warty-nationaal-park\\\/#primaryimage\"},\"image\":{\"@id\":\"https:\\\/\\\/wp-nl.poland.travel\\\/ujccie-warty-nationaal-park\\\/#primaryimage\"},\"thumbnailUrl\":\"https:\\\/\\\/www.polen.travel\\\/nl\\\/wp-content\\\/uploads\\\/sites\\\/23\\\/2023\\\/02\\\/Ujscie-Warty1920.jpg\",\"datePublished\":\"2025-04-03T18:16:47+00:00\",\"dateModified\":\"2025-04-03T18:16:48+00:00\",\"breadcrumb\":{\"@id\":\"https:\\\/\\\/wp-nl.poland.travel\\\/ujccie-warty-nationaal-park\\\/#breadcrumb\"},\"inLanguage\":\"pl-PL\",\"potentialAction\":[{\"@type\":\"ReadAction\",\"target\":[\"https:\\\/\\\/wp-nl.poland.travel\\\/ujccie-warty-nationaal-park\\\/\"]}]},{\"@type\":\"ImageObject\",\"inLanguage\":\"pl-PL\",\"@id\":\"https:\\\/\\\/wp-nl.poland.travel\\\/ujccie-warty-nationaal-park\\\/#primaryimage\",\"url\":\"https:\\\/\\\/www.polen.travel\\\/nl\\\/wp-content\\\/uploads\\\/sites\\\/23\\\/2023\\\/02\\\/Ujscie-Warty1920.jpg\",\"contentUrl\":\"https:\\\/\\\/www.polen.travel\\\/nl\\\/wp-content\\\/uploads\\\/sites\\\/23\\\/2023\\\/02\\\/Ujscie-Warty1920.jpg\",\"width\":1920,\"height\":514,\"caption\":\"Uj\u015bcie Warty\"},{\"@type\":\"BreadcrumbList\",\"@id\":\"https:\\\/\\\/wp-nl.poland.travel\\\/ujccie-warty-nationaal-park\\\/#breadcrumb\",\"itemListElement\":[{\"@type\":\"ListItem\",\"position\":1,\"name\":\"Home page\",\"item\":\"https:\\\/\\\/www.polen.travel\\\/nl\\\/\"},{\"@type\":\"ListItem\",\"position\":2,\"name\":\"Discover places\",\"item\":\"https:\\\/\\\/wp-nl.poland.travel\\\/category\\\/discover-places\\\/\"},{\"@type\":\"ListItem\",\"position\":3,\"name\":\"Nationale Parken\",\"item\":\"https:\\\/\\\/wp-nl.poland.travel\\\/category\\\/discover-places\\\/nationale-parken\\\/\"},{\"@type\":\"ListItem\",\"position\":4,\"name\":\"Uj\u0107cie Warty Nationaal Park\"}]},{\"@type\":\"WebSite\",\"@id\":\"https:\\\/\\\/wp-nl.poland.travel\\\/#website\",\"url\":\"https:\\\/\\\/wp-nl.poland.travel\\\/\",\"name\":\"Polen Travel (NL)\",\"description\":\"...\",\"publisher\":{\"@id\":\"https:\\\/\\\/wp-nl.poland.travel\\\/#organization\"},\"potentialAction\":[{\"@type\":\"SearchAction\",\"target\":{\"@type\":\"EntryPoint\",\"urlTemplate\":\"https:\\\/\\\/wp-nl.poland.travel\\\/?s={search_term_string}\"},\"query-input\":{\"@type\":\"PropertyValueSpecification\",\"valueRequired\":true,\"valueName\":\"search_term_string\"}}],\"inLanguage\":\"pl-PL\"},{\"@type\":\"Organization\",\"@id\":\"https:\\\/\\\/wp-nl.poland.travel\\\/#organization\",\"name\":\"Polen Travel (NL)\",\"url\":\"https:\\\/\\\/wp-nl.poland.travel\\\/\",\"logo\":{\"@type\":\"ImageObject\",\"inLanguage\":\"pl-PL\",\"@id\":\"https:\\\/\\\/wp-nl.poland.travel\\\/#\\\/schema\\\/logo\\\/image\\\/\",\"url\":\"https:\\\/\\\/en-en.polska.travel\\\/wp-content\\\/uploads\\\/sites\\\/23\\\/2022\\\/11\\\/logo.svg\",\"contentUrl\":\"https:\\\/\\\/en-en.polska.travel\\\/wp-content\\\/uploads\\\/sites\\\/23\\\/2022\\\/11\\\/logo.svg\",\"width\":198,\"height\":96,\"caption\":\"Polen Travel (NL)\"},\"image\":{\"@id\":\"https:\\\/\\\/wp-nl.poland.travel\\\/#\\\/schema\\\/logo\\\/image\\\/\"}},{\"@type\":\"Person\",\"@id\":\"\",\"url\":\"https:\\\/\\\/www.polen.travel\\\/nl\\\/author\\\/\"}]}<\/script>\n<!-- \/ Yoast SEO plugin. -->","yoast_head_json":{"title":"Uj\u0107cie Warty Nationaal Park - Polen Travel (NL)","robots":{"index":"index","follow":"follow","max-snippet":"max-snippet:-1","max-image-preview":"max-image-preview:large","max-video-preview":"max-video-preview:-1"},"canonical":"https:\/\/wp-nl.poland.travel\/ujccie-warty-nationaal-park\/","og_locale":"pl_PL","og_type":"article","og_title":"Uj\u0107cie Warty Nationaal Park - Polen Travel (NL)","og_description":"Unieke draslanden en uitgestrekte weilanden cre\u00ebren een perfecte omgeving voor veel watervogelsoorten. Er zijn 248 soorten vogels in het Monding van de Warta Nationaal Park; 160 soorten hebben het territorium van het park gekozen voor broeddoeleinden. Zesentwintig soorten zijn zeldzaam of beschermd (o.a. de kwartelkoning, de waterzanger, de grutto, de kraanvogel, de roerdomp en de [&hellip;]","og_url":"https:\/\/wp-nl.poland.travel\/ujccie-warty-nationaal-park\/","og_site_name":"Polen Travel (NL)","article_published_time":"2025-04-03T18:16:47+00:00","article_modified_time":"2025-04-03T18:16:48+00:00","og_image":[{"width":1920,"height":514,"url":"https:\/\/wp-nl.poland.travel\/wp-content\/uploads\/sites\/23\/2023\/02\/Ujscie-Warty1920.jpg","type":"image\/jpeg"}],"twitter_card":"summary_large_image","twitter_misc":{"Napisane przez":"","Szacowany czas czytania":"1 minuta"},"schema":{"@context":"https:\/\/schema.org","@graph":[{"@type":"Article","@id":"https:\/\/wp-nl.poland.travel\/ujccie-warty-nationaal-park\/#article","isPartOf":{"@id":"https:\/\/wp-nl.poland.travel\/ujccie-warty-nationaal-park\/"},"author":{"name":"","@id":""},"headline":"Uj\u0107cie Warty Nationaal Park","datePublished":"2025-04-03T18:16:47+00:00","dateModified":"2025-04-03T18:16:48+00:00","mainEntityOfPage":{"@id":"https:\/\/wp-nl.poland.travel\/ujccie-warty-nationaal-park\/"},"wordCount":113,"commentCount":0,"publisher":{"@id":"https:\/\/wp-nl.poland.travel\/#organization"},"image":{"@id":"https:\/\/wp-nl.poland.travel\/ujccie-warty-nationaal-park\/#primaryimage"},"thumbnailUrl":"https:\/\/www.polen.travel\/nl\/wp-content\/uploads\/sites\/23\/2023\/02\/Ujscie-Warty1920.jpg","keywords":["bezoeken","natuur","nationale-parken"],"articleSection":["Nationale Parken"],"inLanguage":"pl-PL"},{"@type":"WebPage","@id":"https:\/\/wp-nl.poland.travel\/ujccie-warty-nationaal-park\/","url":"https:\/\/wp-nl.poland.travel\/ujccie-warty-nationaal-park\/","name":"Uj\u0107cie Warty Nationaal Park - Polen Travel (NL)","isPartOf":{"@id":"https:\/\/wp-nl.poland.travel\/#website"},"primaryImageOfPage":{"@id":"https:\/\/wp-nl.poland.travel\/ujccie-warty-nationaal-park\/#primaryimage"},"image":{"@id":"https:\/\/wp-nl.poland.travel\/ujccie-warty-nationaal-park\/#primaryimage"},"thumbnailUrl":"https:\/\/www.polen.travel\/nl\/wp-content\/uploads\/sites\/23\/2023\/02\/Ujscie-Warty1920.jpg","datePublished":"2025-04-03T18:16:47+00:00","dateModified":"2025-04-03T18:16:48+00:00","breadcrumb":{"@id":"https:\/\/wp-nl.poland.travel\/ujccie-warty-nationaal-park\/#breadcrumb"},"inLanguage":"pl-PL","potentialAction":[{"@type":"ReadAction","target":["https:\/\/wp-nl.poland.travel\/ujccie-warty-nationaal-park\/"]}]},{"@type":"ImageObject","inLanguage":"pl-PL","@id":"https:\/\/wp-nl.poland.travel\/ujccie-warty-nationaal-park\/#primaryimage","url":"https:\/\/www.polen.travel\/nl\/wp-content\/uploads\/sites\/23\/2023\/02\/Ujscie-Warty1920.jpg","contentUrl":"https:\/\/www.polen.travel\/nl\/wp-content\/uploads\/sites\/23\/2023\/02\/Ujscie-Warty1920.jpg","width":1920,"height":514,"caption":"Uj\u015bcie Warty"},{"@type":"BreadcrumbList","@id":"https:\/\/wp-nl.poland.travel\/ujccie-warty-nationaal-park\/#breadcrumb","itemListElement":[{"@type":"ListItem","position":1,"name":"Home page","item":"https:\/\/www.polen.travel\/nl\/"},{"@type":"ListItem","position":2,"name":"Discover places","item":"https:\/\/wp-nl.poland.travel\/category\/discover-places\/"},{"@type":"ListItem","position":3,"name":"Nationale Parken","item":"https:\/\/wp-nl.poland.travel\/category\/discover-places\/nationale-parken\/"},{"@type":"ListItem","position":4,"name":"Uj\u0107cie Warty Nationaal Park"}]},{"@type":"WebSite","@id":"https:\/\/wp-nl.poland.travel\/#website","url":"https:\/\/wp-nl.poland.travel\/","name":"Polen Travel (NL)","description":"...","publisher":{"@id":"https:\/\/wp-nl.poland.travel\/#organization"},"potentialAction":[{"@type":"SearchAction","target":{"@type":"EntryPoint","urlTemplate":"https:\/\/wp-nl.poland.travel\/?s={search_term_string}"},"query-input":{"@type":"PropertyValueSpecification","valueRequired":true,"valueName":"search_term_string"}}],"inLanguage":"pl-PL"},{"@type":"Organization","@id":"https:\/\/wp-nl.poland.travel\/#organization","name":"Polen Travel (NL)","url":"https:\/\/wp-nl.poland.travel\/","logo":{"@type":"ImageObject","inLanguage":"pl-PL","@id":"https:\/\/wp-nl.poland.travel\/#\/schema\/logo\/image\/","url":"https:\/\/en-en.polska.travel\/wp-content\/uploads\/sites\/23\/2022\/11\/logo.svg","contentUrl":"https:\/\/en-en.polska.travel\/wp-content\/uploads\/sites\/23\/2022\/11\/logo.svg","width":198,"height":96,"caption":"Polen Travel (NL)"},"image":{"@id":"https:\/\/wp-nl.poland.travel\/#\/schema\/logo\/image\/"}},{"@type":"Person","@id":"","url":"https:\/\/www.polen.travel\/nl\/author\/"}]}},"_links":{"self":[{"href":"https:\/\/www.polen.travel\/nl\/wp-json\/wp\/v2\/posts\/31925","targetHints":{"allow":["GET"]}}],"collection":[{"href":"https:\/\/www.polen.travel\/nl\/wp-json\/wp\/v2\/posts"}],"about":[{"href":"https:\/\/www.polen.travel\/nl\/wp-json\/wp\/v2\/types\/post"}],"author":[{"embeddable":true,"href":"https:\/\/www.polen.travel\/nl\/wp-json\/wp\/v2\/users\/1"}],"replies":[{"embeddable":true,"href":"https:\/\/www.polen.travel\/nl\/wp-json\/wp\/v2\/comments?post=31925"}],"version-history":[{"count":3,"href":"https:\/\/www.polen.travel\/nl\/wp-json\/wp\/v2\/posts\/31925\/revisions"}],"predecessor-version":[{"id":33602,"href":"https:\/\/www.polen.travel\/nl\/wp-json\/wp\/v2\/posts\/31925\/revisions\/33602"}],"wp:featuredmedia":[{"embeddable":true,"href":"https:\/\/www.polen.travel\/nl\/wp-json\/wp\/v2\/media\/20971"}],"wp:attachment":[{"href":"https:\/\/www.polen.travel\/nl\/wp-json\/wp\/v2\/media?parent=31925"}],"wp:term":[{"taxonomy":"category","embeddable":true,"href":"https:\/\/www.polen.travel\/nl\/wp-json\/wp\/v2\/categories?post=31925"}],"curies":[{"name":"wp","href":"https:\/\/api.w.org\/{rel}","templated":true}]}}