{"id":31924,"date":"2025-04-03T20:06:35","date_gmt":"2025-04-03T18:06:35","guid":{"rendered":"https:\/\/www.polen.travel\/nl\/?p=31924"},"modified":"2026-04-08T11:14:01","modified_gmt":"2026-04-08T09:14:01","slug":"swietokrzyski-nationaal-park","status":"publish","type":"post","link":"https:\/\/www.polen.travel\/nl\/swietokrzyski-nationaal-park\/","title":{"rendered":"\u015awi\u0119tokrzyski Nationaal Park"},"content":{"rendered":"\n<div class=\"wp-block-group is-style-container\"><div class=\"wp-block-group__inner-container is-layout-constrained wp-block-group-is-layout-constrained\">\n<!-- empty -->\n\n\n<div class=\"metrics\">\n  <div class=\"metrics__text\">\n    <h1 class=\"is-style-heading-38 mb20 large-mb30\">\u015awi\u0119tokrzyski Nationaal Park<\/h1>\n    <p><!-- wp:paragraph --><\/p>\n<p><strong>Het \u015awi\u0119tokrzyski Nationaal Park ligt zo\u2019n 180-tal kilometer ten zuiden van Warschau. Het beschermt de hoge kammen van het \u015awi\u0119tokrzyskie gebergte, met als hoogste punt \u0141ysica (612 m). Het \u015awi\u0119tokrzyskie-gebergte is de oudste bergketen in Polen. Deze bergen zijn tijdens drie verschillende geologische perioden gevormd en beslaan het deel van het laagland, tussen de rivieren Pilica en Wisla. Hun contouren zijn zachtaardig en hun hoogten zijn niet indrukwekkend, maar toch fascineren ze door een uiterst originele structuur, diverse vegetatie en fauna wereld.<\/strong><\/p>\n<p><!-- \/wp:paragraph --><\/p>\n  <\/div>\n  <div class=\"metrics__sidebar\">\n    <div class=\"metrics-box\">\n              <div class=\"metrics-box__title\">Basisinformatie<\/div>\n        <div class=\"metrics-box__values\">\n                                        <div class=\"metrics-box__item\">\n      <div class=\"metrics-box__label\">Oppervlakte:<\/div>\n      <div class=\"metrics-box__value\">7 626,4 ha<\/div>\n    <\/div>\n                                <div class=\"metrics-box__item\">\n      <div class=\"metrics-box__label\">Jaar toegevoegd:<\/div>\n      <div class=\"metrics-box__value\">01.05.1950<\/div>\n    <\/div>\n                                <div class=\"metrics-box__item\">\n      <div class=\"metrics-box__label\">Parksymbool:<\/div>\n      <div class=\"metrics-box__value\">Hert<\/div>\n    <\/div>\n                                <\/div>\n                    <div class=\"metrics-box__links\">\n                      <a href=\"https:\/\/swpn.gov.pl\/swietokrzyski-national-park\" class=\"metrics-box__link external\"\n                                  target=\"_blank\" rel=\"nofollow noopener noreferrer\"\n                            >www<\/a>\n                  <\/div>\n          <\/div>\n  <\/div>\n<\/div>\n<\/div><\/div>\n\n\n\n<div class=\"wp-block-group is-style-container-medium\"><div class=\"wp-block-group__inner-container is-layout-constrained wp-block-group-is-layout-constrained\">\n<p>Het nationale park omvat: het \u0141ysog\u00f3ry-gebergte met de hoogste toppen: \u0141ysica en \u0141ysa G\u00f3ra (595 meter), een deel van het Klonowskie-gebergte, een deel van het Pokrzywia\u0144skie-gebergte en delen van de valleien: Wilkowska en D\u0119bnia\u0144ska.<\/p>\n\n\n\n<p>Het park is administratief verdeeld in 8 bosgebieden en hun doel is de bescherming van natuurlijke, culturele en landschappelijke waarden. In de strikte beschermingszones (vijf in het park) is menselijk ingrijpen volledig verboden. Ze worden overgelaten aan de ongehinderde invloed van de natuurkrachten.<\/p>\n<\/div><\/div>\n\n\n\n<div style=\"height:100px\" aria-hidden=\"true\" class=\"wp-block-spacer is-style-spacer-small\"><\/div>\n\n\n\n<div class=\"wp-block-group is-style-container\"><div class=\"wp-block-group__inner-container is-layout-constrained wp-block-group-is-layout-constrained\">  <div class=\"gallery-tiles gallery-tiles--rows-2-3 lightgallery\">\r\n          <a href=\"https:\/\/www.polen.travel\/nl\/wp-content\/uploads\/sites\/23\/2023\/02\/13_Gory-Swietokrzyskie-i-Swiety-Krzyz-szklany-dom-Zeromskiego_MC_P.jpg\" class=\"gallery-tiles__item\" data-src=\"https:\/\/www.polen.travel\/nl\/wp-content\/uploads\/sites\/23\/2023\/02\/13_Gory-Swietokrzyskie-i-Swiety-Krzyz-szklany-dom-Zeromskiego_MC_P.jpg\"\r\n        aria-label=\"Otw\u00f3rz powi\u0119kszone zdj\u0119cie: \u015awi\u0119tokrzyski Park Narodowy\">\r\n        <img loading=\"lazy\" decoding=\"async\" width=\"1024\" height=\"683\" src=\"https:\/\/www.polen.travel\/nl\/wp-content\/uploads\/sites\/23\/2023\/02\/13_Gory-Swietokrzyskie-i-Swiety-Krzyz-szklany-dom-Zeromskiego_MC_P.jpg\" class=\"gallery-tiles__thumb\" alt=\"\u015awi\u0119tokrzyski Park Narodowy\" srcset=\"https:\/\/www.polen.travel\/nl\/wp-content\/uploads\/sites\/23\/2023\/02\/13_Gory-Swietokrzyskie-i-Swiety-Krzyz-szklany-dom-Zeromskiego_MC_P.jpg 1024w, https:\/\/www.polen.travel\/nl\/wp-content\/uploads\/sites\/23\/2023\/02\/13_Gory-Swietokrzyskie-i-Swiety-Krzyz-szklany-dom-Zeromskiego_MC_P-600x400.jpg 600w, https:\/\/www.polen.travel\/nl\/wp-content\/uploads\/sites\/23\/2023\/02\/13_Gory-Swietokrzyskie-i-Swiety-Krzyz-szklany-dom-Zeromskiego_MC_P-768x512.jpg 768w\" sizes=\"auto, (max-width: 1024px) 100vw, 1024px\" \/>      <\/a>\r\n          <a href=\"https:\/\/www.polen.travel\/nl\/wp-content\/uploads\/sites\/23\/2023\/02\/36_Gory-Swietokrzyskie_MC_P.jpg\" class=\"gallery-tiles__item\" data-src=\"https:\/\/www.polen.travel\/nl\/wp-content\/uploads\/sites\/23\/2023\/02\/36_Gory-Swietokrzyskie_MC_P.jpg\"\r\n        aria-label=\"Otw\u00f3rz powi\u0119kszone zdj\u0119cie: 36_G\u00f3ry \u015awi\u0119tokrzyskie_MC_P\">\r\n        <img loading=\"lazy\" decoding=\"async\" width=\"1024\" height=\"683\" src=\"https:\/\/www.polen.travel\/nl\/wp-content\/uploads\/sites\/23\/2023\/02\/36_Gory-Swietokrzyskie_MC_P.jpg\" class=\"gallery-tiles__thumb\" alt=\"\" srcset=\"https:\/\/www.polen.travel\/nl\/wp-content\/uploads\/sites\/23\/2023\/02\/36_Gory-Swietokrzyskie_MC_P.jpg 1024w, https:\/\/www.polen.travel\/nl\/wp-content\/uploads\/sites\/23\/2023\/02\/36_Gory-Swietokrzyskie_MC_P-600x400.jpg 600w, https:\/\/www.polen.travel\/nl\/wp-content\/uploads\/sites\/23\/2023\/02\/36_Gory-Swietokrzyskie_MC_P-768x512.jpg 768w\" sizes=\"auto, (max-width: 1024px) 100vw, 1024px\" \/>      <\/a>\r\n          <a href=\"https:\/\/www.polen.travel\/nl\/wp-content\/uploads\/sites\/23\/2023\/02\/392_Gory-Swietokrzyskie-i-Swiety-Krzyz-szklany-dom-Zeromskiego_MC_P.jpg\" class=\"gallery-tiles__item\" data-src=\"https:\/\/www.polen.travel\/nl\/wp-content\/uploads\/sites\/23\/2023\/02\/392_Gory-Swietokrzyskie-i-Swiety-Krzyz-szklany-dom-Zeromskiego_MC_P.jpg\"\r\n        aria-label=\"Otw\u00f3rz powi\u0119kszone zdj\u0119cie: 392_G\u00f3ry \u015awi\u0119tokrzyskie i \u015awi\u0119ty Krzy\u017c, szklany dom \u017beromskiego_MC_P\">\r\n        <img loading=\"lazy\" decoding=\"async\" width=\"1024\" height=\"683\" src=\"https:\/\/www.polen.travel\/nl\/wp-content\/uploads\/sites\/23\/2023\/02\/392_Gory-Swietokrzyskie-i-Swiety-Krzyz-szklany-dom-Zeromskiego_MC_P.jpg\" class=\"gallery-tiles__thumb\" alt=\"\" srcset=\"https:\/\/www.polen.travel\/nl\/wp-content\/uploads\/sites\/23\/2023\/02\/392_Gory-Swietokrzyskie-i-Swiety-Krzyz-szklany-dom-Zeromskiego_MC_P.jpg 1024w, https:\/\/www.polen.travel\/nl\/wp-content\/uploads\/sites\/23\/2023\/02\/392_Gory-Swietokrzyskie-i-Swiety-Krzyz-szklany-dom-Zeromskiego_MC_P-600x400.jpg 600w, https:\/\/www.polen.travel\/nl\/wp-content\/uploads\/sites\/23\/2023\/02\/392_Gory-Swietokrzyskie-i-Swiety-Krzyz-szklany-dom-Zeromskiego_MC_P-768x512.jpg 768w\" sizes=\"auto, (max-width: 1024px) 100vw, 1024px\" \/>      <\/a>\r\n          <a href=\"https:\/\/www.polen.travel\/nl\/wp-content\/uploads\/sites\/23\/2023\/02\/swiety-krzyz2.jpg\" class=\"gallery-tiles__item\" data-src=\"https:\/\/www.polen.travel\/nl\/wp-content\/uploads\/sites\/23\/2023\/02\/swiety-krzyz2.jpg\"\r\n        aria-label=\"Otw\u00f3rz powi\u0119kszone zdj\u0119cie: swiety-krzy\u017c2\">\r\n        <img loading=\"lazy\" decoding=\"async\" width=\"1170\" height=\"924\" src=\"https:\/\/www.polen.travel\/nl\/wp-content\/uploads\/sites\/23\/2023\/02\/swiety-krzyz2.jpg\" class=\"gallery-tiles__thumb\" alt=\"\" srcset=\"https:\/\/www.polen.travel\/nl\/wp-content\/uploads\/sites\/23\/2023\/02\/swiety-krzyz2.jpg 1170w, https:\/\/www.polen.travel\/nl\/wp-content\/uploads\/sites\/23\/2023\/02\/swiety-krzyz2-600x474.jpg 600w, https:\/\/www.polen.travel\/nl\/wp-content\/uploads\/sites\/23\/2023\/02\/swiety-krzyz2-768x607.jpg 768w\" sizes=\"auto, (max-width: 1170px) 100vw, 1170px\" \/>      <\/a>\r\n          <a href=\"https:\/\/www.polen.travel\/nl\/wp-content\/uploads\/sites\/23\/2025\/04\/00777_2475_PN_Swietokrzyski_KK_HR-1.jpg\" class=\"gallery-tiles__item\" data-src=\"https:\/\/www.polen.travel\/nl\/wp-content\/uploads\/sites\/23\/2025\/04\/00777_2475_PN_Swietokrzyski_KK_HR-1.jpg\"\r\n        aria-label=\"Otw\u00f3rz powi\u0119kszone zdj\u0119cie: 00777_2475_PN_Swietokrzyski_KK_HR\">\r\n        <img loading=\"lazy\" decoding=\"async\" width=\"1170\" height=\"780\" src=\"https:\/\/www.polen.travel\/nl\/wp-content\/uploads\/sites\/23\/2025\/04\/00777_2475_PN_Swietokrzyski_KK_HR-1.jpg\" class=\"gallery-tiles__thumb\" alt=\"\" srcset=\"https:\/\/www.polen.travel\/nl\/wp-content\/uploads\/sites\/23\/2025\/04\/00777_2475_PN_Swietokrzyski_KK_HR-1.jpg 1170w, https:\/\/www.polen.travel\/nl\/wp-content\/uploads\/sites\/23\/2025\/04\/00777_2475_PN_Swietokrzyski_KK_HR-1-600x400.jpg 600w, https:\/\/www.polen.travel\/nl\/wp-content\/uploads\/sites\/23\/2025\/04\/00777_2475_PN_Swietokrzyski_KK_HR-1-768x512.jpg 768w\" sizes=\"auto, (max-width: 1170px) 100vw, 1170px\" \/>      <\/a>\r\n      <\/div>\r\n<\/div><\/div>\n\n\n\n<div style=\"height:100px\" aria-hidden=\"true\" class=\"wp-block-spacer is-style-spacer-small\"><\/div>\n\n\n\n<div class=\"wp-block-group is-style-container-medium\"><div class=\"wp-block-group__inner-container is-layout-constrained wp-block-group-is-layout-constrained\">\n<p>In tegenstelling tot de meeste bergketens zijn de hellingen niet met bomen en grassen bedekt, maar met rotspuin. U vindt er voornamelijk naaldbossen gemengd met beuken en lariksen. De voornaamste vertegenwoordiger van het dierenrijk is het hert \u2013 het symbool van het park.<\/p>\n\n\n\n<p>Het unicum van deze gebied zijn onbegroeide plekken, compleet bedekt met kleinere en grotere&nbsp;rotsen, genoemd <strong>go\u0142oborza<\/strong>.<\/p>\n<\/div><\/div>\n\n\n\n<div class=\"wp-block-group\"><div class=\"wp-block-group__inner-container is-layout-constrained wp-block-group-is-layout-constrained\">\n<div style=\"height:100px\" aria-hidden=\"true\" class=\"wp-block-spacer is-style-spacer-small\"><\/div>\n\n\n\n<div class=\"wp-block-group has-background\" style=\"background-color:#eeeeee\"><div class=\"wp-block-group__inner-container is-layout-constrained wp-block-group-is-layout-constrained\">\n<div style=\"height:100px\" aria-hidden=\"true\" class=\"wp-block-spacer is-style-spacer-small\"><\/div>\n\n\n\n<div class=\"wp-block-group is-style-container\"><div class=\"wp-block-group__inner-container is-layout-constrained wp-block-group-is-layout-constrained\">\n<h3 class=\"wp-block-heading\">Meer weten:<\/h3>\n\n\n\n<div style=\"height:33px\" aria-hidden=\"true\" class=\"wp-block-spacer is-style-spacer-small\"><\/div>\n\n\n<div class=\"overflow\">\n  <div class=\"post-slider swiper post-slider--small\" data-schema=\"small\">\n\n    <div class=\"swiper-wrapper\">\n              <div class=\"swiper-slide post-slide\">\n                      <a href=\"https:\/\/www.polen.travel\/nl\/babiogorski-nationaal-park\/\" class=\"post-box post-box--small\" style=\" background-image: url(https:\/\/www.polen.travel\/nl\/wp-content\/uploads\/sites\/23\/2023\/02\/Babia-Gora-National-Park-photo-Marcin-Trybala-600x400.jpg);\">\n          <div class=\"post-box__hover\" style=\"background-image: url(https:\/\/www.polen.travel\/nl\/wp-content\/uploads\/sites\/23\/2023\/02\/eve_1583316509_1-autor-foto-rafal-solinski-male-600x400.jpg);\"><\/div>\n        <div class=\"post-box__info\">\n            <div class=\"post-box__title\">Babiog\u00f3rski Nationaal Park<\/div>\n      <div class=\"post-box__more\">Lees meer <\/div>\n    <\/div>\n  <\/a>\n\n          <\/div>\n              <div class=\"swiper-slide post-slide\">\n                      <a href=\"https:\/\/www.polen.travel\/nl\/bialowieski-nationaal-park\/\" class=\"post-box post-box--small\" style=\" background-image: url(https:\/\/www.polen.travel\/nl\/wp-content\/uploads\/sites\/23\/2023\/02\/zubr-bialowieza-600x399.webp);\">\n          <div class=\"post-box__hover\" style=\"background-image: url(https:\/\/www.polen.travel\/nl\/wp-content\/uploads\/sites\/23\/2023\/07\/bialowiezaforest-600x400.jpg);\"><\/div>\n        <div class=\"post-box__info\">\n            <div class=\"post-box__title\">Bia\u0142owieski Nationaal Park<\/div>\n      <div class=\"post-box__more\">Lees meer <\/div>\n    <\/div>\n  <\/a>\n\n          <\/div>\n              <div class=\"swiper-slide post-slide\">\n                      <a href=\"https:\/\/www.polen.travel\/nl\/biebrzanski-nationaal-park\/\" class=\"post-box post-box--small\" style=\" background-image: url(https:\/\/www.polen.travel\/nl\/wp-content\/uploads\/sites\/23\/2022\/12\/biebrzanski_pn_tratwa_1170-600x400.jpg);\">\n          <div class=\"post-box__hover\" style=\"background-image: url(https:\/\/www.polen.travel\/nl\/wp-content\/uploads\/sites\/23\/2022\/12\/biebrza_rozlewiska_1170-600x400.jpg);\"><\/div>\n        <div class=\"post-box__info\">\n            <div class=\"post-box__title\">Biebrza\u0144ski Nationaal Park<\/div>\n      <div class=\"post-box__more\">Lees meer <\/div>\n    <\/div>\n  <\/a>\n\n          <\/div>\n              <div class=\"swiper-slide post-slide\">\n                      <a href=\"https:\/\/www.polen.travel\/nl\/bieszczadzki-nationaal-park\/\" class=\"post-box post-box--small\" style=\" background-image: url(https:\/\/www.polen.travel\/nl\/wp-content\/uploads\/sites\/23\/2023\/07\/rys_1170-600x400.jpg);\">\n          <div class=\"post-box__hover\" style=\"background-image: url(https:\/\/www.polen.travel\/nl\/wp-content\/uploads\/sites\/23\/2023\/07\/rys201-600x336.jpg);\"><\/div>\n        <div class=\"post-box__info\">\n            <div class=\"post-box__title\">Bieszczadzki Nationaal Park<\/div>\n      <div class=\"post-box__more\">Lees meer <\/div>\n    <\/div>\n  <\/a>\n\n          <\/div>\n              <div class=\"swiper-slide post-slide\">\n                      <a href=\"https:\/\/www.polen.travel\/nl\/bory-tucholskie-nationaal-park\/\" class=\"post-box post-box--small\" style=\" background-image: url(https:\/\/www.polen.travel\/nl\/wp-content\/uploads\/sites\/23\/2023\/03\/9_Fotolia_EDEN_Bory_Tucholskie_HR-xl-600x400.jpg);\">\n          <div class=\"post-box__hover\" style=\"background-image: url(https:\/\/www.polen.travel\/nl\/wp-content\/uploads\/sites\/23\/2022\/12\/pn_bory_tucholskie_540.jpg);\"><\/div>\n        <div class=\"post-box__info\">\n            <div class=\"post-box__title\">Bory Tucholskie Nationaal Park<\/div>\n      <div class=\"post-box__more\">Lees meer <\/div>\n    <\/div>\n  <\/a>\n\n          <\/div>\n              <div class=\"swiper-slide post-slide\">\n                      <a href=\"https:\/\/www.polen.travel\/nl\/drawienski-nationaal-park\/\" class=\"post-box post-box--small\" style=\" background-image: url(https:\/\/www.polen.travel\/nl\/wp-content\/uploads\/sites\/23\/2023\/02\/Drawienski-PN-6-600x400.jpg);\">\n          <div class=\"post-box__hover\" style=\"background-image: url(https:\/\/www.polen.travel\/nl\/wp-content\/uploads\/sites\/23\/2023\/02\/Drawienski-PN-4-600x399.jpg);\"><\/div>\n        <div class=\"post-box__info\">\n            <div class=\"post-box__title\">Drawie\u0144ski Nationaal Park<\/div>\n      <div class=\"post-box__more\">Lees meer <\/div>\n    <\/div>\n  <\/a>\n\n          <\/div>\n              <div class=\"swiper-slide post-slide\">\n                      <a href=\"https:\/\/www.polen.travel\/nl\/gorce-nationaal-park\/\" class=\"post-box post-box--small\" style=\" background-image: url(https:\/\/www.polen.travel\/nl\/wp-content\/uploads\/sites\/23\/2023\/02\/Gorce-04142018_0W1A1842-600x400.jpg);\">\n          <div class=\"post-box__hover\" style=\"background-image: url(https:\/\/www.polen.travel\/nl\/wp-content\/uploads\/sites\/23\/2023\/02\/5400_Gorce_KK_P-600x400.jpg);\"><\/div>\n        <div class=\"post-box__info\">\n            <div class=\"post-box__title\">Gorce Nationaal Park<\/div>\n      <div class=\"post-box__more\">Lees meer <\/div>\n    <\/div>\n  <\/a>\n\n          <\/div>\n              <div class=\"swiper-slide post-slide\">\n                      <a href=\"https:\/\/www.polen.travel\/nl\/gory-stolowe-nationaal-park\/\" class=\"post-box post-box--small\" style=\" background-image: url(https:\/\/www.polen.travel\/nl\/wp-content\/uploads\/sites\/23\/2023\/02\/Szczeliniec-Wielki_Stolowe-gory-600x388.jpeg);\">\n          <div class=\"post-box__hover\" style=\"background-image: url(https:\/\/www.polen.travel\/nl\/wp-content\/uploads\/sites\/23\/2023\/02\/2310_Gory-Stolowe_MC_P-600x400.jpg);\"><\/div>\n        <div class=\"post-box__info\">\n            <div class=\"post-box__title\">G\u00f3ry Sto\u0142owe Nationaal Park<\/div>\n      <div class=\"post-box__more\">Lees meer <\/div>\n    <\/div>\n  <\/a>\n\n          <\/div>\n              <div class=\"swiper-slide post-slide\">\n                      <a href=\"https:\/\/www.polen.travel\/nl\/wolinski-nationaal-park\/\" class=\"post-box post-box--small\" style=\" background-image: url(https:\/\/www.polen.travel\/nl\/wp-content\/uploads\/sites\/23\/2023\/07\/Golden5-600x400.jpg);\">\n          <div class=\"post-box__hover\" style=\"background-image: url(https:\/\/www.polen.travel\/nl\/wp-content\/uploads\/sites\/23\/2023\/02\/1537_HROT-EUROVELO13-Wolinski-HRN_HR-600x400.jpg);\"><\/div>\n        <div class=\"post-box__info\">\n            <div class=\"post-box__title\">Woli\u0144ski Nationaal Park<\/div>\n      <div class=\"post-box__more\">Lees meer <\/div>\n    <\/div>\n  <\/a>\n\n          <\/div>\n              <div class=\"swiper-slide post-slide\">\n                      <a href=\"https:\/\/www.polen.travel\/nl\/kampinoski-nationaal-park\/\" class=\"post-box post-box--small\" style=\" background-image: url(https:\/\/www.polen.travel\/nl\/wp-content\/uploads\/sites\/23\/2023\/07\/Kampinos-forest-600x400.jpg);\">\n          <div class=\"post-box__hover\" style=\"background-image: url(https:\/\/www.polen.travel\/nl\/wp-content\/uploads\/sites\/23\/2023\/07\/kampinoski_pn_slonce_w_lesie_1170-1-600x400.jpg);\"><\/div>\n        <div class=\"post-box__info\">\n            <div class=\"post-box__title\">Kampinoski Nationaal Park<\/div>\n      <div class=\"post-box__more\">Lees meer <\/div>\n    <\/div>\n  <\/a>\n\n          <\/div>\n              <div class=\"swiper-slide post-slide\">\n                      <a href=\"https:\/\/www.polen.travel\/nl\/karkonoski-nationaal-park\/\" class=\"post-box post-box--small\" style=\" background-image: url(https:\/\/www.polen.travel\/nl\/wp-content\/uploads\/sites\/23\/2022\/12\/sniezka_1170-600x400.jpg);\">\n          <div class=\"post-box__hover\" style=\"background-image: url(https:\/\/www.polen.travel\/nl\/wp-content\/uploads\/sites\/23\/2024\/12\/wodospad-Kamienczyk-600x399.jpg);\"><\/div>\n        <div class=\"post-box__info\">\n            <div class=\"post-box__title\">Karkonoski Nationaal Park<\/div>\n      <div class=\"post-box__more\">Lees meer <\/div>\n    <\/div>\n  <\/a>\n\n          <\/div>\n              <div class=\"swiper-slide post-slide\">\n                      <a href=\"https:\/\/www.polen.travel\/nl\/wigierski-nationaal-park\/\" class=\"post-box post-box--small\" style=\" background-image: url(https:\/\/www.polen.travel\/nl\/wp-content\/uploads\/sites\/23\/2022\/12\/wigierski_pn_klasztor_1170-600x400.jpg);\">\n          <div class=\"post-box__hover\" style=\"background-image: url(https:\/\/www.polen.travel\/nl\/wp-content\/uploads\/sites\/23\/2023\/02\/perkoz_Wigry_wigierski-PN-600x400.jpeg);\"><\/div>\n        <div class=\"post-box__info\">\n            <div class=\"post-box__title\">Wigierski Nationaal Park<\/div>\n      <div class=\"post-box__more\">Lees meer <\/div>\n    <\/div>\n  <\/a>\n\n          <\/div>\n              <div class=\"swiper-slide post-slide\">\n                      <a href=\"https:\/\/www.polen.travel\/nl\/magurski-nationaal-park\/\" class=\"post-box post-box--small\" style=\" background-image: url(https:\/\/www.polen.travel\/nl\/wp-content\/uploads\/sites\/23\/2023\/03\/Magurski_Park_Narodowy-600x400.jpg);\">\n          <div class=\"post-box__hover\" style=\"background-image: url(https:\/\/www.polen.travel\/nl\/wp-content\/uploads\/sites\/23\/2022\/12\/magurski_pn_540-1.jpg);\"><\/div>\n        <div class=\"post-box__info\">\n            <div class=\"post-box__title\">Magurski Nationaal Park<\/div>\n      <div class=\"post-box__more\">Lees meer <\/div>\n    <\/div>\n  <\/a>\n\n          <\/div>\n              <div class=\"swiper-slide post-slide\">\n                      <a href=\"https:\/\/www.polen.travel\/nl\/wielkopolski-nationaal-park\/\" class=\"post-box post-box--small\" style=\" background-image: url(https:\/\/www.polen.travel\/nl\/wp-content\/uploads\/sites\/23\/2022\/12\/WielkopolskiPN_ok-1-600x400.jpg);\">\n          <div class=\"post-box__hover\" style=\"background-image: url(https:\/\/www.polen.travel\/nl\/wp-content\/uploads\/sites\/23\/2023\/02\/IMG_2406-Wlkp-Park-Narodowy_Wielkopolskie-600x400.jpg);\"><\/div>\n        <div class=\"post-box__info\">\n            <div class=\"post-box__title\">Wielkopolski Nationaal Park<\/div>\n      <div class=\"post-box__more\">Lees meer <\/div>\n    <\/div>\n  <\/a>\n\n          <\/div>\n              <div class=\"swiper-slide post-slide\">\n                      <a href=\"https:\/\/www.polen.travel\/nl\/narwianski-nationaal-park\/\" class=\"post-box post-box--small\" style=\" background-image: url(https:\/\/www.polen.travel\/nl\/wp-content\/uploads\/sites\/23\/2022\/12\/kladka_sliwno-waniewo_npn_1170-600x400.jpg);\">\n          <div class=\"post-box__hover\" style=\"background-image: url(https:\/\/www.polen.travel\/nl\/wp-content\/uploads\/sites\/23\/2023\/02\/foto-1_narwianski-600x600.jpg);\"><\/div>\n        <div class=\"post-box__info\">\n            <div class=\"post-box__title\">Narwia\u0144ski Nationaal Park<\/div>\n      <div class=\"post-box__more\">Lees meer <\/div>\n    <\/div>\n  <\/a>\n\n          <\/div>\n              <div class=\"swiper-slide post-slide\">\n                      <a href=\"https:\/\/www.polen.travel\/nl\/ojcowski-nationaal-park\/\" class=\"post-box post-box--small\" style=\" background-image: url(https:\/\/www.polen.travel\/nl\/wp-content\/uploads\/sites\/23\/2023\/02\/255_Ojcowski-Park-Narodowy-i-Zamek-w-Pieskowej-Skale_MC_P-400x600.jpg);\">\n          <div class=\"post-box__hover\" style=\"background-image: url(https:\/\/www.polen.travel\/nl\/wp-content\/uploads\/sites\/23\/2023\/02\/Ojcowski_PN_1170-600x397.jpg);\"><\/div>\n        <div class=\"post-box__info\">\n            <div class=\"post-box__title\">Ojcowski Nationaal Park<\/div>\n      <div class=\"post-box__more\">Lees meer <\/div>\n    <\/div>\n  <\/a>\n\n          <\/div>\n          <\/div>\n    <div class=\"post-slider__pagination\"><\/div>\n  <\/div>\n<\/div>\n<\/div><\/div>\n\n\n\n<div style=\"height:100px\" aria-hidden=\"true\" class=\"wp-block-spacer is-style-spacer-small\"><\/div>\n<\/div><\/div>\n<\/div><\/div>\n","protected":false},"excerpt":{"rendered":"<p>Het nationale park omvat: het \u0141ysog\u00f3ry-gebergte met de hoogste toppen: \u0141ysica en \u0141ysa G\u00f3ra (595 meter), een deel van het Klonowskie-gebergte, een deel van het Pokrzywia\u0144skie-gebergte en delen van de valleien: Wilkowska en D\u0119bnia\u0144ska. Het park is administratief verdeeld in 8 bosgebieden en hun doel is de bescherming van natuurlijke, culturele en landschappelijke waarden. In [&hellip;]<\/p>\n","protected":false},"author":1,"featured_media":19416,"comment_status":"open","ping_status":"open","sticky":false,"template":"","format":"standard","meta":{"_acf_changed":false,"footnotes":""},"categories":[1040],"class_list":["post-31924","post","type-post","status-publish","format-standard","has-post-thumbnail","hentry","category-nationale-parken"],"acf":[],"yoast_head":"<!-- This site is optimized with the Yoast SEO plugin v27.4 - https:\/\/yoast.com\/product\/yoast-seo-wordpress\/ -->\n<title>\u015awi\u0119tokrzyski Nationaal Park - Polen Travel (NL)<\/title>\n<meta name=\"robots\" content=\"index, follow, max-snippet:-1, max-image-preview:large, max-video-preview:-1\" \/>\n<link rel=\"canonical\" href=\"https:\/\/wp-nl.poland.travel\/swietokrzyski-nationaal-park\/\" \/>\n<meta property=\"og:locale\" content=\"pl_PL\" \/>\n<meta property=\"og:type\" content=\"article\" \/>\n<meta property=\"og:title\" content=\"\u015awi\u0119tokrzyski Nationaal Park - Polen Travel (NL)\" \/>\n<meta property=\"og:description\" content=\"Het nationale park omvat: het \u0141ysog\u00f3ry-gebergte met de hoogste toppen: \u0141ysica en \u0141ysa G\u00f3ra (595 meter), een deel van het Klonowskie-gebergte, een deel van het Pokrzywia\u0144skie-gebergte en delen van de valleien: Wilkowska en D\u0119bnia\u0144ska. Het park is administratief verdeeld in 8 bosgebieden en hun doel is de bescherming van natuurlijke, culturele en landschappelijke waarden. In [&hellip;]\" \/>\n<meta property=\"og:url\" content=\"https:\/\/wp-nl.poland.travel\/swietokrzyski-nationaal-park\/\" \/>\n<meta property=\"og:site_name\" content=\"Polen Travel (NL)\" \/>\n<meta property=\"article:published_time\" content=\"2025-04-03T18:06:35+00:00\" \/>\n<meta property=\"article:modified_time\" content=\"2026-04-08T09:14:01+00:00\" \/>\n<meta property=\"og:image\" content=\"https:\/\/wp-nl.poland.travel\/wp-content\/uploads\/sites\/23\/2023\/02\/swiety-krzyz.jpg\" \/>\n\t<meta property=\"og:image:width\" content=\"1920\" \/>\n\t<meta property=\"og:image:height\" content=\"596\" \/>\n\t<meta property=\"og:image:type\" content=\"image\/jpeg\" \/>\n<meta name=\"twitter:card\" content=\"summary_large_image\" \/>\n<meta name=\"twitter:label1\" content=\"Napisane przez\" \/>\n\t<meta name=\"twitter:data1\" content=\"\" \/>\n\t<meta name=\"twitter:label2\" content=\"Szacowany czas czytania\" \/>\n\t<meta name=\"twitter:data2\" content=\"2 minuty\" \/>\n<script type=\"application\/ld+json\" class=\"yoast-schema-graph\">{\"@context\":\"https:\\\/\\\/schema.org\",\"@graph\":[{\"@type\":\"Article\",\"@id\":\"https:\\\/\\\/wp-nl.poland.travel\\\/swietokrzyski-nationaal-park\\\/#article\",\"isPartOf\":{\"@id\":\"https:\\\/\\\/wp-nl.poland.travel\\\/swietokrzyski-nationaal-park\\\/\"},\"author\":{\"name\":\"\",\"@id\":\"\"},\"headline\":\"\u015awi\u0119tokrzyski Nationaal Park\",\"datePublished\":\"2025-04-03T18:06:35+00:00\",\"dateModified\":\"2026-04-08T09:14:01+00:00\",\"mainEntityOfPage\":{\"@id\":\"https:\\\/\\\/wp-nl.poland.travel\\\/swietokrzyski-nationaal-park\\\/\"},\"wordCount\":147,\"commentCount\":0,\"publisher\":{\"@id\":\"https:\\\/\\\/wp-nl.poland.travel\\\/#organization\"},\"image\":{\"@id\":\"https:\\\/\\\/wp-nl.poland.travel\\\/swietokrzyski-nationaal-park\\\/#primaryimage\"},\"thumbnailUrl\":\"https:\\\/\\\/www.polen.travel\\\/nl\\\/wp-content\\\/uploads\\\/sites\\\/23\\\/2023\\\/02\\\/swiety-krzyz.jpg\",\"keywords\":[\"bezoeken\",\"natuur\",\"nationale-parken\"],\"articleSection\":[\"Nationale Parken\"],\"inLanguage\":\"pl-PL\"},{\"@type\":\"WebPage\",\"@id\":\"https:\\\/\\\/wp-nl.poland.travel\\\/swietokrzyski-nationaal-park\\\/\",\"url\":\"https:\\\/\\\/wp-nl.poland.travel\\\/swietokrzyski-nationaal-park\\\/\",\"name\":\"\u015awi\u0119tokrzyski Nationaal Park - Polen Travel (NL)\",\"isPartOf\":{\"@id\":\"https:\\\/\\\/wp-nl.poland.travel\\\/#website\"},\"primaryImageOfPage\":{\"@id\":\"https:\\\/\\\/wp-nl.poland.travel\\\/swietokrzyski-nationaal-park\\\/#primaryimage\"},\"image\":{\"@id\":\"https:\\\/\\\/wp-nl.poland.travel\\\/swietokrzyski-nationaal-park\\\/#primaryimage\"},\"thumbnailUrl\":\"https:\\\/\\\/www.polen.travel\\\/nl\\\/wp-content\\\/uploads\\\/sites\\\/23\\\/2023\\\/02\\\/swiety-krzyz.jpg\",\"datePublished\":\"2025-04-03T18:06:35+00:00\",\"dateModified\":\"2026-04-08T09:14:01+00:00\",\"breadcrumb\":{\"@id\":\"https:\\\/\\\/wp-nl.poland.travel\\\/swietokrzyski-nationaal-park\\\/#breadcrumb\"},\"inLanguage\":\"pl-PL\",\"potentialAction\":[{\"@type\":\"ReadAction\",\"target\":[\"https:\\\/\\\/wp-nl.poland.travel\\\/swietokrzyski-nationaal-park\\\/\"]}]},{\"@type\":\"ImageObject\",\"inLanguage\":\"pl-PL\",\"@id\":\"https:\\\/\\\/wp-nl.poland.travel\\\/swietokrzyski-nationaal-park\\\/#primaryimage\",\"url\":\"https:\\\/\\\/www.polen.travel\\\/nl\\\/wp-content\\\/uploads\\\/sites\\\/23\\\/2023\\\/02\\\/swiety-krzyz.jpg\",\"contentUrl\":\"https:\\\/\\\/www.polen.travel\\\/nl\\\/wp-content\\\/uploads\\\/sites\\\/23\\\/2023\\\/02\\\/swiety-krzyz.jpg\",\"width\":1920,\"height\":596,\"caption\":\"\u015awi\u0119ty Krzy\u017c\"},{\"@type\":\"BreadcrumbList\",\"@id\":\"https:\\\/\\\/wp-nl.poland.travel\\\/swietokrzyski-nationaal-park\\\/#breadcrumb\",\"itemListElement\":[{\"@type\":\"ListItem\",\"position\":1,\"name\":\"Home page\",\"item\":\"https:\\\/\\\/www.polen.travel\\\/nl\\\/\"},{\"@type\":\"ListItem\",\"position\":2,\"name\":\"Discover places\",\"item\":\"https:\\\/\\\/wp-nl.poland.travel\\\/category\\\/discover-places\\\/\"},{\"@type\":\"ListItem\",\"position\":3,\"name\":\"Nationale Parken\",\"item\":\"https:\\\/\\\/wp-nl.poland.travel\\\/category\\\/discover-places\\\/nationale-parken\\\/\"},{\"@type\":\"ListItem\",\"position\":4,\"name\":\"\u015awi\u0119tokrzyski Nationaal Park\"}]},{\"@type\":\"WebSite\",\"@id\":\"https:\\\/\\\/wp-nl.poland.travel\\\/#website\",\"url\":\"https:\\\/\\\/wp-nl.poland.travel\\\/\",\"name\":\"Polen Travel (NL)\",\"description\":\"...\",\"publisher\":{\"@id\":\"https:\\\/\\\/wp-nl.poland.travel\\\/#organization\"},\"potentialAction\":[{\"@type\":\"SearchAction\",\"target\":{\"@type\":\"EntryPoint\",\"urlTemplate\":\"https:\\\/\\\/wp-nl.poland.travel\\\/?s={search_term_string}\"},\"query-input\":{\"@type\":\"PropertyValueSpecification\",\"valueRequired\":true,\"valueName\":\"search_term_string\"}}],\"inLanguage\":\"pl-PL\"},{\"@type\":\"Organization\",\"@id\":\"https:\\\/\\\/wp-nl.poland.travel\\\/#organization\",\"name\":\"Polen Travel (NL)\",\"url\":\"https:\\\/\\\/wp-nl.poland.travel\\\/\",\"logo\":{\"@type\":\"ImageObject\",\"inLanguage\":\"pl-PL\",\"@id\":\"https:\\\/\\\/wp-nl.poland.travel\\\/#\\\/schema\\\/logo\\\/image\\\/\",\"url\":\"https:\\\/\\\/en-en.polska.travel\\\/wp-content\\\/uploads\\\/sites\\\/23\\\/2022\\\/11\\\/logo.svg\",\"contentUrl\":\"https:\\\/\\\/en-en.polska.travel\\\/wp-content\\\/uploads\\\/sites\\\/23\\\/2022\\\/11\\\/logo.svg\",\"width\":198,\"height\":96,\"caption\":\"Polen Travel (NL)\"},\"image\":{\"@id\":\"https:\\\/\\\/wp-nl.poland.travel\\\/#\\\/schema\\\/logo\\\/image\\\/\"}},{\"@type\":\"Person\",\"@id\":\"\",\"url\":\"https:\\\/\\\/www.polen.travel\\\/nl\\\/author\\\/\"}]}<\/script>\n<!-- \/ Yoast SEO plugin. -->","yoast_head_json":{"title":"\u015awi\u0119tokrzyski Nationaal Park - Polen Travel (NL)","robots":{"index":"index","follow":"follow","max-snippet":"max-snippet:-1","max-image-preview":"max-image-preview:large","max-video-preview":"max-video-preview:-1"},"canonical":"https:\/\/wp-nl.poland.travel\/swietokrzyski-nationaal-park\/","og_locale":"pl_PL","og_type":"article","og_title":"\u015awi\u0119tokrzyski Nationaal Park - Polen Travel (NL)","og_description":"Het nationale park omvat: het \u0141ysog\u00f3ry-gebergte met de hoogste toppen: \u0141ysica en \u0141ysa G\u00f3ra (595 meter), een deel van het Klonowskie-gebergte, een deel van het Pokrzywia\u0144skie-gebergte en delen van de valleien: Wilkowska en D\u0119bnia\u0144ska. Het park is administratief verdeeld in 8 bosgebieden en hun doel is de bescherming van natuurlijke, culturele en landschappelijke waarden. In [&hellip;]","og_url":"https:\/\/wp-nl.poland.travel\/swietokrzyski-nationaal-park\/","og_site_name":"Polen Travel (NL)","article_published_time":"2025-04-03T18:06:35+00:00","article_modified_time":"2026-04-08T09:14:01+00:00","og_image":[{"width":1920,"height":596,"url":"https:\/\/wp-nl.poland.travel\/wp-content\/uploads\/sites\/23\/2023\/02\/swiety-krzyz.jpg","type":"image\/jpeg"}],"twitter_card":"summary_large_image","twitter_misc":{"Napisane przez":"","Szacowany czas czytania":"2 minuty"},"schema":{"@context":"https:\/\/schema.org","@graph":[{"@type":"Article","@id":"https:\/\/wp-nl.poland.travel\/swietokrzyski-nationaal-park\/#article","isPartOf":{"@id":"https:\/\/wp-nl.poland.travel\/swietokrzyski-nationaal-park\/"},"author":{"name":"","@id":""},"headline":"\u015awi\u0119tokrzyski Nationaal Park","datePublished":"2025-04-03T18:06:35+00:00","dateModified":"2026-04-08T09:14:01+00:00","mainEntityOfPage":{"@id":"https:\/\/wp-nl.poland.travel\/swietokrzyski-nationaal-park\/"},"wordCount":147,"commentCount":0,"publisher":{"@id":"https:\/\/wp-nl.poland.travel\/#organization"},"image":{"@id":"https:\/\/wp-nl.poland.travel\/swietokrzyski-nationaal-park\/#primaryimage"},"thumbnailUrl":"https:\/\/www.polen.travel\/nl\/wp-content\/uploads\/sites\/23\/2023\/02\/swiety-krzyz.jpg","keywords":["bezoeken","natuur","nationale-parken"],"articleSection":["Nationale Parken"],"inLanguage":"pl-PL"},{"@type":"WebPage","@id":"https:\/\/wp-nl.poland.travel\/swietokrzyski-nationaal-park\/","url":"https:\/\/wp-nl.poland.travel\/swietokrzyski-nationaal-park\/","name":"\u015awi\u0119tokrzyski Nationaal Park - Polen Travel (NL)","isPartOf":{"@id":"https:\/\/wp-nl.poland.travel\/#website"},"primaryImageOfPage":{"@id":"https:\/\/wp-nl.poland.travel\/swietokrzyski-nationaal-park\/#primaryimage"},"image":{"@id":"https:\/\/wp-nl.poland.travel\/swietokrzyski-nationaal-park\/#primaryimage"},"thumbnailUrl":"https:\/\/www.polen.travel\/nl\/wp-content\/uploads\/sites\/23\/2023\/02\/swiety-krzyz.jpg","datePublished":"2025-04-03T18:06:35+00:00","dateModified":"2026-04-08T09:14:01+00:00","breadcrumb":{"@id":"https:\/\/wp-nl.poland.travel\/swietokrzyski-nationaal-park\/#breadcrumb"},"inLanguage":"pl-PL","potentialAction":[{"@type":"ReadAction","target":["https:\/\/wp-nl.poland.travel\/swietokrzyski-nationaal-park\/"]}]},{"@type":"ImageObject","inLanguage":"pl-PL","@id":"https:\/\/wp-nl.poland.travel\/swietokrzyski-nationaal-park\/#primaryimage","url":"https:\/\/www.polen.travel\/nl\/wp-content\/uploads\/sites\/23\/2023\/02\/swiety-krzyz.jpg","contentUrl":"https:\/\/www.polen.travel\/nl\/wp-content\/uploads\/sites\/23\/2023\/02\/swiety-krzyz.jpg","width":1920,"height":596,"caption":"\u015awi\u0119ty Krzy\u017c"},{"@type":"BreadcrumbList","@id":"https:\/\/wp-nl.poland.travel\/swietokrzyski-nationaal-park\/#breadcrumb","itemListElement":[{"@type":"ListItem","position":1,"name":"Home page","item":"https:\/\/www.polen.travel\/nl\/"},{"@type":"ListItem","position":2,"name":"Discover places","item":"https:\/\/wp-nl.poland.travel\/category\/discover-places\/"},{"@type":"ListItem","position":3,"name":"Nationale Parken","item":"https:\/\/wp-nl.poland.travel\/category\/discover-places\/nationale-parken\/"},{"@type":"ListItem","position":4,"name":"\u015awi\u0119tokrzyski Nationaal Park"}]},{"@type":"WebSite","@id":"https:\/\/wp-nl.poland.travel\/#website","url":"https:\/\/wp-nl.poland.travel\/","name":"Polen Travel (NL)","description":"...","publisher":{"@id":"https:\/\/wp-nl.poland.travel\/#organization"},"potentialAction":[{"@type":"SearchAction","target":{"@type":"EntryPoint","urlTemplate":"https:\/\/wp-nl.poland.travel\/?s={search_term_string}"},"query-input":{"@type":"PropertyValueSpecification","valueRequired":true,"valueName":"search_term_string"}}],"inLanguage":"pl-PL"},{"@type":"Organization","@id":"https:\/\/wp-nl.poland.travel\/#organization","name":"Polen Travel (NL)","url":"https:\/\/wp-nl.poland.travel\/","logo":{"@type":"ImageObject","inLanguage":"pl-PL","@id":"https:\/\/wp-nl.poland.travel\/#\/schema\/logo\/image\/","url":"https:\/\/en-en.polska.travel\/wp-content\/uploads\/sites\/23\/2022\/11\/logo.svg","contentUrl":"https:\/\/en-en.polska.travel\/wp-content\/uploads\/sites\/23\/2022\/11\/logo.svg","width":198,"height":96,"caption":"Polen Travel (NL)"},"image":{"@id":"https:\/\/wp-nl.poland.travel\/#\/schema\/logo\/image\/"}},{"@type":"Person","@id":"","url":"https:\/\/www.polen.travel\/nl\/author\/"}]}},"_links":{"self":[{"href":"https:\/\/www.polen.travel\/nl\/wp-json\/wp\/v2\/posts\/31924","targetHints":{"allow":["GET"]}}],"collection":[{"href":"https:\/\/www.polen.travel\/nl\/wp-json\/wp\/v2\/posts"}],"about":[{"href":"https:\/\/www.polen.travel\/nl\/wp-json\/wp\/v2\/types\/post"}],"author":[{"embeddable":true,"href":"https:\/\/www.polen.travel\/nl\/wp-json\/wp\/v2\/users\/1"}],"replies":[{"embeddable":true,"href":"https:\/\/www.polen.travel\/nl\/wp-json\/wp\/v2\/comments?post=31924"}],"version-history":[{"count":4,"href":"https:\/\/www.polen.travel\/nl\/wp-json\/wp\/v2\/posts\/31924\/revisions"}],"predecessor-version":[{"id":33841,"href":"https:\/\/www.polen.travel\/nl\/wp-json\/wp\/v2\/posts\/31924\/revisions\/33841"}],"wp:featuredmedia":[{"embeddable":true,"href":"https:\/\/www.polen.travel\/nl\/wp-json\/wp\/v2\/media\/19416"}],"wp:attachment":[{"href":"https:\/\/www.polen.travel\/nl\/wp-json\/wp\/v2\/media?parent=31924"}],"wp:term":[{"taxonomy":"category","embeddable":true,"href":"https:\/\/www.polen.travel\/nl\/wp-json\/wp\/v2\/categories?post=31924"}],"curies":[{"name":"wp","href":"https:\/\/api.w.org\/{rel}","templated":true}]}}