{"id":31911,"date":"2025-04-03T20:40:56","date_gmt":"2025-04-03T18:40:56","guid":{"rendered":"https:\/\/www.polen.travel\/nl\/?p=31911"},"modified":"2025-04-03T20:40:57","modified_gmt":"2025-04-03T18:40:57","slug":"pieninski-nationaal-park","status":"publish","type":"post","link":"https:\/\/www.polen.travel\/nl\/pieninski-nationaal-park\/","title":{"rendered":"Pieni\u0144ski Nationaal Park"},"content":{"rendered":"\n<div class=\"wp-block-group is-style-container\"><div class=\"wp-block-group__inner-container is-layout-constrained wp-block-group-is-layout-constrained\">\n<!-- empty -->\n\n\n<div class=\"metrics\">\n  <div class=\"metrics__text\">\n    <h1 class=\"is-style-heading-38 mb20 large-mb30\">Pieni\u0144ski Nationaal Park<\/h1>\n    <p><strong>Het Nationaal Park Pieniny ligt op de grens met Slovakije en beslaat het centrale deel de Pieniny met o.a. de bergtop Trzy Korony (982 m) en de schilderachtige Dunajec kloof. Deze park, opgericht in 1932 is het oudste en \u00e9\u00e9n van de kleinste nationale parken van Polen. Binnen zijn grenzen liggen de Pieniny Czorszty\u0144skie, het Trzy Korony-massief en de Pieninki. Deze bergen zijn voornamelijk samengesteld uit kalksteenrotsen en hun terrein is grotendeels bebost. Een van de onderscheidende elementen van dit park zijn de wateren die een groot \u00a0impact op de natuur en landschap hebben.<\/strong><\/p>\n  <\/div>\n  <div class=\"metrics__sidebar\">\n    <div class=\"metrics-box\">\n              <div class=\"metrics-box__title\">Basisinformatie<\/div>\n        <div class=\"metrics-box__values\">\n                                        <div class=\"metrics-box__item\">\n      <div class=\"metrics-box__label\">Oppervlakte:<\/div>\n      <div class=\"metrics-box__value\">2 346 ha<\/div>\n    <\/div>\n                                <div class=\"metrics-box__item\">\n      <div class=\"metrics-box__label\">Jaar toegevoegd:<\/div>\n      <div class=\"metrics-box__value\">1.06.1932<\/div>\n    <\/div>\n                                <div class=\"metrics-box__item\">\n      <div class=\"metrics-box__label\">Parksymbool:<\/div>\n      <div class=\"metrics-box__value\">Dunajec Kloof<\/div>\n    <\/div>\n                                <\/div>\n                    <div class=\"metrics-box__links\">\n                      <a href=\"https:\/\/piepn.gov.pl\/english-version\" class=\"metrics-box__link external\"\n                                  target=\"_blank\" rel=\"nofollow noopener noreferrer\"\n                            >www<\/a>\n                  <\/div>\n          <\/div>\n  <\/div>\n<\/div>\n<\/div><\/div>\n\n\n\n<div class=\"wp-block-group is-style-container-medium\"><div class=\"wp-block-group__inner-container is-layout-constrained wp-block-group-is-layout-constrained\">\n<p>Gemengde beuken- en sparrenbossen zijn overheersend in het gebied. Kale hellingen en richels zijn bedekt met kleine dennenbossen.<\/p>\n\n\n\n<p>In het park zijn er meer dan duizend soorten vaatplanten, waaronder endemische soorten, die nergens anders voorkomen, zoals de Pieniny-paardenbloem en de Pieniny-muurbloem. Er zijn hier ook veel diersoorten. Men ontmoet hier onder andere lynxen, ree\u00ebn, herten, maar ook 17 soorten vleermuizen. Avifauna wordt vertegenwoordigd door slechtvalken, steenarenden, auerhoen en kwartelkoningen.&nbsp;In het bijzonder&nbsp;onder de vogels onderscheidt zich de pomurnik &#8211; rotskruiper. &nbsp;De trots van het park zijn vlinders, waaronder de Apollo-vlinder, een soort die alleen in het Pieniny-gebied voorkomt en nog zeldzamere zwaluwstaartvlinder<\/p>\n<\/div><\/div>\n\n\n\n<div style=\"height:100px\" aria-hidden=\"true\" class=\"wp-block-spacer is-style-spacer-small\"><\/div>\n\n\n\n<div class=\"wp-block-group is-style-container\"><div class=\"wp-block-group__inner-container is-layout-constrained wp-block-group-is-layout-constrained\">  <div class=\"gallery-tiles gallery-tiles--rows-2-3 lightgallery\">\r\n          <a href=\"https:\/\/www.polen.travel\/nl\/wp-content\/uploads\/sites\/23\/2023\/07\/pieniny_splyw_dunajcem_1170.jpg\" class=\"gallery-tiles__item\" data-src=\"https:\/\/www.polen.travel\/nl\/wp-content\/uploads\/sites\/23\/2023\/07\/pieniny_splyw_dunajcem_1170.jpg\"\r\n        aria-label=\"Otw\u00f3rz powi\u0119kszone zdj\u0119cie: Nad Dunajcem w Pieninach.\">\r\n        <img loading=\"lazy\" decoding=\"async\" width=\"1170\" height=\"780\" src=\"https:\/\/www.polen.travel\/nl\/wp-content\/uploads\/sites\/23\/2023\/07\/pieniny_splyw_dunajcem_1170.jpg\" class=\"gallery-tiles__thumb\" alt=\"\" srcset=\"https:\/\/www.polen.travel\/nl\/wp-content\/uploads\/sites\/23\/2023\/07\/pieniny_splyw_dunajcem_1170.jpg 1170w, https:\/\/www.polen.travel\/nl\/wp-content\/uploads\/sites\/23\/2023\/07\/pieniny_splyw_dunajcem_1170-600x400.jpg 600w, https:\/\/www.polen.travel\/nl\/wp-content\/uploads\/sites\/23\/2023\/07\/pieniny_splyw_dunajcem_1170-768x512.jpg 768w\" sizes=\"auto, (max-width: 1170px) 100vw, 1170px\" \/>      <\/a>\r\n          <a href=\"https:\/\/www.polen.travel\/nl\/wp-content\/uploads\/sites\/23\/2023\/07\/splyw_dunajcem_pieninski_park_narodowy_1170.jpg\" class=\"gallery-tiles__item\" data-src=\"https:\/\/www.polen.travel\/nl\/wp-content\/uploads\/sites\/23\/2023\/07\/splyw_dunajcem_pieninski_park_narodowy_1170.jpg\"\r\n        aria-label=\"Otw\u00f3rz powi\u0119kszone zdj\u0119cie: sp\u0142ywy tratw\u0105 na Dunajcu w Pieninach\">\r\n        <img loading=\"lazy\" decoding=\"async\" width=\"1170\" height=\"780\" src=\"https:\/\/www.polen.travel\/nl\/wp-content\/uploads\/sites\/23\/2023\/07\/splyw_dunajcem_pieninski_park_narodowy_1170.jpg\" class=\"gallery-tiles__thumb\" alt=\"\" srcset=\"https:\/\/www.polen.travel\/nl\/wp-content\/uploads\/sites\/23\/2023\/07\/splyw_dunajcem_pieninski_park_narodowy_1170.jpg 1170w, https:\/\/www.polen.travel\/nl\/wp-content\/uploads\/sites\/23\/2023\/07\/splyw_dunajcem_pieninski_park_narodowy_1170-600x400.jpg 600w, https:\/\/www.polen.travel\/nl\/wp-content\/uploads\/sites\/23\/2023\/07\/splyw_dunajcem_pieninski_park_narodowy_1170-768x512.jpg 768w\" sizes=\"auto, (max-width: 1170px) 100vw, 1170px\" \/>      <\/a>\r\n          <a href=\"https:\/\/www.polen.travel\/nl\/wp-content\/uploads\/sites\/23\/2022\/12\/Splyw-Pieniny-06192017_IMG_1777.jpg\" class=\"gallery-tiles__item\" data-src=\"https:\/\/www.polen.travel\/nl\/wp-content\/uploads\/sites\/23\/2022\/12\/Splyw-Pieniny-06192017_IMG_1777.jpg\"\r\n        aria-label=\"Otw\u00f3rz powi\u0119kszone zdj\u0119cie: Sp\u0142yw Pieniny 06192017_IMG_1777\">\r\n        <img loading=\"lazy\" decoding=\"async\" width=\"1170\" height=\"780\" src=\"https:\/\/www.polen.travel\/nl\/wp-content\/uploads\/sites\/23\/2022\/12\/Splyw-Pieniny-06192017_IMG_1777.jpg\" class=\"gallery-tiles__thumb\" alt=\"\" srcset=\"https:\/\/www.polen.travel\/nl\/wp-content\/uploads\/sites\/23\/2022\/12\/Splyw-Pieniny-06192017_IMG_1777.jpg 1170w, https:\/\/www.polen.travel\/nl\/wp-content\/uploads\/sites\/23\/2022\/12\/Splyw-Pieniny-06192017_IMG_1777-600x400.jpg 600w, https:\/\/www.polen.travel\/nl\/wp-content\/uploads\/sites\/23\/2022\/12\/Splyw-Pieniny-06192017_IMG_1777-768x512.jpg 768w\" sizes=\"auto, (max-width: 1170px) 100vw, 1170px\" \/>      <\/a>\r\n          <a href=\"https:\/\/www.polen.travel\/nl\/wp-content\/uploads\/sites\/23\/2022\/12\/PIENINY_PN-1.jpg\" class=\"gallery-tiles__item\" data-src=\"https:\/\/www.polen.travel\/nl\/wp-content\/uploads\/sites\/23\/2022\/12\/PIENINY_PN-1.jpg\"\r\n        aria-label=\"Otw\u00f3rz powi\u0119kszone zdj\u0119cie: Nad Dunajcem w Pieninach.\">\r\n        <img loading=\"lazy\" decoding=\"async\" width=\"1170\" height=\"782\" src=\"https:\/\/www.polen.travel\/nl\/wp-content\/uploads\/sites\/23\/2022\/12\/PIENINY_PN-1.jpg\" class=\"gallery-tiles__thumb\" alt=\"\" srcset=\"https:\/\/www.polen.travel\/nl\/wp-content\/uploads\/sites\/23\/2022\/12\/PIENINY_PN-1.jpg 1170w, https:\/\/www.polen.travel\/nl\/wp-content\/uploads\/sites\/23\/2022\/12\/PIENINY_PN-1-600x401.jpg 600w, https:\/\/www.polen.travel\/nl\/wp-content\/uploads\/sites\/23\/2022\/12\/PIENINY_PN-1-768x513.jpg 768w\" sizes=\"auto, (max-width: 1170px) 100vw, 1170px\" \/>      <\/a>\r\n          <a href=\"https:\/\/www.polen.travel\/nl\/wp-content\/uploads\/sites\/23\/2022\/12\/Splyw-Pieniny-0W1A4800.jpg\" class=\"gallery-tiles__item\" data-src=\"https:\/\/www.polen.travel\/nl\/wp-content\/uploads\/sites\/23\/2022\/12\/Splyw-Pieniny-0W1A4800.jpg\"\r\n        aria-label=\"Otw\u00f3rz powi\u0119kszone zdj\u0119cie: Sp\u0142yw Pieniny 0W1A4800\">\r\n        <img loading=\"lazy\" decoding=\"async\" width=\"1170\" height=\"780\" src=\"https:\/\/www.polen.travel\/nl\/wp-content\/uploads\/sites\/23\/2022\/12\/Splyw-Pieniny-0W1A4800.jpg\" class=\"gallery-tiles__thumb\" alt=\"\" srcset=\"https:\/\/www.polen.travel\/nl\/wp-content\/uploads\/sites\/23\/2022\/12\/Splyw-Pieniny-0W1A4800.jpg 1170w, https:\/\/www.polen.travel\/nl\/wp-content\/uploads\/sites\/23\/2022\/12\/Splyw-Pieniny-0W1A4800-600x400.jpg 600w, https:\/\/www.polen.travel\/nl\/wp-content\/uploads\/sites\/23\/2022\/12\/Splyw-Pieniny-0W1A4800-768x512.jpg 768w\" sizes=\"auto, (max-width: 1170px) 100vw, 1170px\" \/>      <\/a>\r\n      <\/div>\r\n<\/div><\/div>\n\n\n\n<div style=\"height:100px\" aria-hidden=\"true\" class=\"wp-block-spacer is-style-spacer-small\"><\/div>\n\n\n\n<div class=\"wp-block-group is-style-container-medium\"><div class=\"wp-block-group__inner-container is-layout-constrained wp-block-group-is-layout-constrained\">\n<p>De grootste toeristische attractie van het Pieniny National Park is het raften door de Dunajec-kloof. Tijdens de traditionele vlottochten over de Dunajec-rivier kunnen bezoekers de pittoreske rotsen en toppen, steile rotswanden en honderden meters hoge afgronden bewonderen die naar de rivier vallen.<\/p>\n\n\n\n<p>Voor de wandelaars en fietsers zijn hier veel zeer interessante routes die door deze bijzondere natuurlandschap leiden. <\/p>\n<\/div><\/div>\n\n\n\n<div class=\"wp-block-group\"><div class=\"wp-block-group__inner-container is-layout-constrained wp-block-group-is-layout-constrained\">\n<div style=\"height:100px\" aria-hidden=\"true\" class=\"wp-block-spacer is-style-spacer-small\"><\/div>\n\n\n\n<div class=\"wp-block-group has-background\" style=\"background-color:#eeeeee\"><div class=\"wp-block-group__inner-container is-layout-constrained wp-block-group-is-layout-constrained\">\n<div style=\"height:100px\" aria-hidden=\"true\" class=\"wp-block-spacer is-style-spacer-small\"><\/div>\n\n\n\n<div class=\"wp-block-group is-style-container\"><div class=\"wp-block-group__inner-container is-layout-constrained wp-block-group-is-layout-constrained\">\n<h3 class=\"wp-block-heading\">Meer weten:<\/h3>\n\n\n\n<div style=\"height:33px\" aria-hidden=\"true\" class=\"wp-block-spacer is-style-spacer-small\"><\/div>\n\n\n<div class=\"overflow\">\n  <div class=\"post-slider swiper post-slider--small\" data-schema=\"small\">\n\n    <div class=\"swiper-wrapper\">\n              <div class=\"swiper-slide post-slide\">\n                      <a href=\"https:\/\/www.polen.travel\/nl\/babiogorski-nationaal-park\/\" class=\"post-box post-box--small\" style=\" background-image: url(https:\/\/www.polen.travel\/nl\/wp-content\/uploads\/sites\/23\/2023\/02\/Babia-Gora-National-Park-photo-Marcin-Trybala-600x400.jpg);\">\n          <div class=\"post-box__hover\" style=\"background-image: url(https:\/\/www.polen.travel\/nl\/wp-content\/uploads\/sites\/23\/2023\/02\/eve_1583316509_1-autor-foto-rafal-solinski-male-600x400.jpg);\"><\/div>\n        <div class=\"post-box__info\">\n            <div class=\"post-box__title\">Babiog\u00f3rski Nationaal Park<\/div>\n      <div class=\"post-box__more\">Lees meer <\/div>\n    <\/div>\n  <\/a>\n\n          <\/div>\n              <div class=\"swiper-slide post-slide\">\n                      <a href=\"https:\/\/www.polen.travel\/nl\/bialowieski-nationaal-park\/\" class=\"post-box post-box--small\" style=\" background-image: url(https:\/\/www.polen.travel\/nl\/wp-content\/uploads\/sites\/23\/2023\/02\/zubr-bialowieza-600x399.webp);\">\n          <div class=\"post-box__hover\" style=\"background-image: url(https:\/\/www.polen.travel\/nl\/wp-content\/uploads\/sites\/23\/2023\/07\/bialowiezaforest-600x400.jpg);\"><\/div>\n        <div class=\"post-box__info\">\n            <div class=\"post-box__title\">Bia\u0142owieski Nationaal Park<\/div>\n      <div class=\"post-box__more\">Lees meer <\/div>\n    <\/div>\n  <\/a>\n\n          <\/div>\n              <div class=\"swiper-slide post-slide\">\n                      <a href=\"https:\/\/www.polen.travel\/nl\/biebrzanski-nationaal-park\/\" class=\"post-box post-box--small\" style=\" background-image: url(https:\/\/www.polen.travel\/nl\/wp-content\/uploads\/sites\/23\/2022\/12\/biebrzanski_pn_tratwa_1170-600x400.jpg);\">\n          <div class=\"post-box__hover\" style=\"background-image: url(https:\/\/www.polen.travel\/nl\/wp-content\/uploads\/sites\/23\/2022\/12\/biebrza_rozlewiska_1170-600x400.jpg);\"><\/div>\n        <div class=\"post-box__info\">\n            <div class=\"post-box__title\">Biebrza\u0144ski Nationaal Park<\/div>\n      <div class=\"post-box__more\">Lees meer <\/div>\n    <\/div>\n  <\/a>\n\n          <\/div>\n              <div class=\"swiper-slide post-slide\">\n                      <a href=\"https:\/\/www.polen.travel\/nl\/bieszczadzki-nationaal-park\/\" class=\"post-box post-box--small\" style=\" background-image: url(https:\/\/www.polen.travel\/nl\/wp-content\/uploads\/sites\/23\/2023\/07\/rys_1170-600x400.jpg);\">\n          <div class=\"post-box__hover\" style=\"background-image: url(https:\/\/www.polen.travel\/nl\/wp-content\/uploads\/sites\/23\/2023\/07\/rys201-600x336.jpg);\"><\/div>\n        <div class=\"post-box__info\">\n            <div class=\"post-box__title\">Bieszczadzki Nationaal Park<\/div>\n      <div class=\"post-box__more\">Lees meer <\/div>\n    <\/div>\n  <\/a>\n\n          <\/div>\n              <div class=\"swiper-slide post-slide\">\n                      <a href=\"https:\/\/www.polen.travel\/nl\/bory-tucholskie-nationaal-park\/\" class=\"post-box post-box--small\" style=\" background-image: url(https:\/\/www.polen.travel\/nl\/wp-content\/uploads\/sites\/23\/2023\/03\/9_Fotolia_EDEN_Bory_Tucholskie_HR-xl-600x400.jpg);\">\n          <div class=\"post-box__hover\" style=\"background-image: url(https:\/\/www.polen.travel\/nl\/wp-content\/uploads\/sites\/23\/2022\/12\/pn_bory_tucholskie_540.jpg);\"><\/div>\n        <div class=\"post-box__info\">\n            <div class=\"post-box__title\">Bory Tucholskie Nationaal Park<\/div>\n      <div class=\"post-box__more\">Lees meer <\/div>\n    <\/div>\n  <\/a>\n\n          <\/div>\n              <div class=\"swiper-slide post-slide\">\n                      <a href=\"https:\/\/www.polen.travel\/nl\/drawienski-nationaal-park\/\" class=\"post-box post-box--small\" style=\" background-image: url(https:\/\/www.polen.travel\/nl\/wp-content\/uploads\/sites\/23\/2023\/02\/Drawienski-PN-6-600x400.jpg);\">\n          <div class=\"post-box__hover\" style=\"background-image: url(https:\/\/www.polen.travel\/nl\/wp-content\/uploads\/sites\/23\/2023\/02\/Drawienski-PN-4-600x399.jpg);\"><\/div>\n        <div class=\"post-box__info\">\n            <div class=\"post-box__title\">Drawie\u0144ski Nationaal Park<\/div>\n      <div class=\"post-box__more\">Lees meer <\/div>\n    <\/div>\n  <\/a>\n\n          <\/div>\n              <div class=\"swiper-slide post-slide\">\n                      <a href=\"https:\/\/www.polen.travel\/nl\/gorce-nationaal-park\/\" class=\"post-box post-box--small\" style=\" background-image: url(https:\/\/www.polen.travel\/nl\/wp-content\/uploads\/sites\/23\/2023\/02\/Gorce-04142018_0W1A1842-600x400.jpg);\">\n          <div class=\"post-box__hover\" style=\"background-image: url(https:\/\/www.polen.travel\/nl\/wp-content\/uploads\/sites\/23\/2023\/02\/5400_Gorce_KK_P-600x400.jpg);\"><\/div>\n        <div class=\"post-box__info\">\n            <div class=\"post-box__title\">Gorce Nationaal Park<\/div>\n      <div class=\"post-box__more\">Lees meer <\/div>\n    <\/div>\n  <\/a>\n\n          <\/div>\n              <div class=\"swiper-slide post-slide\">\n                      <a href=\"https:\/\/www.polen.travel\/nl\/gory-stolowe-nationaal-park\/\" class=\"post-box post-box--small\" style=\" background-image: url(https:\/\/www.polen.travel\/nl\/wp-content\/uploads\/sites\/23\/2023\/02\/Szczeliniec-Wielki_Stolowe-gory-600x388.jpeg);\">\n          <div class=\"post-box__hover\" style=\"background-image: url(https:\/\/www.polen.travel\/nl\/wp-content\/uploads\/sites\/23\/2023\/02\/2310_Gory-Stolowe_MC_P-600x400.jpg);\"><\/div>\n        <div class=\"post-box__info\">\n            <div class=\"post-box__title\">G\u00f3ry Sto\u0142owe Nationaal Park<\/div>\n      <div class=\"post-box__more\">Lees meer <\/div>\n    <\/div>\n  <\/a>\n\n          <\/div>\n              <div class=\"swiper-slide post-slide\">\n                      <a href=\"https:\/\/www.polen.travel\/nl\/wolinski-nationaal-park\/\" class=\"post-box post-box--small\" style=\" background-image: url(https:\/\/www.polen.travel\/nl\/wp-content\/uploads\/sites\/23\/2023\/07\/Golden5-600x400.jpg);\">\n          <div class=\"post-box__hover\" style=\"background-image: url(https:\/\/www.polen.travel\/nl\/wp-content\/uploads\/sites\/23\/2023\/02\/1537_HROT-EUROVELO13-Wolinski-HRN_HR-600x400.jpg);\"><\/div>\n        <div class=\"post-box__info\">\n            <div class=\"post-box__title\">Woli\u0144ski Nationaal Park<\/div>\n      <div class=\"post-box__more\">Lees meer <\/div>\n    <\/div>\n  <\/a>\n\n          <\/div>\n              <div class=\"swiper-slide post-slide\">\n                      <a href=\"https:\/\/www.polen.travel\/nl\/kampinoski-nationaal-park\/\" class=\"post-box post-box--small\" style=\" background-image: url(https:\/\/www.polen.travel\/nl\/wp-content\/uploads\/sites\/23\/2023\/07\/Kampinos-forest-600x400.jpg);\">\n          <div class=\"post-box__hover\" style=\"background-image: url(https:\/\/www.polen.travel\/nl\/wp-content\/uploads\/sites\/23\/2023\/07\/kampinoski_pn_slonce_w_lesie_1170-1-600x400.jpg);\"><\/div>\n        <div class=\"post-box__info\">\n            <div class=\"post-box__title\">Kampinoski Nationaal Park<\/div>\n      <div class=\"post-box__more\">Lees meer <\/div>\n    <\/div>\n  <\/a>\n\n          <\/div>\n              <div class=\"swiper-slide post-slide\">\n                      <a href=\"https:\/\/www.polen.travel\/nl\/karkonoski-nationaal-park\/\" class=\"post-box post-box--small\" style=\" background-image: url(https:\/\/www.polen.travel\/nl\/wp-content\/uploads\/sites\/23\/2022\/12\/sniezka_1170-600x400.jpg);\">\n          <div class=\"post-box__hover\" style=\"background-image: url(https:\/\/www.polen.travel\/nl\/wp-content\/uploads\/sites\/23\/2024\/12\/wodospad-Kamienczyk-600x399.jpg);\"><\/div>\n        <div class=\"post-box__info\">\n            <div class=\"post-box__title\">Karkonoski Nationaal Park<\/div>\n      <div class=\"post-box__more\">Lees meer <\/div>\n    <\/div>\n  <\/a>\n\n          <\/div>\n              <div class=\"swiper-slide post-slide\">\n                      <a href=\"https:\/\/www.polen.travel\/nl\/wigierski-nationaal-park\/\" class=\"post-box post-box--small\" style=\" background-image: url(https:\/\/www.polen.travel\/nl\/wp-content\/uploads\/sites\/23\/2022\/12\/wigierski_pn_klasztor_1170-600x400.jpg);\">\n          <div class=\"post-box__hover\" style=\"background-image: url(https:\/\/www.polen.travel\/nl\/wp-content\/uploads\/sites\/23\/2023\/02\/perkoz_Wigry_wigierski-PN-600x400.jpeg);\"><\/div>\n        <div class=\"post-box__info\">\n            <div class=\"post-box__title\">Wigierski Nationaal Park<\/div>\n      <div class=\"post-box__more\">Lees meer <\/div>\n    <\/div>\n  <\/a>\n\n          <\/div>\n              <div class=\"swiper-slide post-slide\">\n                      <a href=\"https:\/\/www.polen.travel\/nl\/magurski-nationaal-park\/\" class=\"post-box post-box--small\" style=\" background-image: url(https:\/\/www.polen.travel\/nl\/wp-content\/uploads\/sites\/23\/2023\/03\/Magurski_Park_Narodowy-600x400.jpg);\">\n          <div class=\"post-box__hover\" style=\"background-image: url(https:\/\/www.polen.travel\/nl\/wp-content\/uploads\/sites\/23\/2022\/12\/magurski_pn_540-1.jpg);\"><\/div>\n        <div class=\"post-box__info\">\n            <div class=\"post-box__title\">Magurski Nationaal Park<\/div>\n      <div class=\"post-box__more\">Lees meer <\/div>\n    <\/div>\n  <\/a>\n\n          <\/div>\n              <div class=\"swiper-slide post-slide\">\n                      <a href=\"https:\/\/www.polen.travel\/nl\/wielkopolski-nationaal-park\/\" class=\"post-box post-box--small\" style=\" background-image: url(https:\/\/www.polen.travel\/nl\/wp-content\/uploads\/sites\/23\/2022\/12\/WielkopolskiPN_ok-1-600x400.jpg);\">\n          <div class=\"post-box__hover\" style=\"background-image: url(https:\/\/www.polen.travel\/nl\/wp-content\/uploads\/sites\/23\/2023\/02\/IMG_2406-Wlkp-Park-Narodowy_Wielkopolskie-600x400.jpg);\"><\/div>\n        <div class=\"post-box__info\">\n            <div class=\"post-box__title\">Wielkopolski Nationaal Park<\/div>\n      <div class=\"post-box__more\">Lees meer <\/div>\n    <\/div>\n  <\/a>\n\n          <\/div>\n              <div class=\"swiper-slide post-slide\">\n                      <a href=\"https:\/\/www.polen.travel\/nl\/narwianski-nationaal-park\/\" class=\"post-box post-box--small\" style=\" background-image: url(https:\/\/www.polen.travel\/nl\/wp-content\/uploads\/sites\/23\/2022\/12\/kladka_sliwno-waniewo_npn_1170-600x400.jpg);\">\n          <div class=\"post-box__hover\" style=\"background-image: url(https:\/\/www.polen.travel\/nl\/wp-content\/uploads\/sites\/23\/2023\/02\/foto-1_narwianski-600x600.jpg);\"><\/div>\n        <div class=\"post-box__info\">\n            <div class=\"post-box__title\">Narwia\u0144ski Nationaal Park<\/div>\n      <div class=\"post-box__more\">Lees meer <\/div>\n    <\/div>\n  <\/a>\n\n          <\/div>\n              <div class=\"swiper-slide post-slide\">\n                      <a href=\"https:\/\/www.polen.travel\/nl\/ojcowski-nationaal-park\/\" class=\"post-box post-box--small\" style=\" background-image: url(https:\/\/www.polen.travel\/nl\/wp-content\/uploads\/sites\/23\/2023\/02\/255_Ojcowski-Park-Narodowy-i-Zamek-w-Pieskowej-Skale_MC_P-400x600.jpg);\">\n          <div class=\"post-box__hover\" style=\"background-image: url(https:\/\/www.polen.travel\/nl\/wp-content\/uploads\/sites\/23\/2023\/02\/Ojcowski_PN_1170-600x397.jpg);\"><\/div>\n        <div class=\"post-box__info\">\n            <div class=\"post-box__title\">Ojcowski Nationaal Park<\/div>\n      <div class=\"post-box__more\">Lees meer <\/div>\n    <\/div>\n  <\/a>\n\n          <\/div>\n          <\/div>\n    <div class=\"post-slider__pagination\"><\/div>\n  <\/div>\n<\/div>\n<\/div><\/div>\n\n\n\n<div style=\"height:100px\" aria-hidden=\"true\" class=\"wp-block-spacer is-style-spacer-small\"><\/div>\n<\/div><\/div>\n<\/div><\/div>\n","protected":false},"excerpt":{"rendered":"<p>Gemengde beuken- en sparrenbossen zijn overheersend in het gebied. Kale hellingen en richels zijn bedekt met kleine dennenbossen. In het park zijn er meer dan duizend soorten vaatplanten, waaronder endemische soorten, die nergens anders voorkomen, zoals de Pieniny-paardenbloem en de Pieniny-muurbloem. Er zijn hier ook veel diersoorten. Men ontmoet hier onder andere lynxen, ree\u00ebn, herten, [&hellip;]<\/p>\n","protected":false},"author":1,"featured_media":21198,"comment_status":"open","ping_status":"open","sticky":false,"template":"","format":"standard","meta":{"_acf_changed":false,"footnotes":""},"categories":[1040],"class_list":["post-31911","post","type-post","status-publish","format-standard","has-post-thumbnail","hentry","category-nationale-parken"],"acf":[],"yoast_head":"<!-- This site is optimized with the Yoast SEO plugin v27.4 - https:\/\/yoast.com\/product\/yoast-seo-wordpress\/ -->\n<title>Pieni\u0144ski Nationaal Park - Polen Travel (NL)<\/title>\n<meta name=\"robots\" content=\"index, follow, max-snippet:-1, max-image-preview:large, max-video-preview:-1\" \/>\n<link rel=\"canonical\" href=\"https:\/\/wp-nl.poland.travel\/pieninski-nationaal-park\/\" \/>\n<meta property=\"og:locale\" content=\"pl_PL\" \/>\n<meta property=\"og:type\" content=\"article\" \/>\n<meta property=\"og:title\" content=\"Pieni\u0144ski Nationaal Park - Polen Travel (NL)\" \/>\n<meta property=\"og:description\" content=\"Gemengde beuken- en sparrenbossen zijn overheersend in het gebied. Kale hellingen en richels zijn bedekt met kleine dennenbossen. In het park zijn er meer dan duizend soorten vaatplanten, waaronder endemische soorten, die nergens anders voorkomen, zoals de Pieniny-paardenbloem en de Pieniny-muurbloem. Er zijn hier ook veel diersoorten. Men ontmoet hier onder andere lynxen, ree\u00ebn, herten, [&hellip;]\" \/>\n<meta property=\"og:url\" content=\"https:\/\/wp-nl.poland.travel\/pieninski-nationaal-park\/\" \/>\n<meta property=\"og:site_name\" content=\"Polen Travel (NL)\" \/>\n<meta property=\"article:published_time\" content=\"2025-04-03T18:40:56+00:00\" \/>\n<meta property=\"article:modified_time\" content=\"2025-04-03T18:40:57+00:00\" \/>\n<meta property=\"og:image\" content=\"https:\/\/wp-nl.poland.travel\/wp-content\/uploads\/sites\/23\/2022\/12\/PIENINY-MOUNTAINS-1920.jpg\" \/>\n\t<meta property=\"og:image:width\" content=\"1920\" \/>\n\t<meta property=\"og:image:height\" content=\"412\" \/>\n\t<meta property=\"og:image:type\" content=\"image\/jpeg\" \/>\n<meta name=\"twitter:card\" content=\"summary_large_image\" \/>\n<meta name=\"twitter:label1\" content=\"Napisane przez\" \/>\n\t<meta name=\"twitter:data1\" content=\"\" \/>\n\t<meta name=\"twitter:label2\" content=\"Szacowany czas czytania\" \/>\n\t<meta name=\"twitter:data2\" content=\"2 minuty\" \/>\n<script type=\"application\/ld+json\" class=\"yoast-schema-graph\">{\"@context\":\"https:\\\/\\\/schema.org\",\"@graph\":[{\"@type\":\"Article\",\"@id\":\"https:\\\/\\\/wp-nl.poland.travel\\\/pieninski-nationaal-park\\\/#article\",\"isPartOf\":{\"@id\":\"https:\\\/\\\/wp-nl.poland.travel\\\/pieninski-nationaal-park\\\/\"},\"author\":{\"name\":\"\",\"@id\":\"\"},\"headline\":\"Pieni\u0144ski Nationaal Park\",\"datePublished\":\"2025-04-03T18:40:56+00:00\",\"dateModified\":\"2025-04-03T18:40:57+00:00\",\"mainEntityOfPage\":{\"@id\":\"https:\\\/\\\/wp-nl.poland.travel\\\/pieninski-nationaal-park\\\/\"},\"wordCount\":171,\"commentCount\":0,\"publisher\":{\"@id\":\"https:\\\/\\\/wp-nl.poland.travel\\\/#organization\"},\"image\":{\"@id\":\"https:\\\/\\\/wp-nl.poland.travel\\\/pieninski-nationaal-park\\\/#primaryimage\"},\"thumbnailUrl\":\"https:\\\/\\\/www.polen.travel\\\/nl\\\/wp-content\\\/uploads\\\/sites\\\/23\\\/2022\\\/12\\\/PIENINY-MOUNTAINS-1920.jpg\",\"keywords\":[\"bezoeken\",\"natuur\",\"nationale-parken\"],\"articleSection\":[\"Nationale Parken\"],\"inLanguage\":\"pl-PL\"},{\"@type\":\"WebPage\",\"@id\":\"https:\\\/\\\/wp-nl.poland.travel\\\/pieninski-nationaal-park\\\/\",\"url\":\"https:\\\/\\\/wp-nl.poland.travel\\\/pieninski-nationaal-park\\\/\",\"name\":\"Pieni\u0144ski Nationaal Park - Polen Travel (NL)\",\"isPartOf\":{\"@id\":\"https:\\\/\\\/wp-nl.poland.travel\\\/#website\"},\"primaryImageOfPage\":{\"@id\":\"https:\\\/\\\/wp-nl.poland.travel\\\/pieninski-nationaal-park\\\/#primaryimage\"},\"image\":{\"@id\":\"https:\\\/\\\/wp-nl.poland.travel\\\/pieninski-nationaal-park\\\/#primaryimage\"},\"thumbnailUrl\":\"https:\\\/\\\/www.polen.travel\\\/nl\\\/wp-content\\\/uploads\\\/sites\\\/23\\\/2022\\\/12\\\/PIENINY-MOUNTAINS-1920.jpg\",\"datePublished\":\"2025-04-03T18:40:56+00:00\",\"dateModified\":\"2025-04-03T18:40:57+00:00\",\"breadcrumb\":{\"@id\":\"https:\\\/\\\/wp-nl.poland.travel\\\/pieninski-nationaal-park\\\/#breadcrumb\"},\"inLanguage\":\"pl-PL\",\"potentialAction\":[{\"@type\":\"ReadAction\",\"target\":[\"https:\\\/\\\/wp-nl.poland.travel\\\/pieninski-nationaal-park\\\/\"]}]},{\"@type\":\"ImageObject\",\"inLanguage\":\"pl-PL\",\"@id\":\"https:\\\/\\\/wp-nl.poland.travel\\\/pieninski-nationaal-park\\\/#primaryimage\",\"url\":\"https:\\\/\\\/www.polen.travel\\\/nl\\\/wp-content\\\/uploads\\\/sites\\\/23\\\/2022\\\/12\\\/PIENINY-MOUNTAINS-1920.jpg\",\"contentUrl\":\"https:\\\/\\\/www.polen.travel\\\/nl\\\/wp-content\\\/uploads\\\/sites\\\/23\\\/2022\\\/12\\\/PIENINY-MOUNTAINS-1920.jpg\",\"width\":1920,\"height\":412,\"caption\":\"Prze\u0142om Dunajca w Pieninach.\"},{\"@type\":\"BreadcrumbList\",\"@id\":\"https:\\\/\\\/wp-nl.poland.travel\\\/pieninski-nationaal-park\\\/#breadcrumb\",\"itemListElement\":[{\"@type\":\"ListItem\",\"position\":1,\"name\":\"Home page\",\"item\":\"https:\\\/\\\/www.polen.travel\\\/nl\\\/\"},{\"@type\":\"ListItem\",\"position\":2,\"name\":\"Discover places\",\"item\":\"https:\\\/\\\/wp-nl.poland.travel\\\/category\\\/discover-places\\\/\"},{\"@type\":\"ListItem\",\"position\":3,\"name\":\"Nationale Parken\",\"item\":\"https:\\\/\\\/wp-nl.poland.travel\\\/category\\\/discover-places\\\/nationale-parken\\\/\"},{\"@type\":\"ListItem\",\"position\":4,\"name\":\"Pieni\u0144ski Nationaal Park\"}]},{\"@type\":\"WebSite\",\"@id\":\"https:\\\/\\\/wp-nl.poland.travel\\\/#website\",\"url\":\"https:\\\/\\\/wp-nl.poland.travel\\\/\",\"name\":\"Polen Travel (NL)\",\"description\":\"...\",\"publisher\":{\"@id\":\"https:\\\/\\\/wp-nl.poland.travel\\\/#organization\"},\"potentialAction\":[{\"@type\":\"SearchAction\",\"target\":{\"@type\":\"EntryPoint\",\"urlTemplate\":\"https:\\\/\\\/wp-nl.poland.travel\\\/?s={search_term_string}\"},\"query-input\":{\"@type\":\"PropertyValueSpecification\",\"valueRequired\":true,\"valueName\":\"search_term_string\"}}],\"inLanguage\":\"pl-PL\"},{\"@type\":\"Organization\",\"@id\":\"https:\\\/\\\/wp-nl.poland.travel\\\/#organization\",\"name\":\"Polen Travel (NL)\",\"url\":\"https:\\\/\\\/wp-nl.poland.travel\\\/\",\"logo\":{\"@type\":\"ImageObject\",\"inLanguage\":\"pl-PL\",\"@id\":\"https:\\\/\\\/wp-nl.poland.travel\\\/#\\\/schema\\\/logo\\\/image\\\/\",\"url\":\"https:\\\/\\\/en-en.polska.travel\\\/wp-content\\\/uploads\\\/sites\\\/23\\\/2022\\\/11\\\/logo.svg\",\"contentUrl\":\"https:\\\/\\\/en-en.polska.travel\\\/wp-content\\\/uploads\\\/sites\\\/23\\\/2022\\\/11\\\/logo.svg\",\"width\":198,\"height\":96,\"caption\":\"Polen Travel (NL)\"},\"image\":{\"@id\":\"https:\\\/\\\/wp-nl.poland.travel\\\/#\\\/schema\\\/logo\\\/image\\\/\"}},{\"@type\":\"Person\",\"@id\":\"\",\"url\":\"https:\\\/\\\/www.polen.travel\\\/nl\\\/author\\\/\"}]}<\/script>\n<!-- \/ Yoast SEO plugin. -->","yoast_head_json":{"title":"Pieni\u0144ski Nationaal Park - Polen Travel (NL)","robots":{"index":"index","follow":"follow","max-snippet":"max-snippet:-1","max-image-preview":"max-image-preview:large","max-video-preview":"max-video-preview:-1"},"canonical":"https:\/\/wp-nl.poland.travel\/pieninski-nationaal-park\/","og_locale":"pl_PL","og_type":"article","og_title":"Pieni\u0144ski Nationaal Park - Polen Travel (NL)","og_description":"Gemengde beuken- en sparrenbossen zijn overheersend in het gebied. Kale hellingen en richels zijn bedekt met kleine dennenbossen. In het park zijn er meer dan duizend soorten vaatplanten, waaronder endemische soorten, die nergens anders voorkomen, zoals de Pieniny-paardenbloem en de Pieniny-muurbloem. Er zijn hier ook veel diersoorten. Men ontmoet hier onder andere lynxen, ree\u00ebn, herten, [&hellip;]","og_url":"https:\/\/wp-nl.poland.travel\/pieninski-nationaal-park\/","og_site_name":"Polen Travel (NL)","article_published_time":"2025-04-03T18:40:56+00:00","article_modified_time":"2025-04-03T18:40:57+00:00","og_image":[{"width":1920,"height":412,"url":"https:\/\/wp-nl.poland.travel\/wp-content\/uploads\/sites\/23\/2022\/12\/PIENINY-MOUNTAINS-1920.jpg","type":"image\/jpeg"}],"twitter_card":"summary_large_image","twitter_misc":{"Napisane przez":"","Szacowany czas czytania":"2 minuty"},"schema":{"@context":"https:\/\/schema.org","@graph":[{"@type":"Article","@id":"https:\/\/wp-nl.poland.travel\/pieninski-nationaal-park\/#article","isPartOf":{"@id":"https:\/\/wp-nl.poland.travel\/pieninski-nationaal-park\/"},"author":{"name":"","@id":""},"headline":"Pieni\u0144ski Nationaal Park","datePublished":"2025-04-03T18:40:56+00:00","dateModified":"2025-04-03T18:40:57+00:00","mainEntityOfPage":{"@id":"https:\/\/wp-nl.poland.travel\/pieninski-nationaal-park\/"},"wordCount":171,"commentCount":0,"publisher":{"@id":"https:\/\/wp-nl.poland.travel\/#organization"},"image":{"@id":"https:\/\/wp-nl.poland.travel\/pieninski-nationaal-park\/#primaryimage"},"thumbnailUrl":"https:\/\/www.polen.travel\/nl\/wp-content\/uploads\/sites\/23\/2022\/12\/PIENINY-MOUNTAINS-1920.jpg","keywords":["bezoeken","natuur","nationale-parken"],"articleSection":["Nationale Parken"],"inLanguage":"pl-PL"},{"@type":"WebPage","@id":"https:\/\/wp-nl.poland.travel\/pieninski-nationaal-park\/","url":"https:\/\/wp-nl.poland.travel\/pieninski-nationaal-park\/","name":"Pieni\u0144ski Nationaal Park - Polen Travel (NL)","isPartOf":{"@id":"https:\/\/wp-nl.poland.travel\/#website"},"primaryImageOfPage":{"@id":"https:\/\/wp-nl.poland.travel\/pieninski-nationaal-park\/#primaryimage"},"image":{"@id":"https:\/\/wp-nl.poland.travel\/pieninski-nationaal-park\/#primaryimage"},"thumbnailUrl":"https:\/\/www.polen.travel\/nl\/wp-content\/uploads\/sites\/23\/2022\/12\/PIENINY-MOUNTAINS-1920.jpg","datePublished":"2025-04-03T18:40:56+00:00","dateModified":"2025-04-03T18:40:57+00:00","breadcrumb":{"@id":"https:\/\/wp-nl.poland.travel\/pieninski-nationaal-park\/#breadcrumb"},"inLanguage":"pl-PL","potentialAction":[{"@type":"ReadAction","target":["https:\/\/wp-nl.poland.travel\/pieninski-nationaal-park\/"]}]},{"@type":"ImageObject","inLanguage":"pl-PL","@id":"https:\/\/wp-nl.poland.travel\/pieninski-nationaal-park\/#primaryimage","url":"https:\/\/www.polen.travel\/nl\/wp-content\/uploads\/sites\/23\/2022\/12\/PIENINY-MOUNTAINS-1920.jpg","contentUrl":"https:\/\/www.polen.travel\/nl\/wp-content\/uploads\/sites\/23\/2022\/12\/PIENINY-MOUNTAINS-1920.jpg","width":1920,"height":412,"caption":"Prze\u0142om Dunajca w Pieninach."},{"@type":"BreadcrumbList","@id":"https:\/\/wp-nl.poland.travel\/pieninski-nationaal-park\/#breadcrumb","itemListElement":[{"@type":"ListItem","position":1,"name":"Home page","item":"https:\/\/www.polen.travel\/nl\/"},{"@type":"ListItem","position":2,"name":"Discover places","item":"https:\/\/wp-nl.poland.travel\/category\/discover-places\/"},{"@type":"ListItem","position":3,"name":"Nationale Parken","item":"https:\/\/wp-nl.poland.travel\/category\/discover-places\/nationale-parken\/"},{"@type":"ListItem","position":4,"name":"Pieni\u0144ski Nationaal Park"}]},{"@type":"WebSite","@id":"https:\/\/wp-nl.poland.travel\/#website","url":"https:\/\/wp-nl.poland.travel\/","name":"Polen Travel (NL)","description":"...","publisher":{"@id":"https:\/\/wp-nl.poland.travel\/#organization"},"potentialAction":[{"@type":"SearchAction","target":{"@type":"EntryPoint","urlTemplate":"https:\/\/wp-nl.poland.travel\/?s={search_term_string}"},"query-input":{"@type":"PropertyValueSpecification","valueRequired":true,"valueName":"search_term_string"}}],"inLanguage":"pl-PL"},{"@type":"Organization","@id":"https:\/\/wp-nl.poland.travel\/#organization","name":"Polen Travel (NL)","url":"https:\/\/wp-nl.poland.travel\/","logo":{"@type":"ImageObject","inLanguage":"pl-PL","@id":"https:\/\/wp-nl.poland.travel\/#\/schema\/logo\/image\/","url":"https:\/\/en-en.polska.travel\/wp-content\/uploads\/sites\/23\/2022\/11\/logo.svg","contentUrl":"https:\/\/en-en.polska.travel\/wp-content\/uploads\/sites\/23\/2022\/11\/logo.svg","width":198,"height":96,"caption":"Polen Travel (NL)"},"image":{"@id":"https:\/\/wp-nl.poland.travel\/#\/schema\/logo\/image\/"}},{"@type":"Person","@id":"","url":"https:\/\/www.polen.travel\/nl\/author\/"}]}},"_links":{"self":[{"href":"https:\/\/www.polen.travel\/nl\/wp-json\/wp\/v2\/posts\/31911","targetHints":{"allow":["GET"]}}],"collection":[{"href":"https:\/\/www.polen.travel\/nl\/wp-json\/wp\/v2\/posts"}],"about":[{"href":"https:\/\/www.polen.travel\/nl\/wp-json\/wp\/v2\/types\/post"}],"author":[{"embeddable":true,"href":"https:\/\/www.polen.travel\/nl\/wp-json\/wp\/v2\/users\/1"}],"replies":[{"embeddable":true,"href":"https:\/\/www.polen.travel\/nl\/wp-json\/wp\/v2\/comments?post=31911"}],"version-history":[{"count":3,"href":"https:\/\/www.polen.travel\/nl\/wp-json\/wp\/v2\/posts\/31911\/revisions"}],"predecessor-version":[{"id":33613,"href":"https:\/\/www.polen.travel\/nl\/wp-json\/wp\/v2\/posts\/31911\/revisions\/33613"}],"wp:featuredmedia":[{"embeddable":true,"href":"https:\/\/www.polen.travel\/nl\/wp-json\/wp\/v2\/media\/21198"}],"wp:attachment":[{"href":"https:\/\/www.polen.travel\/nl\/wp-json\/wp\/v2\/media?parent=31911"}],"wp:term":[{"taxonomy":"category","embeddable":true,"href":"https:\/\/www.polen.travel\/nl\/wp-json\/wp\/v2\/categories?post=31911"}],"curies":[{"name":"wp","href":"https:\/\/api.w.org\/{rel}","templated":true}]}}